{"id":3326,"date":"2020-12-14T20:46:07","date_gmt":"2020-12-14T20:46:07","guid":{"rendered":"https:\/\/www.actiontravel.com.ar\/blog_turismo\/?p=3326"},"modified":"2020-12-14T20:46:07","modified_gmt":"2020-12-14T20:46:07","slug":"el-placer-de-volver-a-viajar","status":"publish","type":"post","link":"https:\/\/turismo.actiontravel.com.ar\/blog\/el-placer-de-volver-a-viajar\/","title":{"rendered":"El placer de volver a viajar"},"content":{"rendered":"<h2><strong><a href=\"https:\/\/www.actiontravel.com.ar\/blog_turismo\/wp-content\/uploads\/2020\/11\/laura-adai-YBNtgVuSzIU-unsplash-scaled.jpg\"><img loading=\"lazy\" decoding=\"async\" class=\"aligncenter  wp-image-3346\" src=\"https:\/\/www.actiontravel.com.ar\/blog_turismo\/wp-content\/uploads\/2020\/11\/laura-adai-YBNtgVuSzIU-unsplash-scaled.jpg\" alt=\"\" width=\"719\" height=\"482\" srcset=\"https:\/\/turismo.actiontravel.com.ar\/blog\/wp-content\/uploads\/2020\/11\/laura-adai-YBNtgVuSzIU-unsplash-300x200.jpg 300w, https:\/\/turismo.actiontravel.com.ar\/blog\/wp-content\/uploads\/2020\/11\/laura-adai-YBNtgVuSzIU-unsplash-552x369.jpg 552w\" sizes=\"(max-width: 719px) 100vw, 719px\" \/><\/a>Gu\u00eda para un verano responsable<\/strong><\/h2>\n<p>Es momento de mirar el mapa de nuestro pa\u00eds y elegir ese destino que nos cautiva, ese lugar en el que dejar atr\u00e1s todo el estr\u00e9s del a\u00f1o, y volver a darle la cara a la naturaleza. Pero tambi\u00e9n, son tiempos de responsabilidad, de mirar alrededor, cuidar a los nuestros y ser conscientes de la nueva realidad.<\/p>\n<p>En esta nota te acercamos los consejos que figuran en los protocolos del Ministerio de Turismo y Deportes de la Naci\u00f3n, en conjunto con el sector tur\u00edstico, y de acuerdo a las indicaciones del Ministerio de Salud. El objetivo es disfrutar del pa\u00eds y de su gente, que nos espera.<\/p>\n<h2>Un verano en conexi\u00f3n<br class=\"d-none d-md-block\" \/>con la naturaleza<\/h2>\n<p class=\"destaca\">Luego de meses entre cuatro paredes, resguardados en la seguridad de nuestra casa, finalmente llega la hora de sacudirse la arena de los pies, de sentir la fuerza del viento patag\u00f3nico y ver a los animales en su h\u00e1bitat. Tambi\u00e9n se trata de probar la gastronom\u00eda local, los productos aut\u00f3ctonos y grabar esas postales en la retina para siempre.<\/p>\n<p>Por eso, el 2021 es el momento de vivir las vacaciones a cielo abierto, sumarse al ecoturismo, al turismo rural en destinos chicos y tambi\u00e9n es hora de subirse al auto y recorrer los Parques Nacionales o la Ruta Natural que impulsa el Ministerio de Turismo y Deportes.<\/p>\n<h3>A la playa, con responsabilidad<\/h3>\n<h3 class=\"destaca\">Solo se trata de cambiar algunos h\u00e1bitos, estar atentos y ser responsables.<\/h3>\n<p>Consult\u00e1 si hay alguna limitaci\u00f3n de acceso, aforo o permanencia. Es recomendable evitar entrar si est\u00e1 muy concurrida, ya que mantener la distancia de seguridad se hace dif\u00edcil.<br \/>\nLos balnearios (ya sean en la costa, r\u00edos, lagos, lagunas u otros) tambi\u00e9n tendr\u00e1n una capacidad m\u00e1xima de carpas y sombrillas, para garantizar el distanciamiento.<br \/>\nIntent\u00e1 no compartir alimentos y bebidas, toallas o protector solar. Ubic\u00e1 los objetos personales (toallas, reposeras y etc) de forma tal que cumplan con el distanciamiento es un gesto de respeto hacia los dem\u00e1s. Es importante elegir \u00fanicamente las duchas y lavapi\u00e9s al aire libre y usarlos de forma individual.<\/p>\n<h2>Del campo a la ciudad<\/h2>\n<p>Si eleg\u00eds disfrutar de un d\u00eda de campo, los protocolos recomiendan que los establecimientos determinen su capacidad m\u00e1xima, te ofrezcan elementos y utensillos desinfectados y armen la comida en kits si hacen una degustaci\u00f3n. Las actividades que utilicen monturas, arreos y lomeras, deber\u00e1n estar recubiertas con material que pueda desinfectarse.<\/p>\n<p>En visitas guiadas en museos, centros de interpretaci\u00f3n o \u00e1reas naturales protegidas, es importante establecer citas o reservas previas y estar atentos a los horarios, e informarse acerca del cupo m\u00e1ximo por visita y por sala o sector.<br \/>\n<img loading=\"lazy\" decoding=\"async\" class=\"alignleft\" src=\"https:\/\/swh.lanacion.com.ar\/contentlab\/2020\/11noviembre\/lugares-viaja\/turismo-responsable\/assets\/img\/mint_09.jpg\" width=\"298\" height=\"436\" \/><img loading=\"lazy\" decoding=\"async\" class=\"\" src=\"https:\/\/swh.lanacion.com.ar\/contentlab\/2020\/11noviembre\/lugares-viaja\/turismo-responsable\/assets\/img\/mint_10.jpg\" width=\"296\" height=\"436\" \/><\/p>\n<div class=\"row\">\n<div class=\"col-12 mb-4\">\n<h2>Qu\u00e9 tener en cuenta si sal\u00eds a comer?<\/h2>\n<p>Unas empanadas salte\u00f1as, una centolla fueguina, un surub\u00ed a la plancha o<br class=\"d-none d-lg-block\" \/>un cordero patag\u00f3nico, son delicias que podemos probar este verano si<br class=\"d-none d-lg-block\" \/>tenemos algunos cuidados.<\/p>\n<p><img loading=\"lazy\" decoding=\"async\" class=\"img-fluid alignleft\" src=\"https:\/\/swh.lanacion.com.ar\/contentlab\/2020\/11noviembre\/lugares-viaja\/turismo-responsable\/assets\/img\/mint_11.jpg\" width=\"346\" height=\"430\" \/><\/p>\n<div class=\"col-12 col-md-4\">\n<div class=\"contiene-desc\">\n<h5>Probablemente tengas que llamar y reservar antes<br \/>\nde ir.<br \/>\nNo compartas vasos, platos y cubiertos.<\/h5>\n<\/div>\n<\/div>\n<\/div>\n<\/div>\n<div class=\"row \">\n<div class=\"col-12 col-md-4\">\n<div class=\"contiene-desc\"><\/div>\n<\/div>\n<\/div>\n<div class=\"row\">\n<div class=\"col-12\"><\/div>\n<\/div>\n<p>&nbsp;<\/p>\n<p>&nbsp;<\/p>\n<p>&nbsp;<\/p>\n<p>&nbsp;<\/p>\n<p>&nbsp;<\/p>\n<p>&nbsp;<\/p>\n<p>&nbsp;<\/p>\n<p>&nbsp;<\/p>\n<p>&nbsp;<\/p>\n<blockquote>\n<h2>Con los cuidados necesarios, podremos seguir<br class=\"d-none d-lg-block\" \/>disfrutando de todos los destinos del pa\u00eds<\/h2>\n<\/blockquote>\n<p>Info<\/p>\n","protected":false},"excerpt":{"rendered":"<p class=\"post-excerpt\">Gu\u00eda para un verano responsable Es momento de mirar el mapa de nuestro pa\u00eds y elegir ese destino que nos&#8230;<\/p>\n","protected":false},"author":8,"featured_media":0,"comment_status":"open","ping_status":"open","sticky":false,"template":"","format":"standard","meta":{"_acf_changed":false,"footnotes":""},"categories":[57],"tags":[],"acf":[],"yoast_head":"<!-- This site is optimized with the Yoast SEO plugin v22.7 - https:\/\/yoast.com\/wordpress\/plugins\/seo\/ -->\n<title>El placer de volver a viajar - Blog Turismo | AT<\/title>\n<meta name=\"robots\" content=\"index, follow, max-snippet:-1, max-image-preview:large, max-video-preview:-1\" \/>\n<link rel=\"canonical\" href=\"https:\/\/turismo.actiontravel.com.ar\/blog\/el-placer-de-volver-a-viajar\/\" \/>\n<meta property=\"og:locale\" content=\"es_ES\" \/>\n<meta property=\"og:type\" content=\"article\" \/>\n<meta property=\"og:title\" content=\"El placer de volver a viajar - Blog Turismo | AT\" \/>\n<meta property=\"og:description\" content=\"Gu\u00eda para un verano responsable Es momento de mirar el mapa de nuestro pa\u00eds y elegir ese destino que nos...\" \/>\n<meta property=\"og:url\" content=\"https:\/\/turismo.actiontravel.com.ar\/blog\/el-placer-de-volver-a-viajar\/\" \/>\n<meta property=\"og:site_name\" content=\"Blog Turismo | AT\" \/>\n<meta property=\"article:publisher\" content=\"https:\/\/www.facebook.com\/ActionTravelArgentina\/\" \/>\n<meta property=\"article:published_time\" content=\"2020-12-14T20:46:07+00:00\" \/>\n<meta property=\"og:image\" content=\"https:\/\/www.actiontravel.com.ar\/blog_turismo\/wp-content\/uploads\/2020\/11\/laura-adai-YBNtgVuSzIU-unsplash-scaled.jpg\" \/>\n<meta name=\"author\" content=\"Belen Vallarino\" \/>\n<meta name=\"twitter:card\" content=\"summary_large_image\" \/>\n<meta name=\"twitter:label1\" content=\"Escrito por\" \/>\n\t<meta name=\"twitter:data1\" content=\"Belen Vallarino\" \/>\n\t<meta name=\"twitter:label2\" content=\"Tiempo de lectura\" \/>\n\t<meta name=\"twitter:data2\" content=\"3 minutos\" \/>\n<script type=\"application\/ld+json\" class=\"yoast-schema-graph\">{\"@context\":\"https:\/\/schema.org\",\"@graph\":[{\"@type\":\"Article\",\"@id\":\"https:\/\/turismo.actiontravel.com.ar\/blog\/el-placer-de-volver-a-viajar\/#article\",\"isPartOf\":{\"@id\":\"https:\/\/turismo.actiontravel.com.ar\/blog\/el-placer-de-volver-a-viajar\/\"},\"author\":{\"name\":\"Belen Vallarino\",\"@id\":\"https:\/\/turismo.actiontravel.com.ar\/blog\/#\/schema\/person\/37c54c3b1c6404d46833034d2ecc15f8\"},\"headline\":\"El placer de volver a viajar\",\"datePublished\":\"2020-12-14T20:46:07+00:00\",\"dateModified\":\"2020-12-14T20:46:07+00:00\",\"mainEntityOfPage\":{\"@id\":\"https:\/\/turismo.actiontravel.com.ar\/blog\/el-placer-de-volver-a-viajar\/\"},\"wordCount\":548,\"commentCount\":0,\"publisher\":{\"@id\":\"https:\/\/turismo.actiontravel.com.ar\/blog\/#organization\"},\"image\":{\"@id\":\"https:\/\/turismo.actiontravel.com.ar\/blog\/el-placer-de-volver-a-viajar\/#primaryimage\"},\"thumbnailUrl\":\"https:\/\/www.actiontravel.com.ar\/blog_turismo\/wp-content\/uploads\/2020\/11\/laura-adai-YBNtgVuSzIU-unsplash-scaled.jpg\",\"articleSection\":[\"Argentina\"],\"inLanguage\":\"es\",\"potentialAction\":[{\"@type\":\"CommentAction\",\"name\":\"Comment\",\"target\":[\"https:\/\/turismo.actiontravel.com.ar\/blog\/el-placer-de-volver-a-viajar\/#respond\"]}]},{\"@type\":\"WebPage\",\"@id\":\"https:\/\/turismo.actiontravel.com.ar\/blog\/el-placer-de-volver-a-viajar\/\",\"url\":\"https:\/\/turismo.actiontravel.com.ar\/blog\/el-placer-de-volver-a-viajar\/\",\"name\":\"El placer de volver a viajar - Blog Turismo | AT\",\"isPartOf\":{\"@id\":\"https:\/\/turismo.actiontravel.com.ar\/blog\/#website\"},\"primaryImageOfPage\":{\"@id\":\"https:\/\/turismo.actiontravel.com.ar\/blog\/el-placer-de-volver-a-viajar\/#primaryimage\"},\"image\":{\"@id\":\"https:\/\/turismo.actiontravel.com.ar\/blog\/el-placer-de-volver-a-viajar\/#primaryimage\"},\"thumbnailUrl\":\"https:\/\/www.actiontravel.com.ar\/blog_turismo\/wp-content\/uploads\/2020\/11\/laura-adai-YBNtgVuSzIU-unsplash-scaled.jpg\",\"datePublished\":\"2020-12-14T20:46:07+00:00\",\"dateModified\":\"2020-12-14T20:46:07+00:00\",\"breadcrumb\":{\"@id\":\"https:\/\/turismo.actiontravel.com.ar\/blog\/el-placer-de-volver-a-viajar\/#breadcrumb\"},\"inLanguage\":\"es\",\"potentialAction\":[{\"@type\":\"ReadAction\",\"target\":[\"https:\/\/turismo.actiontravel.com.ar\/blog\/el-placer-de-volver-a-viajar\/\"]}]},{\"@type\":\"ImageObject\",\"inLanguage\":\"es\",\"@id\":\"https:\/\/turismo.actiontravel.com.ar\/blog\/el-placer-de-volver-a-viajar\/#primaryimage\",\"url\":\"https:\/\/www.actiontravel.com.ar\/blog_turismo\/wp-content\/uploads\/2020\/11\/laura-adai-YBNtgVuSzIU-unsplash-scaled.jpg\",\"contentUrl\":\"https:\/\/www.actiontravel.com.ar\/blog_turismo\/wp-content\/uploads\/2020\/11\/laura-adai-YBNtgVuSzIU-unsplash-scaled.jpg\"},{\"@type\":\"BreadcrumbList\",\"@id\":\"https:\/\/turismo.actiontravel.com.ar\/blog\/el-placer-de-volver-a-viajar\/#breadcrumb\",\"itemListElement\":[{\"@type\":\"ListItem\",\"position\":1,\"name\":\"Portada\",\"item\":\"https:\/\/turismo.actiontravel.com.ar\/blog\/\"},{\"@type\":\"ListItem\",\"position\":2,\"name\":\"El placer de volver a viajar\"}]},{\"@type\":\"WebSite\",\"@id\":\"https:\/\/turismo.actiontravel.com.ar\/blog\/#website\",\"url\":\"https:\/\/turismo.actiontravel.com.ar\/blog\/\",\"name\":\"Blog Turismo | AT\",\"description\":\"Conoce las ultimas novedades de Turismo\",\"publisher\":{\"@id\":\"https:\/\/turismo.actiontravel.com.ar\/blog\/#organization\"},\"potentialAction\":[{\"@type\":\"SearchAction\",\"target\":{\"@type\":\"EntryPoint\",\"urlTemplate\":\"https:\/\/turismo.actiontravel.com.ar\/blog\/?s={search_term_string}\"},\"query-input\":\"required name=search_term_string\"}],\"inLanguage\":\"es\"},{\"@type\":\"Organization\",\"@id\":\"https:\/\/turismo.actiontravel.com.ar\/blog\/#organization\",\"name\":\"Action Travel\",\"url\":\"https:\/\/turismo.actiontravel.com.ar\/blog\/\",\"logo\":{\"@type\":\"ImageObject\",\"inLanguage\":\"es\",\"@id\":\"https:\/\/turismo.actiontravel.com.ar\/blog\/#\/schema\/logo\/image\/\",\"url\":\"https:\/\/turismo.actiontravel.com.ar\/blog\/wp-content\/uploads\/2023\/06\/50-Turismo-blanco.png\",\"contentUrl\":\"https:\/\/turismo.actiontravel.com.ar\/blog\/wp-content\/uploads\/2023\/06\/50-Turismo-blanco.png\",\"width\":300,\"height\":52,\"caption\":\"Action Travel\"},\"image\":{\"@id\":\"https:\/\/turismo.actiontravel.com.ar\/blog\/#\/schema\/logo\/image\/\"},\"sameAs\":[\"https:\/\/www.facebook.com\/ActionTravelArgentina\/\"]},{\"@type\":\"Person\",\"@id\":\"https:\/\/turismo.actiontravel.com.ar\/blog\/#\/schema\/person\/37c54c3b1c6404d46833034d2ecc15f8\",\"name\":\"Belen Vallarino\",\"image\":{\"@type\":\"ImageObject\",\"inLanguage\":\"es\",\"@id\":\"https:\/\/turismo.actiontravel.com.ar\/blog\/#\/schema\/person\/image\/\",\"url\":\"https:\/\/secure.gravatar.com\/avatar\/50b700d094e5888fbb0e874654bb21e1?s=96&d=mm&r=g\",\"contentUrl\":\"https:\/\/secure.gravatar.com\/avatar\/50b700d094e5888fbb0e874654bb21e1?s=96&d=mm&r=g\",\"caption\":\"Belen Vallarino\"},\"url\":\"https:\/\/turismo.actiontravel.com.ar\/blog\/author\/bvallarino\/\"}]}<\/script>\n<!-- \/ Yoast SEO plugin. -->","yoast_head_json":{"title":"El placer de volver a viajar - Blog Turismo | AT","robots":{"index":"index","follow":"follow","max-snippet":"max-snippet:-1","max-image-preview":"max-image-preview:large","max-video-preview":"max-video-preview:-1"},"canonical":"https:\/\/turismo.actiontravel.com.ar\/blog\/el-placer-de-volver-a-viajar\/","og_locale":"es_ES","og_type":"article","og_title":"El placer de volver a viajar - Blog Turismo | AT","og_description":"Gu\u00eda para un verano responsable Es momento de mirar el mapa de nuestro pa\u00eds y elegir ese destino que nos...","og_url":"https:\/\/turismo.actiontravel.com.ar\/blog\/el-placer-de-volver-a-viajar\/","og_site_name":"Blog Turismo | AT","article_publisher":"https:\/\/www.facebook.com\/ActionTravelArgentina\/","article_published_time":"2020-12-14T20:46:07+00:00","og_image":[{"url":"https:\/\/www.actiontravel.com.ar\/blog_turismo\/wp-content\/uploads\/2020\/11\/laura-adai-YBNtgVuSzIU-unsplash-scaled.jpg"}],"author":"Belen Vallarino","twitter_card":"summary_large_image","twitter_misc":{"Escrito por":"Belen Vallarino","Tiempo de lectura":"3 minutos"},"schema":{"@context":"https:\/\/schema.org","@graph":[{"@type":"Article","@id":"https:\/\/turismo.actiontravel.com.ar\/blog\/el-placer-de-volver-a-viajar\/#article","isPartOf":{"@id":"https:\/\/turismo.actiontravel.com.ar\/blog\/el-placer-de-volver-a-viajar\/"},"author":{"name":"Belen Vallarino","@id":"https:\/\/turismo.actiontravel.com.ar\/blog\/#\/schema\/person\/37c54c3b1c6404d46833034d2ecc15f8"},"headline":"El placer de volver a viajar","datePublished":"2020-12-14T20:46:07+00:00","dateModified":"2020-12-14T20:46:07+00:00","mainEntityOfPage":{"@id":"https:\/\/turismo.actiontravel.com.ar\/blog\/el-placer-de-volver-a-viajar\/"},"wordCount":548,"commentCount":0,"publisher":{"@id":"https:\/\/turismo.actiontravel.com.ar\/blog\/#organization"},"image":{"@id":"https:\/\/turismo.actiontravel.com.ar\/blog\/el-placer-de-volver-a-viajar\/#primaryimage"},"thumbnailUrl":"https:\/\/www.actiontravel.com.ar\/blog_turismo\/wp-content\/uploads\/2020\/11\/laura-adai-YBNtgVuSzIU-unsplash-scaled.jpg","articleSection":["Argentina"],"inLanguage":"es","potentialAction":[{"@type":"CommentAction","name":"Comment","target":["https:\/\/turismo.actiontravel.com.ar\/blog\/el-placer-de-volver-a-viajar\/#respond"]}]},{"@type":"WebPage","@id":"https:\/\/turismo.actiontravel.com.ar\/blog\/el-placer-de-volver-a-viajar\/","url":"https:\/\/turismo.actiontravel.com.ar\/blog\/el-placer-de-volver-a-viajar\/","name":"El placer de volver a viajar - Blog Turismo | AT","isPartOf":{"@id":"https:\/\/turismo.actiontravel.com.ar\/blog\/#website"},"primaryImageOfPage":{"@id":"https:\/\/turismo.actiontravel.com.ar\/blog\/el-placer-de-volver-a-viajar\/#primaryimage"},"image":{"@id":"https:\/\/turismo.actiontravel.com.ar\/blog\/el-placer-de-volver-a-viajar\/#primaryimage"},"thumbnailUrl":"https:\/\/www.actiontravel.com.ar\/blog_turismo\/wp-content\/uploads\/2020\/11\/laura-adai-YBNtgVuSzIU-unsplash-scaled.jpg","datePublished":"2020-12-14T20:46:07+00:00","dateModified":"2020-12-14T20:46:07+00:00","breadcrumb":{"@id":"https:\/\/turismo.actiontravel.com.ar\/blog\/el-placer-de-volver-a-viajar\/#breadcrumb"},"inLanguage":"es","potentialAction":[{"@type":"ReadAction","target":["https:\/\/turismo.actiontravel.com.ar\/blog\/el-placer-de-volver-a-viajar\/"]}]},{"@type":"ImageObject","inLanguage":"es","@id":"https:\/\/turismo.actiontravel.com.ar\/blog\/el-placer-de-volver-a-viajar\/#primaryimage","url":"https:\/\/www.actiontravel.com.ar\/blog_turismo\/wp-content\/uploads\/2020\/11\/laura-adai-YBNtgVuSzIU-unsplash-scaled.jpg","contentUrl":"https:\/\/www.actiontravel.com.ar\/blog_turismo\/wp-content\/uploads\/2020\/11\/laura-adai-YBNtgVuSzIU-unsplash-scaled.jpg"},{"@type":"BreadcrumbList","@id":"https:\/\/turismo.actiontravel.com.ar\/blog\/el-placer-de-volver-a-viajar\/#breadcrumb","itemListElement":[{"@type":"ListItem","position":1,"name":"Portada","item":"https:\/\/turismo.actiontravel.com.ar\/blog\/"},{"@type":"ListItem","position":2,"name":"El placer de volver a viajar"}]},{"@type":"WebSite","@id":"https:\/\/turismo.actiontravel.com.ar\/blog\/#website","url":"https:\/\/turismo.actiontravel.com.ar\/blog\/","name":"Blog Turismo | AT","description":"Conoce las ultimas novedades de Turismo","publisher":{"@id":"https:\/\/turismo.actiontravel.com.ar\/blog\/#organization"},"potentialAction":[{"@type":"SearchAction","target":{"@type":"EntryPoint","urlTemplate":"https:\/\/turismo.actiontravel.com.ar\/blog\/?s={search_term_string}"},"query-input":"required name=search_term_string"}],"inLanguage":"es"},{"@type":"Organization","@id":"https:\/\/turismo.actiontravel.com.ar\/blog\/#organization","name":"Action Travel","url":"https:\/\/turismo.actiontravel.com.ar\/blog\/","logo":{"@type":"ImageObject","inLanguage":"es","@id":"https:\/\/turismo.actiontravel.com.ar\/blog\/#\/schema\/logo\/image\/","url":"https:\/\/turismo.actiontravel.com.ar\/blog\/wp-content\/uploads\/2023\/06\/50-Turismo-blanco.png","contentUrl":"https:\/\/turismo.actiontravel.com.ar\/blog\/wp-content\/uploads\/2023\/06\/50-Turismo-blanco.png","width":300,"height":52,"caption":"Action Travel"},"image":{"@id":"https:\/\/turismo.actiontravel.com.ar\/blog\/#\/schema\/logo\/image\/"},"sameAs":["https:\/\/www.facebook.com\/ActionTravelArgentina\/"]},{"@type":"Person","@id":"https:\/\/turismo.actiontravel.com.ar\/blog\/#\/schema\/person\/37c54c3b1c6404d46833034d2ecc15f8","name":"Belen Vallarino","image":{"@type":"ImageObject","inLanguage":"es","@id":"https:\/\/turismo.actiontravel.com.ar\/blog\/#\/schema\/person\/image\/","url":"https:\/\/secure.gravatar.com\/avatar\/50b700d094e5888fbb0e874654bb21e1?s=96&d=mm&r=g","contentUrl":"https:\/\/secure.gravatar.com\/avatar\/50b700d094e5888fbb0e874654bb21e1?s=96&d=mm&r=g","caption":"Belen Vallarino"},"url":"https:\/\/turismo.actiontravel.com.ar\/blog\/author\/bvallarino\/"}]}},"_links":{"self":[{"href":"https:\/\/turismo.actiontravel.com.ar\/blog\/wp-json\/wp\/v2\/posts\/3326"}],"collection":[{"href":"https:\/\/turismo.actiontravel.com.ar\/blog\/wp-json\/wp\/v2\/posts"}],"about":[{"href":"https:\/\/turismo.actiontravel.com.ar\/blog\/wp-json\/wp\/v2\/types\/post"}],"author":[{"embeddable":true,"href":"https:\/\/turismo.actiontravel.com.ar\/blog\/wp-json\/wp\/v2\/users\/8"}],"replies":[{"embeddable":true,"href":"https:\/\/turismo.actiontravel.com.ar\/blog\/wp-json\/wp\/v2\/comments?post=3326"}],"version-history":[{"count":14,"href":"https:\/\/turismo.actiontravel.com.ar\/blog\/wp-json\/wp\/v2\/posts\/3326\/revisions"}],"predecessor-version":[{"id":3347,"href":"https:\/\/turismo.actiontravel.com.ar\/blog\/wp-json\/wp\/v2\/posts\/3326\/revisions\/3347"}],"wp:attachment":[{"href":"https:\/\/turismo.actiontravel.com.ar\/blog\/wp-json\/wp\/v2\/media?parent=3326"}],"wp:term":[{"taxonomy":"category","embeddable":true,"href":"https:\/\/turismo.actiontravel.com.ar\/blog\/wp-json\/wp\/v2\/categories?post=3326"},{"taxonomy":"post_tag","embeddable":true,"href":"https:\/\/turismo.actiontravel.com.ar\/blog\/wp-json\/wp\/v2\/tags?post=3326"}],"curies":[{"name":"wp","href":"https:\/\/api.w.org\/{rel}","templated":true}]}}