{"id":4050,"date":"2022-06-07T12:34:33","date_gmt":"2022-06-07T12:34:33","guid":{"rendered":"https:\/\/www.actiontravel.com.ar\/blog_turismo\/?p=4050"},"modified":"2023-06-30T13:58:25","modified_gmt":"2023-06-30T16:58:25","slug":"cerro-castor-anuncia-la-apertura-de-la-temporada-de-invierno-2022","status":"publish","type":"post","link":"https:\/\/turismo.actiontravel.com.ar\/blog\/cerro-castor-anuncia-la-apertura-de-la-temporada-de-invierno-2022\/","title":{"rendered":"Cerro Castor anuncia la apertura de la temporada de invierno 2022"},"content":{"rendered":"<h5>Adem\u00e1s de poder\u00a0adquirir la preventa de pases y alquiler de equipos de forma online, el centro\u00a0invernal m\u00e1s\u00a0austral de mundo incorpora un nuevo Teleski y una pista de dificultad negra de 1.800 metros de longitud<\/h5>\n<p><img decoding=\"async\" class=\"aligncenter\" src=\"https:\/\/www.clarin.com\/img\/2021\/09\/04\/cerro-castor-ideal-para-los___dKwm5oH2n_720x0__1.jpg\" alt=\"Entre la nieve y los turistas, Cerro Castor vive una de sus mejores temporadas de invierno\" \/><\/p>\n<div class=\"cuerpo ff-arial fw-300 fs-16 lh-24\">\n<p>Ubicado a tan solo 26 km de Ushuaia, Cerro Castor ofrece las mejores condiciones para disfrutar m\u00faltiples opciones de deportes de invierno y entretenimiento: 35 pistas con diferentes niveles de dificultad, 12 medios de elevaci\u00f3n, el snowpark m\u00e1s grande de Sudam\u00e9rica, 1 circuito de ski cross, 1 \u00e1rea para principiantes y fuera de pista, todo en un predio de m\u00e1s de 650 hect\u00e1reas esquiables. Adem\u00e1s, tiene una pista de patinaje sobre hielo, un circuito de esqu\u00ed de fondo y cuenta con una amplia red de nieve artificial,\u00a0garantizando nieve hasta la base del complejo durante toda la temporada.\u00a0Su sistema de fabricaci\u00f3n de nieve es el m\u00e1s grande de Sudam\u00e9rica y permite cubrir el 30% de la monta\u00f1a a partir de dicho sistema.<\/p>\n<\/div>\n<hr \/>\n<p>&nbsp;<\/p>\n<div class=\"ff-arial fw-900 fs-20 lh-24 ls-1\">\u00bfTe\u00a0 gusto la nota? \u00a1Compartila!<\/div>\n","protected":false},"excerpt":{"rendered":"<p class=\"post-excerpt\">Adem\u00e1s de poder\u00a0adquirir la preventa de pases y alquiler de equipos de forma online, el centro\u00a0invernal m\u00e1s\u00a0austral de mundo incorpora&#8230;<\/p>\n","protected":false},"author":1,"featured_media":4579,"comment_status":"open","ping_status":"open","sticky":false,"template":"","format":"standard","meta":{"_acf_changed":false,"footnotes":""},"categories":[57,32],"tags":[124,126,125,123],"acf":[],"yoast_head":"<!-- This site is optimized with the Yoast SEO plugin v22.7 - https:\/\/yoast.com\/wordpress\/plugins\/seo\/ -->\n<title>Cerro Castor anuncia la apertura de la temporada de invierno 2022 - Blog Turismo | AT<\/title>\n<meta name=\"robots\" content=\"index, follow, max-snippet:-1, max-image-preview:large, max-video-preview:-1\" \/>\n<link rel=\"canonical\" href=\"https:\/\/turismo.actiontravel.com.ar\/blog\/cerro-castor-anuncia-la-apertura-de-la-temporada-de-invierno-2022\/\" \/>\n<meta property=\"og:locale\" content=\"es_ES\" \/>\n<meta property=\"og:type\" content=\"article\" \/>\n<meta property=\"og:title\" content=\"Cerro Castor anuncia la apertura de la temporada de invierno 2022 - Blog Turismo | AT\" \/>\n<meta property=\"og:description\" content=\"Adem\u00e1s de poder\u00a0adquirir la preventa de pases y alquiler de equipos de forma online, el centro\u00a0invernal m\u00e1s\u00a0austral de mundo incorpora...\" \/>\n<meta property=\"og:url\" content=\"https:\/\/turismo.actiontravel.com.ar\/blog\/cerro-castor-anuncia-la-apertura-de-la-temporada-de-invierno-2022\/\" \/>\n<meta property=\"og:site_name\" content=\"Blog Turismo | AT\" \/>\n<meta property=\"article:publisher\" content=\"https:\/\/www.facebook.com\/ActionTravelArgentina\/\" \/>\n<meta property=\"article:published_time\" content=\"2022-06-07T12:34:33+00:00\" \/>\n<meta property=\"article:modified_time\" content=\"2023-06-30T16:58:25+00:00\" \/>\n<meta property=\"og:image\" content=\"https:\/\/turismo.actiontravel.com.ar\/blog\/wp-content\/uploads\/2022\/06\/cerro-castor-ideal-para-los___dKwm5oH2n_720x0__1.jpg\" \/>\n\t<meta property=\"og:image:width\" content=\"720\" \/>\n\t<meta property=\"og:image:height\" content=\"480\" \/>\n\t<meta property=\"og:image:type\" content=\"image\/jpeg\" \/>\n<meta name=\"twitter:card\" content=\"summary_large_image\" \/>\n<meta name=\"twitter:label1\" content=\"Escrito por\" \/>\n\t<meta name=\"twitter:data1\" content=\"\" \/>\n\t<meta name=\"twitter:label2\" content=\"Tiempo de lectura\" \/>\n\t<meta name=\"twitter:data2\" content=\"1 minuto\" \/>\n<script type=\"application\/ld+json\" class=\"yoast-schema-graph\">{\"@context\":\"https:\/\/schema.org\",\"@graph\":[{\"@type\":\"Article\",\"@id\":\"https:\/\/turismo.actiontravel.com.ar\/blog\/cerro-castor-anuncia-la-apertura-de-la-temporada-de-invierno-2022\/#article\",\"isPartOf\":{\"@id\":\"https:\/\/turismo.actiontravel.com.ar\/blog\/cerro-castor-anuncia-la-apertura-de-la-temporada-de-invierno-2022\/\"},\"author\":{\"name\":\"\",\"@id\":\"\"},\"headline\":\"Cerro Castor anuncia la apertura de la temporada de invierno 2022\",\"datePublished\":\"2022-06-07T12:34:33+00:00\",\"dateModified\":\"2023-06-30T16:58:25+00:00\",\"mainEntityOfPage\":{\"@id\":\"https:\/\/turismo.actiontravel.com.ar\/blog\/cerro-castor-anuncia-la-apertura-de-la-temporada-de-invierno-2022\/\"},\"wordCount\":181,\"commentCount\":0,\"publisher\":{\"@id\":\"https:\/\/turismo.actiontravel.com.ar\/blog\/#organization\"},\"image\":{\"@id\":\"https:\/\/turismo.actiontravel.com.ar\/blog\/cerro-castor-anuncia-la-apertura-de-la-temporada-de-invierno-2022\/#primaryimage\"},\"thumbnailUrl\":\"https:\/\/turismo.actiontravel.com.ar\/blog\/wp-content\/uploads\/2022\/06\/cerro-castor-ideal-para-los___dKwm5oH2n_720x0__1.jpg\",\"keywords\":[\"#cerrocastor\",\"#patagonia\",\"#ski\",\"#ushuahia\"],\"articleSection\":[\"Argentina\",\"Ski\"],\"inLanguage\":\"es\",\"potentialAction\":[{\"@type\":\"CommentAction\",\"name\":\"Comment\",\"target\":[\"https:\/\/turismo.actiontravel.com.ar\/blog\/cerro-castor-anuncia-la-apertura-de-la-temporada-de-invierno-2022\/#respond\"]}]},{\"@type\":\"WebPage\",\"@id\":\"https:\/\/turismo.actiontravel.com.ar\/blog\/cerro-castor-anuncia-la-apertura-de-la-temporada-de-invierno-2022\/\",\"url\":\"https:\/\/turismo.actiontravel.com.ar\/blog\/cerro-castor-anuncia-la-apertura-de-la-temporada-de-invierno-2022\/\",\"name\":\"Cerro Castor anuncia la apertura de la temporada de invierno 2022 - Blog Turismo | AT\",\"isPartOf\":{\"@id\":\"https:\/\/turismo.actiontravel.com.ar\/blog\/#website\"},\"primaryImageOfPage\":{\"@id\":\"https:\/\/turismo.actiontravel.com.ar\/blog\/cerro-castor-anuncia-la-apertura-de-la-temporada-de-invierno-2022\/#primaryimage\"},\"image\":{\"@id\":\"https:\/\/turismo.actiontravel.com.ar\/blog\/cerro-castor-anuncia-la-apertura-de-la-temporada-de-invierno-2022\/#primaryimage\"},\"thumbnailUrl\":\"https:\/\/turismo.actiontravel.com.ar\/blog\/wp-content\/uploads\/2022\/06\/cerro-castor-ideal-para-los___dKwm5oH2n_720x0__1.jpg\",\"datePublished\":\"2022-06-07T12:34:33+00:00\",\"dateModified\":\"2023-06-30T16:58:25+00:00\",\"breadcrumb\":{\"@id\":\"https:\/\/turismo.actiontravel.com.ar\/blog\/cerro-castor-anuncia-la-apertura-de-la-temporada-de-invierno-2022\/#breadcrumb\"},\"inLanguage\":\"es\",\"potentialAction\":[{\"@type\":\"ReadAction\",\"target\":[\"https:\/\/turismo.actiontravel.com.ar\/blog\/cerro-castor-anuncia-la-apertura-de-la-temporada-de-invierno-2022\/\"]}]},{\"@type\":\"ImageObject\",\"inLanguage\":\"es\",\"@id\":\"https:\/\/turismo.actiontravel.com.ar\/blog\/cerro-castor-anuncia-la-apertura-de-la-temporada-de-invierno-2022\/#primaryimage\",\"url\":\"https:\/\/turismo.actiontravel.com.ar\/blog\/wp-content\/uploads\/2022\/06\/cerro-castor-ideal-para-los___dKwm5oH2n_720x0__1.jpg\",\"contentUrl\":\"https:\/\/turismo.actiontravel.com.ar\/blog\/wp-content\/uploads\/2022\/06\/cerro-castor-ideal-para-los___dKwm5oH2n_720x0__1.jpg\",\"width\":720,\"height\":480},{\"@type\":\"BreadcrumbList\",\"@id\":\"https:\/\/turismo.actiontravel.com.ar\/blog\/cerro-castor-anuncia-la-apertura-de-la-temporada-de-invierno-2022\/#breadcrumb\",\"itemListElement\":[{\"@type\":\"ListItem\",\"position\":1,\"name\":\"Portada\",\"item\":\"https:\/\/turismo.actiontravel.com.ar\/blog\/\"},{\"@type\":\"ListItem\",\"position\":2,\"name\":\"Cerro Castor anuncia la apertura de la temporada de invierno 2022\"}]},{\"@type\":\"WebSite\",\"@id\":\"https:\/\/turismo.actiontravel.com.ar\/blog\/#website\",\"url\":\"https:\/\/turismo.actiontravel.com.ar\/blog\/\",\"name\":\"Blog Turismo | AT\",\"description\":\"Conoce las ultimas novedades de Turismo\",\"publisher\":{\"@id\":\"https:\/\/turismo.actiontravel.com.ar\/blog\/#organization\"},\"potentialAction\":[{\"@type\":\"SearchAction\",\"target\":{\"@type\":\"EntryPoint\",\"urlTemplate\":\"https:\/\/turismo.actiontravel.com.ar\/blog\/?s={search_term_string}\"},\"query-input\":\"required name=search_term_string\"}],\"inLanguage\":\"es\"},{\"@type\":\"Organization\",\"@id\":\"https:\/\/turismo.actiontravel.com.ar\/blog\/#organization\",\"name\":\"Action Travel\",\"url\":\"https:\/\/turismo.actiontravel.com.ar\/blog\/\",\"logo\":{\"@type\":\"ImageObject\",\"inLanguage\":\"es\",\"@id\":\"https:\/\/turismo.actiontravel.com.ar\/blog\/#\/schema\/logo\/image\/\",\"url\":\"https:\/\/turismo.actiontravel.com.ar\/blog\/wp-content\/uploads\/2023\/06\/50-Turismo-blanco.png\",\"contentUrl\":\"https:\/\/turismo.actiontravel.com.ar\/blog\/wp-content\/uploads\/2023\/06\/50-Turismo-blanco.png\",\"width\":300,\"height\":52,\"caption\":\"Action Travel\"},\"image\":{\"@id\":\"https:\/\/turismo.actiontravel.com.ar\/blog\/#\/schema\/logo\/image\/\"},\"sameAs\":[\"https:\/\/www.facebook.com\/ActionTravelArgentina\/\"]},{\"@type\":\"Person\",\"@id\":\"\",\"url\":\"https:\/\/turismo.actiontravel.com.ar\/blog\/author\/\"}]}<\/script>\n<!-- \/ Yoast SEO plugin. -->","yoast_head_json":{"title":"Cerro Castor anuncia la apertura de la temporada de invierno 2022 - Blog Turismo | AT","robots":{"index":"index","follow":"follow","max-snippet":"max-snippet:-1","max-image-preview":"max-image-preview:large","max-video-preview":"max-video-preview:-1"},"canonical":"https:\/\/turismo.actiontravel.com.ar\/blog\/cerro-castor-anuncia-la-apertura-de-la-temporada-de-invierno-2022\/","og_locale":"es_ES","og_type":"article","og_title":"Cerro Castor anuncia la apertura de la temporada de invierno 2022 - Blog Turismo | AT","og_description":"Adem\u00e1s de poder\u00a0adquirir la preventa de pases y alquiler de equipos de forma online, el centro\u00a0invernal m\u00e1s\u00a0austral de mundo incorpora...","og_url":"https:\/\/turismo.actiontravel.com.ar\/blog\/cerro-castor-anuncia-la-apertura-de-la-temporada-de-invierno-2022\/","og_site_name":"Blog Turismo | AT","article_publisher":"https:\/\/www.facebook.com\/ActionTravelArgentina\/","article_published_time":"2022-06-07T12:34:33+00:00","article_modified_time":"2023-06-30T16:58:25+00:00","og_image":[{"width":720,"height":480,"url":"https:\/\/turismo.actiontravel.com.ar\/blog\/wp-content\/uploads\/2022\/06\/cerro-castor-ideal-para-los___dKwm5oH2n_720x0__1.jpg","type":"image\/jpeg"}],"twitter_card":"summary_large_image","twitter_misc":{"Escrito por":"","Tiempo de lectura":"1 minuto"},"schema":{"@context":"https:\/\/schema.org","@graph":[{"@type":"Article","@id":"https:\/\/turismo.actiontravel.com.ar\/blog\/cerro-castor-anuncia-la-apertura-de-la-temporada-de-invierno-2022\/#article","isPartOf":{"@id":"https:\/\/turismo.actiontravel.com.ar\/blog\/cerro-castor-anuncia-la-apertura-de-la-temporada-de-invierno-2022\/"},"author":{"name":"","@id":""},"headline":"Cerro Castor anuncia la apertura de la temporada de invierno 2022","datePublished":"2022-06-07T12:34:33+00:00","dateModified":"2023-06-30T16:58:25+00:00","mainEntityOfPage":{"@id":"https:\/\/turismo.actiontravel.com.ar\/blog\/cerro-castor-anuncia-la-apertura-de-la-temporada-de-invierno-2022\/"},"wordCount":181,"commentCount":0,"publisher":{"@id":"https:\/\/turismo.actiontravel.com.ar\/blog\/#organization"},"image":{"@id":"https:\/\/turismo.actiontravel.com.ar\/blog\/cerro-castor-anuncia-la-apertura-de-la-temporada-de-invierno-2022\/#primaryimage"},"thumbnailUrl":"https:\/\/turismo.actiontravel.com.ar\/blog\/wp-content\/uploads\/2022\/06\/cerro-castor-ideal-para-los___dKwm5oH2n_720x0__1.jpg","keywords":["#cerrocastor","#patagonia","#ski","#ushuahia"],"articleSection":["Argentina","Ski"],"inLanguage":"es","potentialAction":[{"@type":"CommentAction","name":"Comment","target":["https:\/\/turismo.actiontravel.com.ar\/blog\/cerro-castor-anuncia-la-apertura-de-la-temporada-de-invierno-2022\/#respond"]}]},{"@type":"WebPage","@id":"https:\/\/turismo.actiontravel.com.ar\/blog\/cerro-castor-anuncia-la-apertura-de-la-temporada-de-invierno-2022\/","url":"https:\/\/turismo.actiontravel.com.ar\/blog\/cerro-castor-anuncia-la-apertura-de-la-temporada-de-invierno-2022\/","name":"Cerro Castor anuncia la apertura de la temporada de invierno 2022 - Blog Turismo | AT","isPartOf":{"@id":"https:\/\/turismo.actiontravel.com.ar\/blog\/#website"},"primaryImageOfPage":{"@id":"https:\/\/turismo.actiontravel.com.ar\/blog\/cerro-castor-anuncia-la-apertura-de-la-temporada-de-invierno-2022\/#primaryimage"},"image":{"@id":"https:\/\/turismo.actiontravel.com.ar\/blog\/cerro-castor-anuncia-la-apertura-de-la-temporada-de-invierno-2022\/#primaryimage"},"thumbnailUrl":"https:\/\/turismo.actiontravel.com.ar\/blog\/wp-content\/uploads\/2022\/06\/cerro-castor-ideal-para-los___dKwm5oH2n_720x0__1.jpg","datePublished":"2022-06-07T12:34:33+00:00","dateModified":"2023-06-30T16:58:25+00:00","breadcrumb":{"@id":"https:\/\/turismo.actiontravel.com.ar\/blog\/cerro-castor-anuncia-la-apertura-de-la-temporada-de-invierno-2022\/#breadcrumb"},"inLanguage":"es","potentialAction":[{"@type":"ReadAction","target":["https:\/\/turismo.actiontravel.com.ar\/blog\/cerro-castor-anuncia-la-apertura-de-la-temporada-de-invierno-2022\/"]}]},{"@type":"ImageObject","inLanguage":"es","@id":"https:\/\/turismo.actiontravel.com.ar\/blog\/cerro-castor-anuncia-la-apertura-de-la-temporada-de-invierno-2022\/#primaryimage","url":"https:\/\/turismo.actiontravel.com.ar\/blog\/wp-content\/uploads\/2022\/06\/cerro-castor-ideal-para-los___dKwm5oH2n_720x0__1.jpg","contentUrl":"https:\/\/turismo.actiontravel.com.ar\/blog\/wp-content\/uploads\/2022\/06\/cerro-castor-ideal-para-los___dKwm5oH2n_720x0__1.jpg","width":720,"height":480},{"@type":"BreadcrumbList","@id":"https:\/\/turismo.actiontravel.com.ar\/blog\/cerro-castor-anuncia-la-apertura-de-la-temporada-de-invierno-2022\/#breadcrumb","itemListElement":[{"@type":"ListItem","position":1,"name":"Portada","item":"https:\/\/turismo.actiontravel.com.ar\/blog\/"},{"@type":"ListItem","position":2,"name":"Cerro Castor anuncia la apertura de la temporada de invierno 2022"}]},{"@type":"WebSite","@id":"https:\/\/turismo.actiontravel.com.ar\/blog\/#website","url":"https:\/\/turismo.actiontravel.com.ar\/blog\/","name":"Blog Turismo | AT","description":"Conoce las ultimas novedades de Turismo","publisher":{"@id":"https:\/\/turismo.actiontravel.com.ar\/blog\/#organization"},"potentialAction":[{"@type":"SearchAction","target":{"@type":"EntryPoint","urlTemplate":"https:\/\/turismo.actiontravel.com.ar\/blog\/?s={search_term_string}"},"query-input":"required name=search_term_string"}],"inLanguage":"es"},{"@type":"Organization","@id":"https:\/\/turismo.actiontravel.com.ar\/blog\/#organization","name":"Action Travel","url":"https:\/\/turismo.actiontravel.com.ar\/blog\/","logo":{"@type":"ImageObject","inLanguage":"es","@id":"https:\/\/turismo.actiontravel.com.ar\/blog\/#\/schema\/logo\/image\/","url":"https:\/\/turismo.actiontravel.com.ar\/blog\/wp-content\/uploads\/2023\/06\/50-Turismo-blanco.png","contentUrl":"https:\/\/turismo.actiontravel.com.ar\/blog\/wp-content\/uploads\/2023\/06\/50-Turismo-blanco.png","width":300,"height":52,"caption":"Action Travel"},"image":{"@id":"https:\/\/turismo.actiontravel.com.ar\/blog\/#\/schema\/logo\/image\/"},"sameAs":["https:\/\/www.facebook.com\/ActionTravelArgentina\/"]},{"@type":"Person","@id":"","url":"https:\/\/turismo.actiontravel.com.ar\/blog\/author\/"}]}},"_links":{"self":[{"href":"https:\/\/turismo.actiontravel.com.ar\/blog\/wp-json\/wp\/v2\/posts\/4050"}],"collection":[{"href":"https:\/\/turismo.actiontravel.com.ar\/blog\/wp-json\/wp\/v2\/posts"}],"about":[{"href":"https:\/\/turismo.actiontravel.com.ar\/blog\/wp-json\/wp\/v2\/types\/post"}],"author":[{"embeddable":true,"href":"https:\/\/turismo.actiontravel.com.ar\/blog\/wp-json\/wp\/v2\/users\/1"}],"replies":[{"embeddable":true,"href":"https:\/\/turismo.actiontravel.com.ar\/blog\/wp-json\/wp\/v2\/comments?post=4050"}],"version-history":[{"count":1,"href":"https:\/\/turismo.actiontravel.com.ar\/blog\/wp-json\/wp\/v2\/posts\/4050\/revisions"}],"predecessor-version":[{"id":4053,"href":"https:\/\/turismo.actiontravel.com.ar\/blog\/wp-json\/wp\/v2\/posts\/4050\/revisions\/4053"}],"wp:featuredmedia":[{"embeddable":true,"href":"https:\/\/turismo.actiontravel.com.ar\/blog\/wp-json\/wp\/v2\/media\/4579"}],"wp:attachment":[{"href":"https:\/\/turismo.actiontravel.com.ar\/blog\/wp-json\/wp\/v2\/media?parent=4050"}],"wp:term":[{"taxonomy":"category","embeddable":true,"href":"https:\/\/turismo.actiontravel.com.ar\/blog\/wp-json\/wp\/v2\/categories?post=4050"},{"taxonomy":"post_tag","embeddable":true,"href":"https:\/\/turismo.actiontravel.com.ar\/blog\/wp-json\/wp\/v2\/tags?post=4050"}],"curies":[{"name":"wp","href":"https:\/\/api.w.org\/{rel}","templated":true}]}}