{"id":4074,"date":"2022-06-13T13:01:51","date_gmt":"2022-06-13T13:01:51","guid":{"rendered":"https:\/\/www.actiontravel.com.ar\/blog_turismo\/?p=4074"},"modified":"2022-06-13T13:01:51","modified_gmt":"2022-06-13T13:01:51","slug":"nuevos-requisitos-ingreso-a-peru-a-partir-junio","status":"publish","type":"post","link":"https:\/\/turismo.actiontravel.com.ar\/blog\/nuevos-requisitos-ingreso-a-peru-a-partir-junio\/","title":{"rendered":"Nuevos requisitos ingreso a Peru a partir Junio"},"content":{"rendered":"<p>Para comentarte que\u00a0el gobierno peruano ha establecido nuevas medidas para los ingresos al pa\u00eds que<b> aplican desde el 11 de junio. <\/b>\u00a0, c\u00f3mo exigir una tercera dosis contra el Covid-19 a extranjeros residentes y extranjeros no residentes de 18 a\u00f1os a m\u00e1s.<\/p>\n<p>&nbsp;<\/p>\n<p><a href=\"https:\/\/www.actiontravel.com.ar\/blog_turismo\/wp-content\/uploads\/2022\/06\/machu-picchu1.jpeg\"><img loading=\"lazy\" decoding=\"async\" class=\"alignright size-medium wp-image-4076\" src=\"https:\/\/www.actiontravel.com.ar\/blog_turismo\/wp-content\/uploads\/2022\/06\/machu-picchu1-300x208.jpeg\" alt=\"\" width=\"300\" height=\"208\" srcset=\"https:\/\/turismo.actiontravel.com.ar\/blog\/wp-content\/uploads\/2022\/06\/machu-picchu1-300x208.jpeg 300w, https:\/\/turismo.actiontravel.com.ar\/blog\/wp-content\/uploads\/2022\/06\/machu-picchu1.jpeg 584w\" sizes=\"(max-width: 300px) 100vw, 300px\" \/><\/a><\/p>\n<p><b>\u201cLos peruanos, extranjeros residentes y extranjeros no residentes de 18 a\u00f1os a m\u00e1s, cuyo destino final sea el territorio nacional, en calidad de pasajeros e\u00a0independientemente del pa\u00eds de procedencia, deben acreditar haberse aplicado las tres (3) dosis de vacunaci\u00f3n contra la COVID-19 en el Per\u00fa o en el extranjero; asimismo, las personas de 12 a 17 a\u00f1os deben acreditar haberse aplicado la primera y segunda dosis de vacunaci\u00f3n contra la COVID-19 en el Per\u00fa o en el extranjero. En su defecto, pueden presentar una prueba molecular negativa con fecha de resultado no mayor a 48 horas antes de abordar en su punto de origen. Los menores de 12 a\u00f1os solo requieren estar asintom\u00e1ticos para abordar. Aquellas personas que muestren s\u00edntomas al arribar a territorio nacional ingresan a aislamiento obligatorio, seg\u00fan regulaciones sobre la materia\u201d<\/b>,\u00a0esto solo es para el ingreso al pais, para vuelos internos y\/o transporte interprovincial se mantienen las 2 dosis.\u00a0<u><\/u><u><\/u><\/p>\n<p><b>Ver norma publicada en el diario El Peruano:\u00a0<\/b><a href=\"https:\/\/busquedas.elperuano.pe\/download\/url\/decreto-supremo-que-modifica-el-decreto-supremo-n-016-2022-decreto-supremo-n-063-2022-pcm-2076344-1\" target=\"_blank\" rel=\"noopener\" data-saferedirecturl=\"https:\/\/www.google.com\/url?q=https:\/\/busquedas.elperuano.pe\/download\/url\/decreto-supremo-que-modifica-el-decreto-supremo-n-016-2022-decreto-supremo-n-063-2022-pcm-2076344-1&amp;source=gmail&amp;ust=1655210616263000&amp;usg=AOvVaw3363GhQ5y8omuJ6P5MBGrv\">https:\/\/busquedas.<wbr \/>elperuano.pe\/download\/url\/<wbr \/>decreto-supremo-que-modifica-<wbr \/>el-decreto-supremo-n-016-2022-<wbr \/>decreto-supremo-n-063-2022-<wbr \/>pcm-2076344-1<\/a><\/p>\n","protected":false},"excerpt":{"rendered":"<p class=\"post-excerpt\">Para comentarte que\u00a0el gobierno peruano ha establecido nuevas medidas para los ingresos al pa\u00eds que aplican desde el 11 de&#8230;<\/p>\n","protected":false},"author":1,"featured_media":0,"comment_status":"open","ping_status":"open","sticky":false,"template":"","format":"standard","meta":{"_acf_changed":false,"footnotes":""},"categories":[70],"tags":[139,140,138,137],"acf":[],"yoast_head":"<!-- This site is optimized with the Yoast SEO plugin v22.7 - https:\/\/yoast.com\/wordpress\/plugins\/seo\/ -->\n<title>Nuevos requisitos ingreso a Peru a partir Junio - Blog Turismo | AT<\/title>\n<meta name=\"robots\" content=\"index, follow, max-snippet:-1, max-image-preview:large, max-video-preview:-1\" \/>\n<link rel=\"canonical\" href=\"https:\/\/turismo.actiontravel.com.ar\/blog\/nuevos-requisitos-ingreso-a-peru-a-partir-junio\/\" \/>\n<meta property=\"og:locale\" content=\"es_ES\" \/>\n<meta property=\"og:type\" content=\"article\" \/>\n<meta property=\"og:title\" content=\"Nuevos requisitos ingreso a Peru a partir Junio - Blog Turismo | AT\" \/>\n<meta property=\"og:description\" content=\"Para comentarte que\u00a0el gobierno peruano ha establecido nuevas medidas para los ingresos al pa\u00eds que aplican desde el 11 de...\" \/>\n<meta property=\"og:url\" content=\"https:\/\/turismo.actiontravel.com.ar\/blog\/nuevos-requisitos-ingreso-a-peru-a-partir-junio\/\" \/>\n<meta property=\"og:site_name\" content=\"Blog Turismo | AT\" \/>\n<meta property=\"article:publisher\" content=\"https:\/\/www.facebook.com\/ActionTravelArgentina\/\" \/>\n<meta property=\"article:published_time\" content=\"2022-06-13T13:01:51+00:00\" \/>\n<meta property=\"og:image\" content=\"https:\/\/www.actiontravel.com.ar\/blog_turismo\/wp-content\/uploads\/2022\/06\/machu-picchu1-300x208.jpeg\" \/>\n<meta name=\"twitter:card\" content=\"summary_large_image\" \/>\n<meta name=\"twitter:label1\" content=\"Escrito por\" \/>\n\t<meta name=\"twitter:data1\" content=\"\" \/>\n\t<meta name=\"twitter:label2\" content=\"Tiempo de lectura\" \/>\n\t<meta name=\"twitter:data2\" content=\"2 minutos\" \/>\n<script type=\"application\/ld+json\" class=\"yoast-schema-graph\">{\"@context\":\"https:\/\/schema.org\",\"@graph\":[{\"@type\":\"Article\",\"@id\":\"https:\/\/turismo.actiontravel.com.ar\/blog\/nuevos-requisitos-ingreso-a-peru-a-partir-junio\/#article\",\"isPartOf\":{\"@id\":\"https:\/\/turismo.actiontravel.com.ar\/blog\/nuevos-requisitos-ingreso-a-peru-a-partir-junio\/\"},\"author\":{\"name\":\"\",\"@id\":\"\"},\"headline\":\"Nuevos requisitos ingreso a Peru a partir Junio\",\"datePublished\":\"2022-06-13T13:01:51+00:00\",\"dateModified\":\"2022-06-13T13:01:51+00:00\",\"mainEntityOfPage\":{\"@id\":\"https:\/\/turismo.actiontravel.com.ar\/blog\/nuevos-requisitos-ingreso-a-peru-a-partir-junio\/\"},\"wordCount\":231,\"commentCount\":0,\"publisher\":{\"@id\":\"https:\/\/turismo.actiontravel.com.ar\/blog\/#organization\"},\"image\":{\"@id\":\"https:\/\/turismo.actiontravel.com.ar\/blog\/nuevos-requisitos-ingreso-a-peru-a-partir-junio\/#primaryimage\"},\"thumbnailUrl\":\"https:\/\/www.actiontravel.com.ar\/blog_turismo\/wp-content\/uploads\/2022\/06\/machu-picchu1-300x208.jpeg\",\"keywords\":[\"Ingreso\",\"MachuPichu\",\"Peu\",\"Turismo\"],\"articleSection\":[\"Actualidad\"],\"inLanguage\":\"es\",\"potentialAction\":[{\"@type\":\"CommentAction\",\"name\":\"Comment\",\"target\":[\"https:\/\/turismo.actiontravel.com.ar\/blog\/nuevos-requisitos-ingreso-a-peru-a-partir-junio\/#respond\"]}]},{\"@type\":\"WebPage\",\"@id\":\"https:\/\/turismo.actiontravel.com.ar\/blog\/nuevos-requisitos-ingreso-a-peru-a-partir-junio\/\",\"url\":\"https:\/\/turismo.actiontravel.com.ar\/blog\/nuevos-requisitos-ingreso-a-peru-a-partir-junio\/\",\"name\":\"Nuevos requisitos ingreso a Peru a partir Junio - Blog Turismo | AT\",\"isPartOf\":{\"@id\":\"https:\/\/turismo.actiontravel.com.ar\/blog\/#website\"},\"primaryImageOfPage\":{\"@id\":\"https:\/\/turismo.actiontravel.com.ar\/blog\/nuevos-requisitos-ingreso-a-peru-a-partir-junio\/#primaryimage\"},\"image\":{\"@id\":\"https:\/\/turismo.actiontravel.com.ar\/blog\/nuevos-requisitos-ingreso-a-peru-a-partir-junio\/#primaryimage\"},\"thumbnailUrl\":\"https:\/\/www.actiontravel.com.ar\/blog_turismo\/wp-content\/uploads\/2022\/06\/machu-picchu1-300x208.jpeg\",\"datePublished\":\"2022-06-13T13:01:51+00:00\",\"dateModified\":\"2022-06-13T13:01:51+00:00\",\"breadcrumb\":{\"@id\":\"https:\/\/turismo.actiontravel.com.ar\/blog\/nuevos-requisitos-ingreso-a-peru-a-partir-junio\/#breadcrumb\"},\"inLanguage\":\"es\",\"potentialAction\":[{\"@type\":\"ReadAction\",\"target\":[\"https:\/\/turismo.actiontravel.com.ar\/blog\/nuevos-requisitos-ingreso-a-peru-a-partir-junio\/\"]}]},{\"@type\":\"ImageObject\",\"inLanguage\":\"es\",\"@id\":\"https:\/\/turismo.actiontravel.com.ar\/blog\/nuevos-requisitos-ingreso-a-peru-a-partir-junio\/#primaryimage\",\"url\":\"https:\/\/www.actiontravel.com.ar\/blog_turismo\/wp-content\/uploads\/2022\/06\/machu-picchu1-300x208.jpeg\",\"contentUrl\":\"https:\/\/www.actiontravel.com.ar\/blog_turismo\/wp-content\/uploads\/2022\/06\/machu-picchu1-300x208.jpeg\"},{\"@type\":\"BreadcrumbList\",\"@id\":\"https:\/\/turismo.actiontravel.com.ar\/blog\/nuevos-requisitos-ingreso-a-peru-a-partir-junio\/#breadcrumb\",\"itemListElement\":[{\"@type\":\"ListItem\",\"position\":1,\"name\":\"Portada\",\"item\":\"https:\/\/turismo.actiontravel.com.ar\/blog\/\"},{\"@type\":\"ListItem\",\"position\":2,\"name\":\"Nuevos requisitos ingreso a Peru a partir Junio\"}]},{\"@type\":\"WebSite\",\"@id\":\"https:\/\/turismo.actiontravel.com.ar\/blog\/#website\",\"url\":\"https:\/\/turismo.actiontravel.com.ar\/blog\/\",\"name\":\"Blog Turismo | AT\",\"description\":\"Conoce las ultimas novedades de Turismo\",\"publisher\":{\"@id\":\"https:\/\/turismo.actiontravel.com.ar\/blog\/#organization\"},\"potentialAction\":[{\"@type\":\"SearchAction\",\"target\":{\"@type\":\"EntryPoint\",\"urlTemplate\":\"https:\/\/turismo.actiontravel.com.ar\/blog\/?s={search_term_string}\"},\"query-input\":\"required name=search_term_string\"}],\"inLanguage\":\"es\"},{\"@type\":\"Organization\",\"@id\":\"https:\/\/turismo.actiontravel.com.ar\/blog\/#organization\",\"name\":\"Action Travel\",\"url\":\"https:\/\/turismo.actiontravel.com.ar\/blog\/\",\"logo\":{\"@type\":\"ImageObject\",\"inLanguage\":\"es\",\"@id\":\"https:\/\/turismo.actiontravel.com.ar\/blog\/#\/schema\/logo\/image\/\",\"url\":\"https:\/\/turismo.actiontravel.com.ar\/blog\/wp-content\/uploads\/2023\/06\/50-Turismo-blanco.png\",\"contentUrl\":\"https:\/\/turismo.actiontravel.com.ar\/blog\/wp-content\/uploads\/2023\/06\/50-Turismo-blanco.png\",\"width\":300,\"height\":52,\"caption\":\"Action Travel\"},\"image\":{\"@id\":\"https:\/\/turismo.actiontravel.com.ar\/blog\/#\/schema\/logo\/image\/\"},\"sameAs\":[\"https:\/\/www.facebook.com\/ActionTravelArgentina\/\"]},{\"@type\":\"Person\",\"@id\":\"\",\"url\":\"https:\/\/turismo.actiontravel.com.ar\/blog\/author\/\"}]}<\/script>\n<!-- \/ Yoast SEO plugin. -->","yoast_head_json":{"title":"Nuevos requisitos ingreso a Peru a partir Junio - Blog Turismo | AT","robots":{"index":"index","follow":"follow","max-snippet":"max-snippet:-1","max-image-preview":"max-image-preview:large","max-video-preview":"max-video-preview:-1"},"canonical":"https:\/\/turismo.actiontravel.com.ar\/blog\/nuevos-requisitos-ingreso-a-peru-a-partir-junio\/","og_locale":"es_ES","og_type":"article","og_title":"Nuevos requisitos ingreso a Peru a partir Junio - Blog Turismo | AT","og_description":"Para comentarte que\u00a0el gobierno peruano ha establecido nuevas medidas para los ingresos al pa\u00eds que aplican desde el 11 de...","og_url":"https:\/\/turismo.actiontravel.com.ar\/blog\/nuevos-requisitos-ingreso-a-peru-a-partir-junio\/","og_site_name":"Blog Turismo | AT","article_publisher":"https:\/\/www.facebook.com\/ActionTravelArgentina\/","article_published_time":"2022-06-13T13:01:51+00:00","og_image":[{"url":"https:\/\/www.actiontravel.com.ar\/blog_turismo\/wp-content\/uploads\/2022\/06\/machu-picchu1-300x208.jpeg"}],"twitter_card":"summary_large_image","twitter_misc":{"Escrito por":"","Tiempo de lectura":"2 minutos"},"schema":{"@context":"https:\/\/schema.org","@graph":[{"@type":"Article","@id":"https:\/\/turismo.actiontravel.com.ar\/blog\/nuevos-requisitos-ingreso-a-peru-a-partir-junio\/#article","isPartOf":{"@id":"https:\/\/turismo.actiontravel.com.ar\/blog\/nuevos-requisitos-ingreso-a-peru-a-partir-junio\/"},"author":{"name":"","@id":""},"headline":"Nuevos requisitos ingreso a Peru a partir Junio","datePublished":"2022-06-13T13:01:51+00:00","dateModified":"2022-06-13T13:01:51+00:00","mainEntityOfPage":{"@id":"https:\/\/turismo.actiontravel.com.ar\/blog\/nuevos-requisitos-ingreso-a-peru-a-partir-junio\/"},"wordCount":231,"commentCount":0,"publisher":{"@id":"https:\/\/turismo.actiontravel.com.ar\/blog\/#organization"},"image":{"@id":"https:\/\/turismo.actiontravel.com.ar\/blog\/nuevos-requisitos-ingreso-a-peru-a-partir-junio\/#primaryimage"},"thumbnailUrl":"https:\/\/www.actiontravel.com.ar\/blog_turismo\/wp-content\/uploads\/2022\/06\/machu-picchu1-300x208.jpeg","keywords":["Ingreso","MachuPichu","Peu","Turismo"],"articleSection":["Actualidad"],"inLanguage":"es","potentialAction":[{"@type":"CommentAction","name":"Comment","target":["https:\/\/turismo.actiontravel.com.ar\/blog\/nuevos-requisitos-ingreso-a-peru-a-partir-junio\/#respond"]}]},{"@type":"WebPage","@id":"https:\/\/turismo.actiontravel.com.ar\/blog\/nuevos-requisitos-ingreso-a-peru-a-partir-junio\/","url":"https:\/\/turismo.actiontravel.com.ar\/blog\/nuevos-requisitos-ingreso-a-peru-a-partir-junio\/","name":"Nuevos requisitos ingreso a Peru a partir Junio - Blog Turismo | AT","isPartOf":{"@id":"https:\/\/turismo.actiontravel.com.ar\/blog\/#website"},"primaryImageOfPage":{"@id":"https:\/\/turismo.actiontravel.com.ar\/blog\/nuevos-requisitos-ingreso-a-peru-a-partir-junio\/#primaryimage"},"image":{"@id":"https:\/\/turismo.actiontravel.com.ar\/blog\/nuevos-requisitos-ingreso-a-peru-a-partir-junio\/#primaryimage"},"thumbnailUrl":"https:\/\/www.actiontravel.com.ar\/blog_turismo\/wp-content\/uploads\/2022\/06\/machu-picchu1-300x208.jpeg","datePublished":"2022-06-13T13:01:51+00:00","dateModified":"2022-06-13T13:01:51+00:00","breadcrumb":{"@id":"https:\/\/turismo.actiontravel.com.ar\/blog\/nuevos-requisitos-ingreso-a-peru-a-partir-junio\/#breadcrumb"},"inLanguage":"es","potentialAction":[{"@type":"ReadAction","target":["https:\/\/turismo.actiontravel.com.ar\/blog\/nuevos-requisitos-ingreso-a-peru-a-partir-junio\/"]}]},{"@type":"ImageObject","inLanguage":"es","@id":"https:\/\/turismo.actiontravel.com.ar\/blog\/nuevos-requisitos-ingreso-a-peru-a-partir-junio\/#primaryimage","url":"https:\/\/www.actiontravel.com.ar\/blog_turismo\/wp-content\/uploads\/2022\/06\/machu-picchu1-300x208.jpeg","contentUrl":"https:\/\/www.actiontravel.com.ar\/blog_turismo\/wp-content\/uploads\/2022\/06\/machu-picchu1-300x208.jpeg"},{"@type":"BreadcrumbList","@id":"https:\/\/turismo.actiontravel.com.ar\/blog\/nuevos-requisitos-ingreso-a-peru-a-partir-junio\/#breadcrumb","itemListElement":[{"@type":"ListItem","position":1,"name":"Portada","item":"https:\/\/turismo.actiontravel.com.ar\/blog\/"},{"@type":"ListItem","position":2,"name":"Nuevos requisitos ingreso a Peru a partir Junio"}]},{"@type":"WebSite","@id":"https:\/\/turismo.actiontravel.com.ar\/blog\/#website","url":"https:\/\/turismo.actiontravel.com.ar\/blog\/","name":"Blog Turismo | AT","description":"Conoce las ultimas novedades de Turismo","publisher":{"@id":"https:\/\/turismo.actiontravel.com.ar\/blog\/#organization"},"potentialAction":[{"@type":"SearchAction","target":{"@type":"EntryPoint","urlTemplate":"https:\/\/turismo.actiontravel.com.ar\/blog\/?s={search_term_string}"},"query-input":"required name=search_term_string"}],"inLanguage":"es"},{"@type":"Organization","@id":"https:\/\/turismo.actiontravel.com.ar\/blog\/#organization","name":"Action Travel","url":"https:\/\/turismo.actiontravel.com.ar\/blog\/","logo":{"@type":"ImageObject","inLanguage":"es","@id":"https:\/\/turismo.actiontravel.com.ar\/blog\/#\/schema\/logo\/image\/","url":"https:\/\/turismo.actiontravel.com.ar\/blog\/wp-content\/uploads\/2023\/06\/50-Turismo-blanco.png","contentUrl":"https:\/\/turismo.actiontravel.com.ar\/blog\/wp-content\/uploads\/2023\/06\/50-Turismo-blanco.png","width":300,"height":52,"caption":"Action Travel"},"image":{"@id":"https:\/\/turismo.actiontravel.com.ar\/blog\/#\/schema\/logo\/image\/"},"sameAs":["https:\/\/www.facebook.com\/ActionTravelArgentina\/"]},{"@type":"Person","@id":"","url":"https:\/\/turismo.actiontravel.com.ar\/blog\/author\/"}]}},"_links":{"self":[{"href":"https:\/\/turismo.actiontravel.com.ar\/blog\/wp-json\/wp\/v2\/posts\/4074"}],"collection":[{"href":"https:\/\/turismo.actiontravel.com.ar\/blog\/wp-json\/wp\/v2\/posts"}],"about":[{"href":"https:\/\/turismo.actiontravel.com.ar\/blog\/wp-json\/wp\/v2\/types\/post"}],"author":[{"embeddable":true,"href":"https:\/\/turismo.actiontravel.com.ar\/blog\/wp-json\/wp\/v2\/users\/1"}],"replies":[{"embeddable":true,"href":"https:\/\/turismo.actiontravel.com.ar\/blog\/wp-json\/wp\/v2\/comments?post=4074"}],"version-history":[{"count":2,"href":"https:\/\/turismo.actiontravel.com.ar\/blog\/wp-json\/wp\/v2\/posts\/4074\/revisions"}],"predecessor-version":[{"id":4078,"href":"https:\/\/turismo.actiontravel.com.ar\/blog\/wp-json\/wp\/v2\/posts\/4074\/revisions\/4078"}],"wp:attachment":[{"href":"https:\/\/turismo.actiontravel.com.ar\/blog\/wp-json\/wp\/v2\/media?parent=4074"}],"wp:term":[{"taxonomy":"category","embeddable":true,"href":"https:\/\/turismo.actiontravel.com.ar\/blog\/wp-json\/wp\/v2\/categories?post=4074"},{"taxonomy":"post_tag","embeddable":true,"href":"https:\/\/turismo.actiontravel.com.ar\/blog\/wp-json\/wp\/v2\/tags?post=4074"}],"curies":[{"name":"wp","href":"https:\/\/api.w.org\/{rel}","templated":true}]}}