{"id":4184,"date":"2022-12-16T10:04:25","date_gmt":"2022-12-16T10:04:25","guid":{"rendered":"https:\/\/turismo.actiontravel.com.ar\/blog\/?p=4184"},"modified":"2022-12-15T13:15:10","modified_gmt":"2022-12-15T13:15:10","slug":"nuevo-destino-playa-palmas-do-arvoredo","status":"publish","type":"post","link":"https:\/\/turismo.actiontravel.com.ar\/blog\/nuevo-destino-playa-palmas-do-arvoredo\/","title":{"rendered":"NUEVO DESTINO &#8211; Playa Palmas do Arvoredo"},"content":{"rendered":"<p>La playa\u00a0Palmas do Arvoredo, ubicada\u00a0entre Florian\u00f3polis y Bombas y Bomnihas, es\u00a0un nuevo destino que se destaca por\u00a0sus aguas tranquilas de bajo oleaje, corrientes mar\u00edtimas c\u00e1lidas\u00a0 y una playa de arena extensa rodeada de verdes colinas y mucha vegetaci\u00f3n. Este pueblito que se encuentra en el\u00a0municipio de Governador Celso Ramos es\u00a0ideal para disfrutar de un d\u00eda de relax\u00a0 y tambi\u00e9n para pr\u00e1ticar deportes acu\u00e1ticos.<\/p>\n<p><img decoding=\"async\" src=\"https:\/\/ci6.googleusercontent.com\/proxy\/IN3S4YuKbrY6V4CTY24VR7ZbOdN1KHa9XUxcrtdqMSDnh38wpLeCdPB7OS8fSsP-n9T74Lej1XxxZ9hpk02960AIKLOK9G8TyxB_1BjfeFh_DPveD6iiS6MA8meIqB35_7U745AWXiWf1d7tTpXiBphPKaGROQ=s0-d-e1-ft#https:\/\/mcusercontent.com\/ddc6a061087e698393d2ca281\/images\/d8081d8a-7c2c-bea7-49e3-58d93d755128.jpg\" \/><\/p>\n<p>Y vos ya planificaste tu viaje a Brasil ? Consultanos por las mejores tarifas a\u00e9reas<\/p>\n","protected":false},"excerpt":{"rendered":"<p class=\"post-excerpt\">La playa\u00a0Palmas do Arvoredo, ubicada\u00a0entre Florian\u00f3polis y Bombas y Bomnihas, es\u00a0un nuevo destino que se destaca por\u00a0sus aguas tranquilas de&#8230;<\/p>\n","protected":false},"author":1,"featured_media":0,"comment_status":"open","ping_status":"open","sticky":false,"template":"","format":"standard","meta":{"_acf_changed":false,"footnotes":""},"categories":[29],"tags":[158],"acf":[],"yoast_head":"<!-- This site is optimized with the Yoast SEO plugin v22.7 - https:\/\/yoast.com\/wordpress\/plugins\/seo\/ -->\n<title>NUEVO DESTINO - Playa Palmas do Arvoredo - Blog Turismo | AT<\/title>\n<meta name=\"robots\" content=\"index, follow, max-snippet:-1, max-image-preview:large, max-video-preview:-1\" \/>\n<link rel=\"canonical\" href=\"https:\/\/turismo.actiontravel.com.ar\/blog\/nuevo-destino-playa-palmas-do-arvoredo\/\" \/>\n<meta property=\"og:locale\" content=\"es_ES\" \/>\n<meta property=\"og:type\" content=\"article\" \/>\n<meta property=\"og:title\" content=\"NUEVO DESTINO - Playa Palmas do Arvoredo - Blog Turismo | AT\" \/>\n<meta property=\"og:description\" content=\"La playa\u00a0Palmas do Arvoredo, ubicada\u00a0entre Florian\u00f3polis y Bombas y Bomnihas, es\u00a0un nuevo destino que se destaca por\u00a0sus aguas tranquilas de...\" \/>\n<meta property=\"og:url\" content=\"https:\/\/turismo.actiontravel.com.ar\/blog\/nuevo-destino-playa-palmas-do-arvoredo\/\" \/>\n<meta property=\"og:site_name\" content=\"Blog Turismo | AT\" \/>\n<meta property=\"article:publisher\" content=\"https:\/\/www.facebook.com\/ActionTravelArgentina\/\" \/>\n<meta property=\"article:published_time\" content=\"2022-12-16T10:04:25+00:00\" \/>\n<meta property=\"article:modified_time\" content=\"2022-12-15T13:15:10+00:00\" \/>\n<meta property=\"og:image\" content=\"https:\/\/ci6.googleusercontent.com\/proxy\/IN3S4YuKbrY6V4CTY24VR7ZbOdN1KHa9XUxcrtdqMSDnh38wpLeCdPB7OS8fSsP-n9T74Lej1XxxZ9hpk02960AIKLOK9G8TyxB_1BjfeFh_DPveD6iiS6MA8meIqB35_7U745AWXiWf1d7tTpXiBphPKaGROQ=s0-d-e1-ft#https:\/\/mcusercontent.com\/ddc6a061087e698393d2ca281\/images\/d8081d8a-7c2c-bea7-49e3-58d93d755128.jpg\" \/>\n<meta name=\"twitter:card\" content=\"summary_large_image\" \/>\n<meta name=\"twitter:label1\" content=\"Escrito por\" \/>\n\t<meta name=\"twitter:data1\" content=\"\" \/>\n\t<meta name=\"twitter:label2\" content=\"Tiempo de lectura\" \/>\n\t<meta name=\"twitter:data2\" content=\"1 minuto\" \/>\n<script type=\"application\/ld+json\" class=\"yoast-schema-graph\">{\"@context\":\"https:\/\/schema.org\",\"@graph\":[{\"@type\":\"Article\",\"@id\":\"https:\/\/turismo.actiontravel.com.ar\/blog\/nuevo-destino-playa-palmas-do-arvoredo\/#article\",\"isPartOf\":{\"@id\":\"https:\/\/turismo.actiontravel.com.ar\/blog\/nuevo-destino-playa-palmas-do-arvoredo\/\"},\"author\":{\"name\":\"\",\"@id\":\"\"},\"headline\":\"NUEVO DESTINO &#8211; Playa Palmas do Arvoredo\",\"datePublished\":\"2022-12-16T10:04:25+00:00\",\"dateModified\":\"2022-12-15T13:15:10+00:00\",\"mainEntityOfPage\":{\"@id\":\"https:\/\/turismo.actiontravel.com.ar\/blog\/nuevo-destino-playa-palmas-do-arvoredo\/\"},\"wordCount\":99,\"commentCount\":0,\"publisher\":{\"@id\":\"https:\/\/turismo.actiontravel.com.ar\/blog\/#organization\"},\"image\":{\"@id\":\"https:\/\/turismo.actiontravel.com.ar\/blog\/nuevo-destino-playa-palmas-do-arvoredo\/#primaryimage\"},\"thumbnailUrl\":\"https:\/\/ci6.googleusercontent.com\/proxy\/IN3S4YuKbrY6V4CTY24VR7ZbOdN1KHa9XUxcrtdqMSDnh38wpLeCdPB7OS8fSsP-n9T74Lej1XxxZ9hpk02960AIKLOK9G8TyxB_1BjfeFh_DPveD6iiS6MA8meIqB35_7U745AWXiWf1d7tTpXiBphPKaGROQ=s0-d-e1-ft#https:\/\/mcusercontent.com\/ddc6a061087e698393d2ca281\/images\/d8081d8a-7c2c-bea7-49e3-58d93d755128.jpg\",\"keywords\":[\"florianopolis\"],\"articleSection\":[\"Playa\"],\"inLanguage\":\"es\",\"potentialAction\":[{\"@type\":\"CommentAction\",\"name\":\"Comment\",\"target\":[\"https:\/\/turismo.actiontravel.com.ar\/blog\/nuevo-destino-playa-palmas-do-arvoredo\/#respond\"]}]},{\"@type\":\"WebPage\",\"@id\":\"https:\/\/turismo.actiontravel.com.ar\/blog\/nuevo-destino-playa-palmas-do-arvoredo\/\",\"url\":\"https:\/\/turismo.actiontravel.com.ar\/blog\/nuevo-destino-playa-palmas-do-arvoredo\/\",\"name\":\"NUEVO DESTINO - Playa Palmas do Arvoredo - Blog Turismo | AT\",\"isPartOf\":{\"@id\":\"https:\/\/turismo.actiontravel.com.ar\/blog\/#website\"},\"primaryImageOfPage\":{\"@id\":\"https:\/\/turismo.actiontravel.com.ar\/blog\/nuevo-destino-playa-palmas-do-arvoredo\/#primaryimage\"},\"image\":{\"@id\":\"https:\/\/turismo.actiontravel.com.ar\/blog\/nuevo-destino-playa-palmas-do-arvoredo\/#primaryimage\"},\"thumbnailUrl\":\"https:\/\/ci6.googleusercontent.com\/proxy\/IN3S4YuKbrY6V4CTY24VR7ZbOdN1KHa9XUxcrtdqMSDnh38wpLeCdPB7OS8fSsP-n9T74Lej1XxxZ9hpk02960AIKLOK9G8TyxB_1BjfeFh_DPveD6iiS6MA8meIqB35_7U745AWXiWf1d7tTpXiBphPKaGROQ=s0-d-e1-ft#https:\/\/mcusercontent.com\/ddc6a061087e698393d2ca281\/images\/d8081d8a-7c2c-bea7-49e3-58d93d755128.jpg\",\"datePublished\":\"2022-12-16T10:04:25+00:00\",\"dateModified\":\"2022-12-15T13:15:10+00:00\",\"breadcrumb\":{\"@id\":\"https:\/\/turismo.actiontravel.com.ar\/blog\/nuevo-destino-playa-palmas-do-arvoredo\/#breadcrumb\"},\"inLanguage\":\"es\",\"potentialAction\":[{\"@type\":\"ReadAction\",\"target\":[\"https:\/\/turismo.actiontravel.com.ar\/blog\/nuevo-destino-playa-palmas-do-arvoredo\/\"]}]},{\"@type\":\"ImageObject\",\"inLanguage\":\"es\",\"@id\":\"https:\/\/turismo.actiontravel.com.ar\/blog\/nuevo-destino-playa-palmas-do-arvoredo\/#primaryimage\",\"url\":\"https:\/\/ci6.googleusercontent.com\/proxy\/IN3S4YuKbrY6V4CTY24VR7ZbOdN1KHa9XUxcrtdqMSDnh38wpLeCdPB7OS8fSsP-n9T74Lej1XxxZ9hpk02960AIKLOK9G8TyxB_1BjfeFh_DPveD6iiS6MA8meIqB35_7U745AWXiWf1d7tTpXiBphPKaGROQ=s0-d-e1-ft#https:\/\/mcusercontent.com\/ddc6a061087e698393d2ca281\/images\/d8081d8a-7c2c-bea7-49e3-58d93d755128.jpg\",\"contentUrl\":\"https:\/\/ci6.googleusercontent.com\/proxy\/IN3S4YuKbrY6V4CTY24VR7ZbOdN1KHa9XUxcrtdqMSDnh38wpLeCdPB7OS8fSsP-n9T74Lej1XxxZ9hpk02960AIKLOK9G8TyxB_1BjfeFh_DPveD6iiS6MA8meIqB35_7U745AWXiWf1d7tTpXiBphPKaGROQ=s0-d-e1-ft#https:\/\/mcusercontent.com\/ddc6a061087e698393d2ca281\/images\/d8081d8a-7c2c-bea7-49e3-58d93d755128.jpg\"},{\"@type\":\"BreadcrumbList\",\"@id\":\"https:\/\/turismo.actiontravel.com.ar\/blog\/nuevo-destino-playa-palmas-do-arvoredo\/#breadcrumb\",\"itemListElement\":[{\"@type\":\"ListItem\",\"position\":1,\"name\":\"Portada\",\"item\":\"https:\/\/turismo.actiontravel.com.ar\/blog\/\"},{\"@type\":\"ListItem\",\"position\":2,\"name\":\"NUEVO DESTINO &#8211; Playa Palmas do Arvoredo\"}]},{\"@type\":\"WebSite\",\"@id\":\"https:\/\/turismo.actiontravel.com.ar\/blog\/#website\",\"url\":\"https:\/\/turismo.actiontravel.com.ar\/blog\/\",\"name\":\"Blog Turismo | AT\",\"description\":\"Conoce las ultimas novedades de Turismo\",\"publisher\":{\"@id\":\"https:\/\/turismo.actiontravel.com.ar\/blog\/#organization\"},\"potentialAction\":[{\"@type\":\"SearchAction\",\"target\":{\"@type\":\"EntryPoint\",\"urlTemplate\":\"https:\/\/turismo.actiontravel.com.ar\/blog\/?s={search_term_string}\"},\"query-input\":\"required name=search_term_string\"}],\"inLanguage\":\"es\"},{\"@type\":\"Organization\",\"@id\":\"https:\/\/turismo.actiontravel.com.ar\/blog\/#organization\",\"name\":\"Action Travel\",\"url\":\"https:\/\/turismo.actiontravel.com.ar\/blog\/\",\"logo\":{\"@type\":\"ImageObject\",\"inLanguage\":\"es\",\"@id\":\"https:\/\/turismo.actiontravel.com.ar\/blog\/#\/schema\/logo\/image\/\",\"url\":\"https:\/\/turismo.actiontravel.com.ar\/blog\/wp-content\/uploads\/2023\/06\/50-Turismo-blanco.png\",\"contentUrl\":\"https:\/\/turismo.actiontravel.com.ar\/blog\/wp-content\/uploads\/2023\/06\/50-Turismo-blanco.png\",\"width\":300,\"height\":52,\"caption\":\"Action Travel\"},\"image\":{\"@id\":\"https:\/\/turismo.actiontravel.com.ar\/blog\/#\/schema\/logo\/image\/\"},\"sameAs\":[\"https:\/\/www.facebook.com\/ActionTravelArgentina\/\"]},{\"@type\":\"Person\",\"@id\":\"\",\"url\":\"https:\/\/turismo.actiontravel.com.ar\/blog\/author\/\"}]}<\/script>\n<!-- \/ Yoast SEO plugin. -->","yoast_head_json":{"title":"NUEVO DESTINO - Playa Palmas do Arvoredo - Blog Turismo | AT","robots":{"index":"index","follow":"follow","max-snippet":"max-snippet:-1","max-image-preview":"max-image-preview:large","max-video-preview":"max-video-preview:-1"},"canonical":"https:\/\/turismo.actiontravel.com.ar\/blog\/nuevo-destino-playa-palmas-do-arvoredo\/","og_locale":"es_ES","og_type":"article","og_title":"NUEVO DESTINO - Playa Palmas do Arvoredo - Blog Turismo | AT","og_description":"La playa\u00a0Palmas do Arvoredo, ubicada\u00a0entre Florian\u00f3polis y Bombas y Bomnihas, es\u00a0un nuevo destino que se destaca por\u00a0sus aguas tranquilas de...","og_url":"https:\/\/turismo.actiontravel.com.ar\/blog\/nuevo-destino-playa-palmas-do-arvoredo\/","og_site_name":"Blog Turismo | AT","article_publisher":"https:\/\/www.facebook.com\/ActionTravelArgentina\/","article_published_time":"2022-12-16T10:04:25+00:00","article_modified_time":"2022-12-15T13:15:10+00:00","og_image":[{"url":"https:\/\/ci6.googleusercontent.com\/proxy\/IN3S4YuKbrY6V4CTY24VR7ZbOdN1KHa9XUxcrtdqMSDnh38wpLeCdPB7OS8fSsP-n9T74Lej1XxxZ9hpk02960AIKLOK9G8TyxB_1BjfeFh_DPveD6iiS6MA8meIqB35_7U745AWXiWf1d7tTpXiBphPKaGROQ=s0-d-e1-ft#https:\/\/mcusercontent.com\/ddc6a061087e698393d2ca281\/images\/d8081d8a-7c2c-bea7-49e3-58d93d755128.jpg"}],"twitter_card":"summary_large_image","twitter_misc":{"Escrito por":"","Tiempo de lectura":"1 minuto"},"schema":{"@context":"https:\/\/schema.org","@graph":[{"@type":"Article","@id":"https:\/\/turismo.actiontravel.com.ar\/blog\/nuevo-destino-playa-palmas-do-arvoredo\/#article","isPartOf":{"@id":"https:\/\/turismo.actiontravel.com.ar\/blog\/nuevo-destino-playa-palmas-do-arvoredo\/"},"author":{"name":"","@id":""},"headline":"NUEVO DESTINO &#8211; Playa Palmas do Arvoredo","datePublished":"2022-12-16T10:04:25+00:00","dateModified":"2022-12-15T13:15:10+00:00","mainEntityOfPage":{"@id":"https:\/\/turismo.actiontravel.com.ar\/blog\/nuevo-destino-playa-palmas-do-arvoredo\/"},"wordCount":99,"commentCount":0,"publisher":{"@id":"https:\/\/turismo.actiontravel.com.ar\/blog\/#organization"},"image":{"@id":"https:\/\/turismo.actiontravel.com.ar\/blog\/nuevo-destino-playa-palmas-do-arvoredo\/#primaryimage"},"thumbnailUrl":"https:\/\/ci6.googleusercontent.com\/proxy\/IN3S4YuKbrY6V4CTY24VR7ZbOdN1KHa9XUxcrtdqMSDnh38wpLeCdPB7OS8fSsP-n9T74Lej1XxxZ9hpk02960AIKLOK9G8TyxB_1BjfeFh_DPveD6iiS6MA8meIqB35_7U745AWXiWf1d7tTpXiBphPKaGROQ=s0-d-e1-ft#https:\/\/mcusercontent.com\/ddc6a061087e698393d2ca281\/images\/d8081d8a-7c2c-bea7-49e3-58d93d755128.jpg","keywords":["florianopolis"],"articleSection":["Playa"],"inLanguage":"es","potentialAction":[{"@type":"CommentAction","name":"Comment","target":["https:\/\/turismo.actiontravel.com.ar\/blog\/nuevo-destino-playa-palmas-do-arvoredo\/#respond"]}]},{"@type":"WebPage","@id":"https:\/\/turismo.actiontravel.com.ar\/blog\/nuevo-destino-playa-palmas-do-arvoredo\/","url":"https:\/\/turismo.actiontravel.com.ar\/blog\/nuevo-destino-playa-palmas-do-arvoredo\/","name":"NUEVO DESTINO - Playa Palmas do Arvoredo - Blog Turismo | AT","isPartOf":{"@id":"https:\/\/turismo.actiontravel.com.ar\/blog\/#website"},"primaryImageOfPage":{"@id":"https:\/\/turismo.actiontravel.com.ar\/blog\/nuevo-destino-playa-palmas-do-arvoredo\/#primaryimage"},"image":{"@id":"https:\/\/turismo.actiontravel.com.ar\/blog\/nuevo-destino-playa-palmas-do-arvoredo\/#primaryimage"},"thumbnailUrl":"https:\/\/ci6.googleusercontent.com\/proxy\/IN3S4YuKbrY6V4CTY24VR7ZbOdN1KHa9XUxcrtdqMSDnh38wpLeCdPB7OS8fSsP-n9T74Lej1XxxZ9hpk02960AIKLOK9G8TyxB_1BjfeFh_DPveD6iiS6MA8meIqB35_7U745AWXiWf1d7tTpXiBphPKaGROQ=s0-d-e1-ft#https:\/\/mcusercontent.com\/ddc6a061087e698393d2ca281\/images\/d8081d8a-7c2c-bea7-49e3-58d93d755128.jpg","datePublished":"2022-12-16T10:04:25+00:00","dateModified":"2022-12-15T13:15:10+00:00","breadcrumb":{"@id":"https:\/\/turismo.actiontravel.com.ar\/blog\/nuevo-destino-playa-palmas-do-arvoredo\/#breadcrumb"},"inLanguage":"es","potentialAction":[{"@type":"ReadAction","target":["https:\/\/turismo.actiontravel.com.ar\/blog\/nuevo-destino-playa-palmas-do-arvoredo\/"]}]},{"@type":"ImageObject","inLanguage":"es","@id":"https:\/\/turismo.actiontravel.com.ar\/blog\/nuevo-destino-playa-palmas-do-arvoredo\/#primaryimage","url":"https:\/\/ci6.googleusercontent.com\/proxy\/IN3S4YuKbrY6V4CTY24VR7ZbOdN1KHa9XUxcrtdqMSDnh38wpLeCdPB7OS8fSsP-n9T74Lej1XxxZ9hpk02960AIKLOK9G8TyxB_1BjfeFh_DPveD6iiS6MA8meIqB35_7U745AWXiWf1d7tTpXiBphPKaGROQ=s0-d-e1-ft#https:\/\/mcusercontent.com\/ddc6a061087e698393d2ca281\/images\/d8081d8a-7c2c-bea7-49e3-58d93d755128.jpg","contentUrl":"https:\/\/ci6.googleusercontent.com\/proxy\/IN3S4YuKbrY6V4CTY24VR7ZbOdN1KHa9XUxcrtdqMSDnh38wpLeCdPB7OS8fSsP-n9T74Lej1XxxZ9hpk02960AIKLOK9G8TyxB_1BjfeFh_DPveD6iiS6MA8meIqB35_7U745AWXiWf1d7tTpXiBphPKaGROQ=s0-d-e1-ft#https:\/\/mcusercontent.com\/ddc6a061087e698393d2ca281\/images\/d8081d8a-7c2c-bea7-49e3-58d93d755128.jpg"},{"@type":"BreadcrumbList","@id":"https:\/\/turismo.actiontravel.com.ar\/blog\/nuevo-destino-playa-palmas-do-arvoredo\/#breadcrumb","itemListElement":[{"@type":"ListItem","position":1,"name":"Portada","item":"https:\/\/turismo.actiontravel.com.ar\/blog\/"},{"@type":"ListItem","position":2,"name":"NUEVO DESTINO &#8211; Playa Palmas do Arvoredo"}]},{"@type":"WebSite","@id":"https:\/\/turismo.actiontravel.com.ar\/blog\/#website","url":"https:\/\/turismo.actiontravel.com.ar\/blog\/","name":"Blog Turismo | AT","description":"Conoce las ultimas novedades de Turismo","publisher":{"@id":"https:\/\/turismo.actiontravel.com.ar\/blog\/#organization"},"potentialAction":[{"@type":"SearchAction","target":{"@type":"EntryPoint","urlTemplate":"https:\/\/turismo.actiontravel.com.ar\/blog\/?s={search_term_string}"},"query-input":"required name=search_term_string"}],"inLanguage":"es"},{"@type":"Organization","@id":"https:\/\/turismo.actiontravel.com.ar\/blog\/#organization","name":"Action Travel","url":"https:\/\/turismo.actiontravel.com.ar\/blog\/","logo":{"@type":"ImageObject","inLanguage":"es","@id":"https:\/\/turismo.actiontravel.com.ar\/blog\/#\/schema\/logo\/image\/","url":"https:\/\/turismo.actiontravel.com.ar\/blog\/wp-content\/uploads\/2023\/06\/50-Turismo-blanco.png","contentUrl":"https:\/\/turismo.actiontravel.com.ar\/blog\/wp-content\/uploads\/2023\/06\/50-Turismo-blanco.png","width":300,"height":52,"caption":"Action Travel"},"image":{"@id":"https:\/\/turismo.actiontravel.com.ar\/blog\/#\/schema\/logo\/image\/"},"sameAs":["https:\/\/www.facebook.com\/ActionTravelArgentina\/"]},{"@type":"Person","@id":"","url":"https:\/\/turismo.actiontravel.com.ar\/blog\/author\/"}]}},"_links":{"self":[{"href":"https:\/\/turismo.actiontravel.com.ar\/blog\/wp-json\/wp\/v2\/posts\/4184"}],"collection":[{"href":"https:\/\/turismo.actiontravel.com.ar\/blog\/wp-json\/wp\/v2\/posts"}],"about":[{"href":"https:\/\/turismo.actiontravel.com.ar\/blog\/wp-json\/wp\/v2\/types\/post"}],"author":[{"embeddable":true,"href":"https:\/\/turismo.actiontravel.com.ar\/blog\/wp-json\/wp\/v2\/users\/1"}],"replies":[{"embeddable":true,"href":"https:\/\/turismo.actiontravel.com.ar\/blog\/wp-json\/wp\/v2\/comments?post=4184"}],"version-history":[{"count":2,"href":"https:\/\/turismo.actiontravel.com.ar\/blog\/wp-json\/wp\/v2\/posts\/4184\/revisions"}],"predecessor-version":[{"id":4187,"href":"https:\/\/turismo.actiontravel.com.ar\/blog\/wp-json\/wp\/v2\/posts\/4184\/revisions\/4187"}],"wp:attachment":[{"href":"https:\/\/turismo.actiontravel.com.ar\/blog\/wp-json\/wp\/v2\/media?parent=4184"}],"wp:term":[{"taxonomy":"category","embeddable":true,"href":"https:\/\/turismo.actiontravel.com.ar\/blog\/wp-json\/wp\/v2\/categories?post=4184"},{"taxonomy":"post_tag","embeddable":true,"href":"https:\/\/turismo.actiontravel.com.ar\/blog\/wp-json\/wp\/v2\/tags?post=4184"}],"curies":[{"name":"wp","href":"https:\/\/api.w.org\/{rel}","templated":true}]}}