{"id":4286,"date":"2023-02-09T09:04:43","date_gmt":"2023-02-09T09:04:43","guid":{"rendered":"https:\/\/turismo.actiontravel.com.ar\/blog\/?p=4286"},"modified":"2023-06-30T16:21:46","modified_gmt":"2023-06-30T19:21:46","slug":"venecia-se-prepara-para-el-carnaval","status":"publish","type":"post","link":"https:\/\/turismo.actiontravel.com.ar\/blog\/venecia-se-prepara-para-el-carnaval\/","title":{"rendered":"Venecia se prepara para el carnaval"},"content":{"rendered":"<p><em><strong>El tradicional festejo abre un calendario con varios eventos internacionales que confirmar\u00e1n la Serenissima como uno de los lugares m\u00e1s visitados del planeta este a\u00f1o.\u00a0<\/strong><\/em><\/p>\n<p><img decoding=\"async\" src=\"https:\/\/www.buenosviajes.com\/wp-content\/uploads\/2015\/12\/carnaval-venecia.jpg\" \/><\/p>\n<p>Luego de la primera celebraci\u00f3n de 2023 con fuegos artificiales sobre la Laguna para el traspaso de a\u00f1o y un concierto en el teatro La Fenice el domingo 1\u00b0, Venecia se prepara para recuperar todo su protagonismo (\u00bfy su sobre turismo?) a lo largo de los pr\u00f3ximos meses.<\/p>\n<p>Este a\u00f1o el Carnaval se extender\u00e1 del 4 al 21 de febrero, bajo la tem\u00e1tica de los signos del Zoodiaco. Volver\u00e1n a celebrarse la Festa Veneziana, sobre el canal de Cannaregio; la procesi\u00f3n de las Mar\u00edas; el Vuelo del \u00c1ngel desde el campanario de San Marco; o el muy esperado Vuelo del Le\u00f3n, tambi\u00e9n sobre la Plaza San Marco.<\/p>\n<p><img loading=\"lazy\" decoding=\"async\" class=\"aligncenter\" src=\"https:\/\/www.gestionistaitalia.com\/wp-content\/uploads\/2018\/01\/carnaval-de-venecia.jpg\" alt=\"Carnaval de Venecia | Gestionista Italia\" width=\"671\" height=\"506\" \/><\/p>\n<p>&nbsp;<\/p>\n<p>Este a\u00f1o, regresan las fiestas privadas, muy cotizadas por los visitantes, a pesar de sus tarifas: a partir de 300 euros por persona para el Casanova Mistery Ball y a partir de 790 euros (con cena incluida) por persona para el Ball of Dreams; los s\u00e1bados 11 y 18 de febrero, el viernes 17 y el domingo 19.<\/p>\n<p>La Ciudad de los Dogos atraer\u00e1 la atenci\u00f3n del mundo nuevamente de mayo a noviembre, con su 18\u00aa Exposici\u00f3n de Arquitectura de la Bienal de Venecia; del 15 de junio al 1\u00b0 de julio con la Bienal de Teatro, o del 13 al 29 de julio con la Bienal de Danza Contempor\u00e1nea. El 21 de mayo se celebrar\u00e1 la Festa della Sensa y el calendario contar\u00e1 con muchos otros eventos (el Sal\u00f3n N\u00e1utico, el Festival de Cine, la Festa del Redentore, la Semana del Vidrio y varias regatas), dejando augurar nuevos niveles r\u00e9cords de afluencia.<\/p>\n<p>Durante los \u00faltimos d\u00edas del a\u00f1o pasado, Venecia recuper\u00f3 su turismo internacional, a pesar de la ausencia de los rusos y los chinos. Las llegadas procedentes de Am\u00e9rica del Norte se incrementaron en un 16 %, y las de varios pa\u00edses de Europa tambi\u00e9n fueron superiores a 10 %.<\/p>\n<p>&nbsp;<\/p>\n","protected":false},"excerpt":{"rendered":"<p class=\"post-excerpt\">El tradicional festejo abre un calendario con varios eventos internacionales que confirmar\u00e1n la Serenissima como uno de los lugares m\u00e1s&#8230;<\/p>\n","protected":false},"author":1,"featured_media":4618,"comment_status":"open","ping_status":"open","sticky":false,"template":"","format":"standard","meta":{"_acf_changed":false,"footnotes":""},"categories":[7],"tags":[209,210,208],"acf":[],"yoast_head":"<!-- This site is optimized with the Yoast SEO plugin v22.7 - https:\/\/yoast.com\/wordpress\/plugins\/seo\/ -->\n<title>Venecia se prepara para el carnaval - Blog Turismo | AT<\/title>\n<meta name=\"robots\" content=\"index, follow, max-snippet:-1, max-image-preview:large, max-video-preview:-1\" \/>\n<link rel=\"canonical\" href=\"https:\/\/turismo.actiontravel.com.ar\/blog\/venecia-se-prepara-para-el-carnaval\/\" \/>\n<meta property=\"og:locale\" content=\"es_ES\" \/>\n<meta property=\"og:type\" content=\"article\" \/>\n<meta property=\"og:title\" content=\"Venecia se prepara para el carnaval - Blog Turismo | AT\" \/>\n<meta property=\"og:description\" content=\"El tradicional festejo abre un calendario con varios eventos internacionales que confirmar\u00e1n la Serenissima como uno de los lugares m\u00e1s...\" \/>\n<meta property=\"og:url\" content=\"https:\/\/turismo.actiontravel.com.ar\/blog\/venecia-se-prepara-para-el-carnaval\/\" \/>\n<meta property=\"og:site_name\" content=\"Blog Turismo | AT\" \/>\n<meta property=\"article:publisher\" content=\"https:\/\/www.facebook.com\/ActionTravelArgentina\/\" \/>\n<meta property=\"article:published_time\" content=\"2023-02-09T09:04:43+00:00\" \/>\n<meta property=\"article:modified_time\" content=\"2023-06-30T19:21:46+00:00\" \/>\n<meta property=\"og:image\" content=\"https:\/\/turismo.actiontravel.com.ar\/blog\/wp-content\/uploads\/2023\/02\/carnaval-venecia.jpg\" \/>\n\t<meta property=\"og:image:width\" content=\"800\" \/>\n\t<meta property=\"og:image:height\" content=\"600\" \/>\n\t<meta property=\"og:image:type\" content=\"image\/jpeg\" \/>\n<meta name=\"twitter:card\" content=\"summary_large_image\" \/>\n<meta name=\"twitter:label1\" content=\"Escrito por\" \/>\n\t<meta name=\"twitter:data1\" content=\"\" \/>\n\t<meta name=\"twitter:label2\" content=\"Tiempo de lectura\" \/>\n\t<meta name=\"twitter:data2\" content=\"2 minutos\" \/>\n<script type=\"application\/ld+json\" class=\"yoast-schema-graph\">{\"@context\":\"https:\/\/schema.org\",\"@graph\":[{\"@type\":\"Article\",\"@id\":\"https:\/\/turismo.actiontravel.com.ar\/blog\/venecia-se-prepara-para-el-carnaval\/#article\",\"isPartOf\":{\"@id\":\"https:\/\/turismo.actiontravel.com.ar\/blog\/venecia-se-prepara-para-el-carnaval\/\"},\"author\":{\"name\":\"\",\"@id\":\"\"},\"headline\":\"Venecia se prepara para el carnaval\",\"datePublished\":\"2023-02-09T09:04:43+00:00\",\"dateModified\":\"2023-06-30T19:21:46+00:00\",\"mainEntityOfPage\":{\"@id\":\"https:\/\/turismo.actiontravel.com.ar\/blog\/venecia-se-prepara-para-el-carnaval\/\"},\"wordCount\":348,\"commentCount\":0,\"publisher\":{\"@id\":\"https:\/\/turismo.actiontravel.com.ar\/blog\/#organization\"},\"image\":{\"@id\":\"https:\/\/turismo.actiontravel.com.ar\/blog\/venecia-se-prepara-para-el-carnaval\/#primaryimage\"},\"thumbnailUrl\":\"https:\/\/turismo.actiontravel.com.ar\/blog\/wp-content\/uploads\/2023\/02\/carnaval-venecia.jpg\",\"keywords\":[\"carnaval\",\"carnavalenvenecia\",\"venecia\"],\"articleSection\":[\"Europa\"],\"inLanguage\":\"es\",\"potentialAction\":[{\"@type\":\"CommentAction\",\"name\":\"Comment\",\"target\":[\"https:\/\/turismo.actiontravel.com.ar\/blog\/venecia-se-prepara-para-el-carnaval\/#respond\"]}]},{\"@type\":\"WebPage\",\"@id\":\"https:\/\/turismo.actiontravel.com.ar\/blog\/venecia-se-prepara-para-el-carnaval\/\",\"url\":\"https:\/\/turismo.actiontravel.com.ar\/blog\/venecia-se-prepara-para-el-carnaval\/\",\"name\":\"Venecia se prepara para el carnaval - Blog Turismo | AT\",\"isPartOf\":{\"@id\":\"https:\/\/turismo.actiontravel.com.ar\/blog\/#website\"},\"primaryImageOfPage\":{\"@id\":\"https:\/\/turismo.actiontravel.com.ar\/blog\/venecia-se-prepara-para-el-carnaval\/#primaryimage\"},\"image\":{\"@id\":\"https:\/\/turismo.actiontravel.com.ar\/blog\/venecia-se-prepara-para-el-carnaval\/#primaryimage\"},\"thumbnailUrl\":\"https:\/\/turismo.actiontravel.com.ar\/blog\/wp-content\/uploads\/2023\/02\/carnaval-venecia.jpg\",\"datePublished\":\"2023-02-09T09:04:43+00:00\",\"dateModified\":\"2023-06-30T19:21:46+00:00\",\"breadcrumb\":{\"@id\":\"https:\/\/turismo.actiontravel.com.ar\/blog\/venecia-se-prepara-para-el-carnaval\/#breadcrumb\"},\"inLanguage\":\"es\",\"potentialAction\":[{\"@type\":\"ReadAction\",\"target\":[\"https:\/\/turismo.actiontravel.com.ar\/blog\/venecia-se-prepara-para-el-carnaval\/\"]}]},{\"@type\":\"ImageObject\",\"inLanguage\":\"es\",\"@id\":\"https:\/\/turismo.actiontravel.com.ar\/blog\/venecia-se-prepara-para-el-carnaval\/#primaryimage\",\"url\":\"https:\/\/turismo.actiontravel.com.ar\/blog\/wp-content\/uploads\/2023\/02\/carnaval-venecia.jpg\",\"contentUrl\":\"https:\/\/turismo.actiontravel.com.ar\/blog\/wp-content\/uploads\/2023\/02\/carnaval-venecia.jpg\",\"width\":800,\"height\":600},{\"@type\":\"BreadcrumbList\",\"@id\":\"https:\/\/turismo.actiontravel.com.ar\/blog\/venecia-se-prepara-para-el-carnaval\/#breadcrumb\",\"itemListElement\":[{\"@type\":\"ListItem\",\"position\":1,\"name\":\"Portada\",\"item\":\"https:\/\/turismo.actiontravel.com.ar\/blog\/\"},{\"@type\":\"ListItem\",\"position\":2,\"name\":\"Venecia se prepara para el carnaval\"}]},{\"@type\":\"WebSite\",\"@id\":\"https:\/\/turismo.actiontravel.com.ar\/blog\/#website\",\"url\":\"https:\/\/turismo.actiontravel.com.ar\/blog\/\",\"name\":\"Blog Turismo | AT\",\"description\":\"Conoce las ultimas novedades de Turismo\",\"publisher\":{\"@id\":\"https:\/\/turismo.actiontravel.com.ar\/blog\/#organization\"},\"potentialAction\":[{\"@type\":\"SearchAction\",\"target\":{\"@type\":\"EntryPoint\",\"urlTemplate\":\"https:\/\/turismo.actiontravel.com.ar\/blog\/?s={search_term_string}\"},\"query-input\":\"required name=search_term_string\"}],\"inLanguage\":\"es\"},{\"@type\":\"Organization\",\"@id\":\"https:\/\/turismo.actiontravel.com.ar\/blog\/#organization\",\"name\":\"Action Travel\",\"url\":\"https:\/\/turismo.actiontravel.com.ar\/blog\/\",\"logo\":{\"@type\":\"ImageObject\",\"inLanguage\":\"es\",\"@id\":\"https:\/\/turismo.actiontravel.com.ar\/blog\/#\/schema\/logo\/image\/\",\"url\":\"https:\/\/turismo.actiontravel.com.ar\/blog\/wp-content\/uploads\/2023\/06\/50-Turismo-blanco.png\",\"contentUrl\":\"https:\/\/turismo.actiontravel.com.ar\/blog\/wp-content\/uploads\/2023\/06\/50-Turismo-blanco.png\",\"width\":300,\"height\":52,\"caption\":\"Action Travel\"},\"image\":{\"@id\":\"https:\/\/turismo.actiontravel.com.ar\/blog\/#\/schema\/logo\/image\/\"},\"sameAs\":[\"https:\/\/www.facebook.com\/ActionTravelArgentina\/\"]},{\"@type\":\"Person\",\"@id\":\"\",\"url\":\"https:\/\/turismo.actiontravel.com.ar\/blog\/author\/\"}]}<\/script>\n<!-- \/ Yoast SEO plugin. -->","yoast_head_json":{"title":"Venecia se prepara para el carnaval - Blog Turismo | AT","robots":{"index":"index","follow":"follow","max-snippet":"max-snippet:-1","max-image-preview":"max-image-preview:large","max-video-preview":"max-video-preview:-1"},"canonical":"https:\/\/turismo.actiontravel.com.ar\/blog\/venecia-se-prepara-para-el-carnaval\/","og_locale":"es_ES","og_type":"article","og_title":"Venecia se prepara para el carnaval - Blog Turismo | AT","og_description":"El tradicional festejo abre un calendario con varios eventos internacionales que confirmar\u00e1n la Serenissima como uno de los lugares m\u00e1s...","og_url":"https:\/\/turismo.actiontravel.com.ar\/blog\/venecia-se-prepara-para-el-carnaval\/","og_site_name":"Blog Turismo | AT","article_publisher":"https:\/\/www.facebook.com\/ActionTravelArgentina\/","article_published_time":"2023-02-09T09:04:43+00:00","article_modified_time":"2023-06-30T19:21:46+00:00","og_image":[{"width":800,"height":600,"url":"https:\/\/turismo.actiontravel.com.ar\/blog\/wp-content\/uploads\/2023\/02\/carnaval-venecia.jpg","type":"image\/jpeg"}],"twitter_card":"summary_large_image","twitter_misc":{"Escrito por":"","Tiempo de lectura":"2 minutos"},"schema":{"@context":"https:\/\/schema.org","@graph":[{"@type":"Article","@id":"https:\/\/turismo.actiontravel.com.ar\/blog\/venecia-se-prepara-para-el-carnaval\/#article","isPartOf":{"@id":"https:\/\/turismo.actiontravel.com.ar\/blog\/venecia-se-prepara-para-el-carnaval\/"},"author":{"name":"","@id":""},"headline":"Venecia se prepara para el carnaval","datePublished":"2023-02-09T09:04:43+00:00","dateModified":"2023-06-30T19:21:46+00:00","mainEntityOfPage":{"@id":"https:\/\/turismo.actiontravel.com.ar\/blog\/venecia-se-prepara-para-el-carnaval\/"},"wordCount":348,"commentCount":0,"publisher":{"@id":"https:\/\/turismo.actiontravel.com.ar\/blog\/#organization"},"image":{"@id":"https:\/\/turismo.actiontravel.com.ar\/blog\/venecia-se-prepara-para-el-carnaval\/#primaryimage"},"thumbnailUrl":"https:\/\/turismo.actiontravel.com.ar\/blog\/wp-content\/uploads\/2023\/02\/carnaval-venecia.jpg","keywords":["carnaval","carnavalenvenecia","venecia"],"articleSection":["Europa"],"inLanguage":"es","potentialAction":[{"@type":"CommentAction","name":"Comment","target":["https:\/\/turismo.actiontravel.com.ar\/blog\/venecia-se-prepara-para-el-carnaval\/#respond"]}]},{"@type":"WebPage","@id":"https:\/\/turismo.actiontravel.com.ar\/blog\/venecia-se-prepara-para-el-carnaval\/","url":"https:\/\/turismo.actiontravel.com.ar\/blog\/venecia-se-prepara-para-el-carnaval\/","name":"Venecia se prepara para el carnaval - Blog Turismo | AT","isPartOf":{"@id":"https:\/\/turismo.actiontravel.com.ar\/blog\/#website"},"primaryImageOfPage":{"@id":"https:\/\/turismo.actiontravel.com.ar\/blog\/venecia-se-prepara-para-el-carnaval\/#primaryimage"},"image":{"@id":"https:\/\/turismo.actiontravel.com.ar\/blog\/venecia-se-prepara-para-el-carnaval\/#primaryimage"},"thumbnailUrl":"https:\/\/turismo.actiontravel.com.ar\/blog\/wp-content\/uploads\/2023\/02\/carnaval-venecia.jpg","datePublished":"2023-02-09T09:04:43+00:00","dateModified":"2023-06-30T19:21:46+00:00","breadcrumb":{"@id":"https:\/\/turismo.actiontravel.com.ar\/blog\/venecia-se-prepara-para-el-carnaval\/#breadcrumb"},"inLanguage":"es","potentialAction":[{"@type":"ReadAction","target":["https:\/\/turismo.actiontravel.com.ar\/blog\/venecia-se-prepara-para-el-carnaval\/"]}]},{"@type":"ImageObject","inLanguage":"es","@id":"https:\/\/turismo.actiontravel.com.ar\/blog\/venecia-se-prepara-para-el-carnaval\/#primaryimage","url":"https:\/\/turismo.actiontravel.com.ar\/blog\/wp-content\/uploads\/2023\/02\/carnaval-venecia.jpg","contentUrl":"https:\/\/turismo.actiontravel.com.ar\/blog\/wp-content\/uploads\/2023\/02\/carnaval-venecia.jpg","width":800,"height":600},{"@type":"BreadcrumbList","@id":"https:\/\/turismo.actiontravel.com.ar\/blog\/venecia-se-prepara-para-el-carnaval\/#breadcrumb","itemListElement":[{"@type":"ListItem","position":1,"name":"Portada","item":"https:\/\/turismo.actiontravel.com.ar\/blog\/"},{"@type":"ListItem","position":2,"name":"Venecia se prepara para el carnaval"}]},{"@type":"WebSite","@id":"https:\/\/turismo.actiontravel.com.ar\/blog\/#website","url":"https:\/\/turismo.actiontravel.com.ar\/blog\/","name":"Blog Turismo | AT","description":"Conoce las ultimas novedades de Turismo","publisher":{"@id":"https:\/\/turismo.actiontravel.com.ar\/blog\/#organization"},"potentialAction":[{"@type":"SearchAction","target":{"@type":"EntryPoint","urlTemplate":"https:\/\/turismo.actiontravel.com.ar\/blog\/?s={search_term_string}"},"query-input":"required name=search_term_string"}],"inLanguage":"es"},{"@type":"Organization","@id":"https:\/\/turismo.actiontravel.com.ar\/blog\/#organization","name":"Action Travel","url":"https:\/\/turismo.actiontravel.com.ar\/blog\/","logo":{"@type":"ImageObject","inLanguage":"es","@id":"https:\/\/turismo.actiontravel.com.ar\/blog\/#\/schema\/logo\/image\/","url":"https:\/\/turismo.actiontravel.com.ar\/blog\/wp-content\/uploads\/2023\/06\/50-Turismo-blanco.png","contentUrl":"https:\/\/turismo.actiontravel.com.ar\/blog\/wp-content\/uploads\/2023\/06\/50-Turismo-blanco.png","width":300,"height":52,"caption":"Action Travel"},"image":{"@id":"https:\/\/turismo.actiontravel.com.ar\/blog\/#\/schema\/logo\/image\/"},"sameAs":["https:\/\/www.facebook.com\/ActionTravelArgentina\/"]},{"@type":"Person","@id":"","url":"https:\/\/turismo.actiontravel.com.ar\/blog\/author\/"}]}},"_links":{"self":[{"href":"https:\/\/turismo.actiontravel.com.ar\/blog\/wp-json\/wp\/v2\/posts\/4286"}],"collection":[{"href":"https:\/\/turismo.actiontravel.com.ar\/blog\/wp-json\/wp\/v2\/posts"}],"about":[{"href":"https:\/\/turismo.actiontravel.com.ar\/blog\/wp-json\/wp\/v2\/types\/post"}],"author":[{"embeddable":true,"href":"https:\/\/turismo.actiontravel.com.ar\/blog\/wp-json\/wp\/v2\/users\/1"}],"replies":[{"embeddable":true,"href":"https:\/\/turismo.actiontravel.com.ar\/blog\/wp-json\/wp\/v2\/comments?post=4286"}],"version-history":[{"count":1,"href":"https:\/\/turismo.actiontravel.com.ar\/blog\/wp-json\/wp\/v2\/posts\/4286\/revisions"}],"predecessor-version":[{"id":4288,"href":"https:\/\/turismo.actiontravel.com.ar\/blog\/wp-json\/wp\/v2\/posts\/4286\/revisions\/4288"}],"wp:featuredmedia":[{"embeddable":true,"href":"https:\/\/turismo.actiontravel.com.ar\/blog\/wp-json\/wp\/v2\/media\/4618"}],"wp:attachment":[{"href":"https:\/\/turismo.actiontravel.com.ar\/blog\/wp-json\/wp\/v2\/media?parent=4286"}],"wp:term":[{"taxonomy":"category","embeddable":true,"href":"https:\/\/turismo.actiontravel.com.ar\/blog\/wp-json\/wp\/v2\/categories?post=4286"},{"taxonomy":"post_tag","embeddable":true,"href":"https:\/\/turismo.actiontravel.com.ar\/blog\/wp-json\/wp\/v2\/tags?post=4286"}],"curies":[{"name":"wp","href":"https:\/\/api.w.org\/{rel}","templated":true}]}}