{"id":4336,"date":"2023-02-14T10:58:38","date_gmt":"2023-02-14T13:58:38","guid":{"rendered":"https:\/\/turismo.actiontravel.com.ar\/blog\/?p=4336"},"modified":"2023-02-14T10:58:38","modified_gmt":"2023-02-14T13:58:38","slug":"franco-colapinto-cada-vez-mas-cerca-de-la-formula-1","status":"publish","type":"post","link":"https:\/\/turismo.actiontravel.com.ar\/blog\/franco-colapinto-cada-vez-mas-cerca-de-la-formula-1\/","title":{"rendered":"Franco Colapinto, cada vez m\u00e1s cerca de la F\u00f3rmula 1"},"content":{"rendered":"<h2 class=\"article__dropline\">El joven argentino ser\u00e1 parte de la academia de la escuder\u00eda que corre en la m\u00e1xima categor\u00eda del automovilismo mundial. Es el nuevo piloto de la academia de Williams.<\/h2>\n<p><img decoding=\"async\" src=\"https:\/\/tn.com.ar\/resizer\/H93PfwTIglb1lQMIqrrrPTIrPsw=\/767x0\/smart\/filters:format(webp)\/cloudfront-us-east-1.images.arcpublishing.com\/artear\/C5DFUU7TNZFQHD3ATTHJ6KDUYE.jpg\" alt=\"Franco Colapinto se sum\u00f3 a Williams y qued\u00f3 a un paso de la F\u00f3rmula 1 (Foto: Twitter @FranColapinto)\" \/><\/p>\n<p class=\"paragraph\">El argentino\u00a0<a href=\"https:\/\/www.bing.com\/ck\/a?!&amp;&amp;p=e679d74c865a7289JmltdHM9MTY3MzIyMjQwMCZpZ3VpZD0xOTk4N2YyMi00MTE4LTZmYjQtMTMzMS02ZDA5NDBiZDZlZDEmaW5zaWQ9NTE2NQ&amp;ptn=3&amp;hsh=3&amp;fclid=19987f22-4118-6fb4-1331-6d0940bd6ed1&amp;psq=franco+colapinto+tn&amp;u=a1aHR0cHM6Ly90bi5jb20uYXIvZGVwb3J0ZXMvYXV0b21vdmlsaXNtby8yMDIyLzA2LzEwL2ZyYW5jby1jb2xhcGludG8tZWwtam92ZW4tcGlsb3RvLWFyZ2VudGluby1jb24tbWFzLWNoYW5jZXMtZGUtbGxlZ2FyLWEtbGEtZm9ybXVsYS0xLw&amp;ntb=1\" target=\"_blank\" rel=\"noopener\"><b>Franco Colapinto<\/b><\/a>\u00a0es nuevo piloto de Williams. El joven de 19 a\u00f1os confirm\u00f3 a trav\u00e9s de sus redes sociales que ser\u00e1 parte de la academia del equipo que participa de la<br \/>\nF\u00f3rmula 1.<\/p>\n<p class=\"paragraph\">\u201cEs un honor contarles que voy a formar parte de Williams Racing como piloto de la academia! Es una oportunidad incre\u00edble por la que estoy s\u00faper agradecido. Gracias a todo Williams por confiar en m\u00ed\u201d, escribi\u00f3 en su cuenta de Twitter.<\/p>\n<p class=\"paragraph\">En declaraciones al sitio oficial de su nueva escuder\u00eda, el joven expres\u00f3 su alegr\u00eda por llegar a \u201cuno de los equipos m\u00e1s exitosos de la historia de la F\u00f3rmula 1\u2033 y tambi\u00e9n\u00a0<b>se mostr\u00f3 ilusionado por \u201cseguir los pasos\u201d de su compatriota Carlos Reutemann, que corri\u00f3 all\u00ed entre 1980<br \/>\n<\/b><b>y 1982.<\/b><\/p>\n<p class=\"paragraph\">Adem\u00e1s, durante 2023 Colapinto correr\u00e1 en F\u00f3rmula 3, a bordo de un auto de la escuder\u00eda MP Motorsport. \u201cCon ganas y mucha ilusi\u00f3n de empezar a trabajar con este gran equipo\u201d, expres\u00f3.<\/p>\n<p class=\"paragraph\">El nacido en Pilar ya hab\u00eda corrido en la categor\u00eda telonera de la F\u00f3rmula 1, aunque lo hab\u00eda hecho para la escuder\u00eda Van Amersfoort Racing.<\/p>\n<h2 class=\"font--primary\">La bienvenida de Williams a Colapinto<\/h2>\n<p class=\"paragraph\">Steven Smeets, director deportivo de Wiliams Racing, declar\u00f3: \u201cEstamos encantados de darle la bienvenida a Franco a la Williams Racing Driver Academy. Los logros de su carrera desde que comenz\u00f3 en el karting destacan la habilidad natural que tiene detr\u00e1s del volante y de lo que es capaz de hacer en los a\u00f1os venideros\u201d.<\/p>\n<p class=\"paragraph\">\u201dTuvo una destacada temporada de novato en la F\u00f3rmula 3 con varias actuaciones s\u00f3lidas que lo llevaron a podios y victorias. Esperamos trabajar de cerca con Franco para apoyar y nutrir su desarrollo como piloto\u201d, agreg\u00f3.<br \/>\nWilliams termin\u00f3 \u00faltimo en el campeonato de constructores en la \u00faltima temporada de la F\u00f3rmula 1. En 2023 sus pilotos principales ser\u00e1n el brit\u00e1nico Alexander Albon y el estadounidense Logan Sargeant.<\/p>\n<h2 class=\"font--primary\">Franco Colapinto: la gran promesa del automovilismo argentino<\/h2>\n<p class=\"paragraph\">Nacido en Pilar, naci\u00f3 el 27 de mayo de 2003 y se inici\u00f3 en el mundo del karting desde chico. Con la pasi\u00f3n a cuestas, emprendi\u00f3 su aventura al frente del volante a sus 9 a\u00f1os, en cert\u00e1menes juveniles y amateurs de karting. A nivel nacional, se involucr\u00f3 en las competiciones organizadas por Rotax a partir de 2013 y a partir de all\u00ed,\u00a0<b>se erigi\u00f3 como una de las principales promesas del pa\u00eds<\/b>.<\/p>\n<p class=\"paragraph\">En el marco de esa disciplina, levant\u00f3 el trofeo correspondiente al torneo Pre-Junior en 2016 y aquel suceso\u00a0<b>le permiti\u00f3 participar de los Juegos Ol\u00edmpicos de la Juventud<\/b>, celebrado dos a\u00f1os despu\u00e9s en la Ciudad de Buenos Aires. En un escenario inigualable,\u00a0<b>conquist\u00f3 la medalla dorada junto a Mar\u00eda Garc\u00eda Puig\u00a0<\/b>y se gan\u00f3 la posibilidad de subirse a un auto de la F\u00f3rmula 4 espa\u00f1ola, cuando faltaba poco para el final de la competencia.<\/p>\n<p class=\"paragraph\">Su debut con el equipo DriveX fue m\u00e1s que auspicioso a sus cortos 15 a\u00f1os:\u00a0<b>gan\u00f3 una de las cuatro carreras en las que form\u00f3 parte y qued\u00f3 en el segundo escalaf\u00f3n en la pen\u00faltima de ellas<\/b>. De yapa, a la temporada siguiente, acabar\u00eda por pulir todas esas cualidades que ya se advert\u00edan; los<b>\u00a011 triunfos, 11 pole positions y 14 podios\u00a0<\/b>lo llevaron a la cima, con casi\u00a0<b>100 puntos de ventaja<\/b>\u00a0sobre su m\u00e1s inmediato competidor.<\/p>\n<p class=\"paragraph\">En 2019,\u00a0<b>Franco Colapinto<\/b>\u00a0tambi\u00e9n hizo su primera presentaci\u00f3n en dos competencias continentales,\u00a0<b>como la Eurof\u00f3rmula Open y la Eurocopa de F\u00f3rmula Renault<\/b>. Un a\u00f1o despu\u00e9s\u00a0<b>estuvo presente en la Toyota Racing Series de Nueva Zelanda y consigui\u00f3 ser el m\u00e1s veloz entre los rookies<\/b>\u00a0-categor\u00eda en la que figuran los principiantes-. Adem\u00e1s, fue tercero en la tabla general.<\/p>\n<figure class=\"\">\n<div class=\"aspect_ratio__container\"><picture class=\"responsive-image\"><source srcset=\"https:\/\/tn.com.ar\/resizer\/wFNm_NGRJjxXaxLZlRyWns6CoEI=\/767x0\/smart\/filters:format(webp)\/cloudfront-us-east-1.images.arcpublishing.com\/artear\/CCRL5PKG6VCSHJXZE4NM6CWD6Y.jpeg\" type=\"image\/jpg\" media=\"(max-width: 728px)\" \/><source srcset=\"https:\/\/tn.com.ar\/resizer\/150Q5upykDDKwUn5ZhrOGrZU_rQ=\/1023x0\/smart\/filters:format(webp)\/cloudfront-us-east-1.images.arcpublishing.com\/artear\/CCRL5PKG6VCSHJXZE4NM6CWD6Y.jpeg\" type=\"image\/jpg\" media=\"(max-width: 1023px)\" \/><source srcset=\"https:\/\/tn.com.ar\/resizer\/V3YoJ1tJwOCbqFy__j904O7k7S4=\/1440x0\/smart\/filters:format(webp)\/cloudfront-us-east-1.images.arcpublishing.com\/artear\/CCRL5PKG6VCSHJXZE4NM6CWD6Y.jpeg\" type=\"image\/jpg\" \/><img decoding=\"async\" class=\"image content-image image_placeholder\" src=\"https:\/\/tn.com.ar\/resizer\/wFNm_NGRJjxXaxLZlRyWns6CoEI=\/767x0\/smart\/filters:format(webp)\/cloudfront-us-east-1.images.arcpublishing.com\/artear\/CCRL5PKG6VCSHJXZE4NM6CWD6Y.jpeg\" alt=\"Colapinto, en un simulador en su hogar. (Foto: TN)\" \/><\/picture><\/div><figcaption class=\"caption_image\">\n<div class=\"image_caption\">Colapinto, en un simulador en su hogar. (Foto: TN)<\/div>\n<\/figcaption><\/figure>\n<p class=\"paragraph\">Tambi\u00e9n en 2020, y tras firmar contrato con MP Motorsport, disput\u00f3 media temporada de la Eurocopa de F\u00f3rmula. En su primera carrera, efectuada en la ciudad de Monza,<b>\u00a0fue el mejor de todos y triunf\u00f3 hasta ante los experimentados<\/b>; finalmente, se qued\u00f3 con el bronce en el certamen.<\/p>\n<p class=\"paragraph\">Meses despu\u00e9s\u00a0<b>se subi\u00f3 por primera vez a un F3 en las pruebas de postemporada realizadas en Valencia, y finaliz\u00f3 entre los primeros quince<\/b>. De todas formas, 2021 iba a quedar marcado como el de su consagraci\u00f3n definitiva por el impulso que provoc\u00f3 su irrupci\u00f3n en la Asian Le Mans Series (fue tercero) y en las\u00a0<b>24 Horas de Le Mans<\/b>.<\/p>\n<p class=\"paragraph\">Cuando realiz\u00f3 su segunda prueba a bordo de los F\u00f3rmula 3, ya en noviembre de 2021,<b>\u00a0Colapinto tard\u00f3 tan solo un d\u00eda para ser el m\u00e1s r\u00e1pido de todos<\/b>. \u201cDisfrut\u00e9 mucho mi primera vez. Evidentemente es m\u00e1s potente. Tengo muchas ganas de ser parte del<b>\u00a0Van Amersfoort Racing<\/b>\u00a0y estoy muy ilusionado\u201d, hab\u00eda declarado el adolescente de 19 a\u00f1os antes de recibir la noticia m\u00e1s importante de su corta carrera.<\/p>\n<p class=\"paragraph\">En la que llaman \u201cescuela de la F\u00f3rmula 1\u2033, Franco se impuso con la misma velocidad que supo mostrar a bordo de su veh\u00edculo. Su sue\u00f1o se cumpli\u00f3 y\u00a0<b>se uni\u00f3 a la escuder\u00eda neerlandesa para la temporada 2022<\/b>\u00a0junto a Rafael Villag\u00f3mez y Reece Ushijima.<\/p>\n<p>Fuente &gt;TN<\/p>\n","protected":false},"excerpt":{"rendered":"<p class=\"post-excerpt\">El joven argentino ser\u00e1 parte de la academia de la escuder\u00eda que corre en la m\u00e1xima categor\u00eda del automovilismo mundial&#8230;.<\/p>\n","protected":false},"author":1,"featured_media":0,"comment_status":"open","ping_status":"open","sticky":false,"template":"","format":"standard","meta":{"_acf_changed":false,"footnotes":""},"categories":[232],"tags":[234,37,235,233],"acf":[],"yoast_head":"<!-- This site is optimized with the Yoast SEO plugin v22.7 - https:\/\/yoast.com\/wordpress\/plugins\/seo\/ -->\n<title>Franco Colapinto, cada vez m\u00e1s cerca de la F\u00f3rmula 1 - Blog Turismo | AT<\/title>\n<meta name=\"robots\" content=\"index, follow, max-snippet:-1, max-image-preview:large, max-video-preview:-1\" \/>\n<link rel=\"canonical\" href=\"https:\/\/turismo.actiontravel.com.ar\/blog\/franco-colapinto-cada-vez-mas-cerca-de-la-formula-1\/\" \/>\n<meta property=\"og:locale\" content=\"es_ES\" \/>\n<meta property=\"og:type\" content=\"article\" \/>\n<meta property=\"og:title\" content=\"Franco Colapinto, cada vez m\u00e1s cerca de la F\u00f3rmula 1 - Blog Turismo | AT\" \/>\n<meta property=\"og:description\" content=\"El joven argentino ser\u00e1 parte de la academia de la escuder\u00eda que corre en la m\u00e1xima categor\u00eda del automovilismo mundial....\" \/>\n<meta property=\"og:url\" content=\"https:\/\/turismo.actiontravel.com.ar\/blog\/franco-colapinto-cada-vez-mas-cerca-de-la-formula-1\/\" \/>\n<meta property=\"og:site_name\" content=\"Blog Turismo | AT\" \/>\n<meta property=\"article:publisher\" content=\"https:\/\/www.facebook.com\/ActionTravelArgentina\/\" \/>\n<meta property=\"article:published_time\" content=\"2023-02-14T13:58:38+00:00\" \/>\n<meta property=\"og:image\" content=\"https:\/\/tn.com.ar\/resizer\/H93PfwTIglb1lQMIqrrrPTIrPsw=\/767x0\/smart\/filters:format(webp)\/cloudfront-us-east-1.images.arcpublishing.com\/artear\/C5DFUU7TNZFQHD3ATTHJ6KDUYE.jpg\" \/>\n<meta name=\"twitter:card\" content=\"summary_large_image\" \/>\n<meta name=\"twitter:label1\" content=\"Escrito por\" \/>\n\t<meta name=\"twitter:data1\" content=\"\" \/>\n\t<meta name=\"twitter:label2\" content=\"Tiempo de lectura\" \/>\n\t<meta name=\"twitter:data2\" content=\"5 minutos\" \/>\n<script type=\"application\/ld+json\" class=\"yoast-schema-graph\">{\"@context\":\"https:\/\/schema.org\",\"@graph\":[{\"@type\":\"Article\",\"@id\":\"https:\/\/turismo.actiontravel.com.ar\/blog\/franco-colapinto-cada-vez-mas-cerca-de-la-formula-1\/#article\",\"isPartOf\":{\"@id\":\"https:\/\/turismo.actiontravel.com.ar\/blog\/franco-colapinto-cada-vez-mas-cerca-de-la-formula-1\/\"},\"author\":{\"name\":\"\",\"@id\":\"\"},\"headline\":\"Franco Colapinto, cada vez m\u00e1s cerca de la F\u00f3rmula 1\",\"datePublished\":\"2023-02-14T13:58:38+00:00\",\"dateModified\":\"2023-02-14T13:58:38+00:00\",\"mainEntityOfPage\":{\"@id\":\"https:\/\/turismo.actiontravel.com.ar\/blog\/franco-colapinto-cada-vez-mas-cerca-de-la-formula-1\/\"},\"wordCount\":924,\"commentCount\":0,\"publisher\":{\"@id\":\"https:\/\/turismo.actiontravel.com.ar\/blog\/#organization\"},\"image\":{\"@id\":\"https:\/\/turismo.actiontravel.com.ar\/blog\/franco-colapinto-cada-vez-mas-cerca-de-la-formula-1\/#primaryimage\"},\"thumbnailUrl\":\"https:\/\/tn.com.ar\/resizer\/H93PfwTIglb1lQMIqrrrPTIrPsw=\/767x0\/smart\/filters:format(webp)\/cloudfront-us-east-1.images.arcpublishing.com\/artear\/C5DFUU7TNZFQHD3ATTHJ6KDUYE.jpg\",\"keywords\":[\"colapinto\",\"F1\",\"f1saopaulo\",\"formula1\"],\"articleSection\":[\"Formula 1\"],\"inLanguage\":\"es\",\"potentialAction\":[{\"@type\":\"CommentAction\",\"name\":\"Comment\",\"target\":[\"https:\/\/turismo.actiontravel.com.ar\/blog\/franco-colapinto-cada-vez-mas-cerca-de-la-formula-1\/#respond\"]}]},{\"@type\":\"WebPage\",\"@id\":\"https:\/\/turismo.actiontravel.com.ar\/blog\/franco-colapinto-cada-vez-mas-cerca-de-la-formula-1\/\",\"url\":\"https:\/\/turismo.actiontravel.com.ar\/blog\/franco-colapinto-cada-vez-mas-cerca-de-la-formula-1\/\",\"name\":\"Franco Colapinto, cada vez m\u00e1s cerca de la F\u00f3rmula 1 - Blog Turismo | AT\",\"isPartOf\":{\"@id\":\"https:\/\/turismo.actiontravel.com.ar\/blog\/#website\"},\"primaryImageOfPage\":{\"@id\":\"https:\/\/turismo.actiontravel.com.ar\/blog\/franco-colapinto-cada-vez-mas-cerca-de-la-formula-1\/#primaryimage\"},\"image\":{\"@id\":\"https:\/\/turismo.actiontravel.com.ar\/blog\/franco-colapinto-cada-vez-mas-cerca-de-la-formula-1\/#primaryimage\"},\"thumbnailUrl\":\"https:\/\/tn.com.ar\/resizer\/H93PfwTIglb1lQMIqrrrPTIrPsw=\/767x0\/smart\/filters:format(webp)\/cloudfront-us-east-1.images.arcpublishing.com\/artear\/C5DFUU7TNZFQHD3ATTHJ6KDUYE.jpg\",\"datePublished\":\"2023-02-14T13:58:38+00:00\",\"dateModified\":\"2023-02-14T13:58:38+00:00\",\"breadcrumb\":{\"@id\":\"https:\/\/turismo.actiontravel.com.ar\/blog\/franco-colapinto-cada-vez-mas-cerca-de-la-formula-1\/#breadcrumb\"},\"inLanguage\":\"es\",\"potentialAction\":[{\"@type\":\"ReadAction\",\"target\":[\"https:\/\/turismo.actiontravel.com.ar\/blog\/franco-colapinto-cada-vez-mas-cerca-de-la-formula-1\/\"]}]},{\"@type\":\"ImageObject\",\"inLanguage\":\"es\",\"@id\":\"https:\/\/turismo.actiontravel.com.ar\/blog\/franco-colapinto-cada-vez-mas-cerca-de-la-formula-1\/#primaryimage\",\"url\":\"https:\/\/tn.com.ar\/resizer\/H93PfwTIglb1lQMIqrrrPTIrPsw=\/767x0\/smart\/filters:format(webp)\/cloudfront-us-east-1.images.arcpublishing.com\/artear\/C5DFUU7TNZFQHD3ATTHJ6KDUYE.jpg\",\"contentUrl\":\"https:\/\/tn.com.ar\/resizer\/H93PfwTIglb1lQMIqrrrPTIrPsw=\/767x0\/smart\/filters:format(webp)\/cloudfront-us-east-1.images.arcpublishing.com\/artear\/C5DFUU7TNZFQHD3ATTHJ6KDUYE.jpg\"},{\"@type\":\"BreadcrumbList\",\"@id\":\"https:\/\/turismo.actiontravel.com.ar\/blog\/franco-colapinto-cada-vez-mas-cerca-de-la-formula-1\/#breadcrumb\",\"itemListElement\":[{\"@type\":\"ListItem\",\"position\":1,\"name\":\"Portada\",\"item\":\"https:\/\/turismo.actiontravel.com.ar\/blog\/\"},{\"@type\":\"ListItem\",\"position\":2,\"name\":\"Franco Colapinto, cada vez m\u00e1s cerca de la F\u00f3rmula 1\"}]},{\"@type\":\"WebSite\",\"@id\":\"https:\/\/turismo.actiontravel.com.ar\/blog\/#website\",\"url\":\"https:\/\/turismo.actiontravel.com.ar\/blog\/\",\"name\":\"Blog Turismo | AT\",\"description\":\"Conoce las ultimas novedades de Turismo\",\"publisher\":{\"@id\":\"https:\/\/turismo.actiontravel.com.ar\/blog\/#organization\"},\"potentialAction\":[{\"@type\":\"SearchAction\",\"target\":{\"@type\":\"EntryPoint\",\"urlTemplate\":\"https:\/\/turismo.actiontravel.com.ar\/blog\/?s={search_term_string}\"},\"query-input\":\"required name=search_term_string\"}],\"inLanguage\":\"es\"},{\"@type\":\"Organization\",\"@id\":\"https:\/\/turismo.actiontravel.com.ar\/blog\/#organization\",\"name\":\"Action Travel\",\"url\":\"https:\/\/turismo.actiontravel.com.ar\/blog\/\",\"logo\":{\"@type\":\"ImageObject\",\"inLanguage\":\"es\",\"@id\":\"https:\/\/turismo.actiontravel.com.ar\/blog\/#\/schema\/logo\/image\/\",\"url\":\"https:\/\/turismo.actiontravel.com.ar\/blog\/wp-content\/uploads\/2023\/06\/50-Turismo-blanco.png\",\"contentUrl\":\"https:\/\/turismo.actiontravel.com.ar\/blog\/wp-content\/uploads\/2023\/06\/50-Turismo-blanco.png\",\"width\":300,\"height\":52,\"caption\":\"Action Travel\"},\"image\":{\"@id\":\"https:\/\/turismo.actiontravel.com.ar\/blog\/#\/schema\/logo\/image\/\"},\"sameAs\":[\"https:\/\/www.facebook.com\/ActionTravelArgentina\/\"]},{\"@type\":\"Person\",\"@id\":\"\",\"url\":\"https:\/\/turismo.actiontravel.com.ar\/blog\/author\/\"}]}<\/script>\n<!-- \/ Yoast SEO plugin. -->","yoast_head_json":{"title":"Franco Colapinto, cada vez m\u00e1s cerca de la F\u00f3rmula 1 - Blog Turismo | AT","robots":{"index":"index","follow":"follow","max-snippet":"max-snippet:-1","max-image-preview":"max-image-preview:large","max-video-preview":"max-video-preview:-1"},"canonical":"https:\/\/turismo.actiontravel.com.ar\/blog\/franco-colapinto-cada-vez-mas-cerca-de-la-formula-1\/","og_locale":"es_ES","og_type":"article","og_title":"Franco Colapinto, cada vez m\u00e1s cerca de la F\u00f3rmula 1 - Blog Turismo | AT","og_description":"El joven argentino ser\u00e1 parte de la academia de la escuder\u00eda que corre en la m\u00e1xima categor\u00eda del automovilismo mundial....","og_url":"https:\/\/turismo.actiontravel.com.ar\/blog\/franco-colapinto-cada-vez-mas-cerca-de-la-formula-1\/","og_site_name":"Blog Turismo | AT","article_publisher":"https:\/\/www.facebook.com\/ActionTravelArgentina\/","article_published_time":"2023-02-14T13:58:38+00:00","og_image":[{"url":"https:\/\/tn.com.ar\/resizer\/H93PfwTIglb1lQMIqrrrPTIrPsw=\/767x0\/smart\/filters:format(webp)\/cloudfront-us-east-1.images.arcpublishing.com\/artear\/C5DFUU7TNZFQHD3ATTHJ6KDUYE.jpg"}],"twitter_card":"summary_large_image","twitter_misc":{"Escrito por":"","Tiempo de lectura":"5 minutos"},"schema":{"@context":"https:\/\/schema.org","@graph":[{"@type":"Article","@id":"https:\/\/turismo.actiontravel.com.ar\/blog\/franco-colapinto-cada-vez-mas-cerca-de-la-formula-1\/#article","isPartOf":{"@id":"https:\/\/turismo.actiontravel.com.ar\/blog\/franco-colapinto-cada-vez-mas-cerca-de-la-formula-1\/"},"author":{"name":"","@id":""},"headline":"Franco Colapinto, cada vez m\u00e1s cerca de la F\u00f3rmula 1","datePublished":"2023-02-14T13:58:38+00:00","dateModified":"2023-02-14T13:58:38+00:00","mainEntityOfPage":{"@id":"https:\/\/turismo.actiontravel.com.ar\/blog\/franco-colapinto-cada-vez-mas-cerca-de-la-formula-1\/"},"wordCount":924,"commentCount":0,"publisher":{"@id":"https:\/\/turismo.actiontravel.com.ar\/blog\/#organization"},"image":{"@id":"https:\/\/turismo.actiontravel.com.ar\/blog\/franco-colapinto-cada-vez-mas-cerca-de-la-formula-1\/#primaryimage"},"thumbnailUrl":"https:\/\/tn.com.ar\/resizer\/H93PfwTIglb1lQMIqrrrPTIrPsw=\/767x0\/smart\/filters:format(webp)\/cloudfront-us-east-1.images.arcpublishing.com\/artear\/C5DFUU7TNZFQHD3ATTHJ6KDUYE.jpg","keywords":["colapinto","F1","f1saopaulo","formula1"],"articleSection":["Formula 1"],"inLanguage":"es","potentialAction":[{"@type":"CommentAction","name":"Comment","target":["https:\/\/turismo.actiontravel.com.ar\/blog\/franco-colapinto-cada-vez-mas-cerca-de-la-formula-1\/#respond"]}]},{"@type":"WebPage","@id":"https:\/\/turismo.actiontravel.com.ar\/blog\/franco-colapinto-cada-vez-mas-cerca-de-la-formula-1\/","url":"https:\/\/turismo.actiontravel.com.ar\/blog\/franco-colapinto-cada-vez-mas-cerca-de-la-formula-1\/","name":"Franco Colapinto, cada vez m\u00e1s cerca de la F\u00f3rmula 1 - Blog Turismo | AT","isPartOf":{"@id":"https:\/\/turismo.actiontravel.com.ar\/blog\/#website"},"primaryImageOfPage":{"@id":"https:\/\/turismo.actiontravel.com.ar\/blog\/franco-colapinto-cada-vez-mas-cerca-de-la-formula-1\/#primaryimage"},"image":{"@id":"https:\/\/turismo.actiontravel.com.ar\/blog\/franco-colapinto-cada-vez-mas-cerca-de-la-formula-1\/#primaryimage"},"thumbnailUrl":"https:\/\/tn.com.ar\/resizer\/H93PfwTIglb1lQMIqrrrPTIrPsw=\/767x0\/smart\/filters:format(webp)\/cloudfront-us-east-1.images.arcpublishing.com\/artear\/C5DFUU7TNZFQHD3ATTHJ6KDUYE.jpg","datePublished":"2023-02-14T13:58:38+00:00","dateModified":"2023-02-14T13:58:38+00:00","breadcrumb":{"@id":"https:\/\/turismo.actiontravel.com.ar\/blog\/franco-colapinto-cada-vez-mas-cerca-de-la-formula-1\/#breadcrumb"},"inLanguage":"es","potentialAction":[{"@type":"ReadAction","target":["https:\/\/turismo.actiontravel.com.ar\/blog\/franco-colapinto-cada-vez-mas-cerca-de-la-formula-1\/"]}]},{"@type":"ImageObject","inLanguage":"es","@id":"https:\/\/turismo.actiontravel.com.ar\/blog\/franco-colapinto-cada-vez-mas-cerca-de-la-formula-1\/#primaryimage","url":"https:\/\/tn.com.ar\/resizer\/H93PfwTIglb1lQMIqrrrPTIrPsw=\/767x0\/smart\/filters:format(webp)\/cloudfront-us-east-1.images.arcpublishing.com\/artear\/C5DFUU7TNZFQHD3ATTHJ6KDUYE.jpg","contentUrl":"https:\/\/tn.com.ar\/resizer\/H93PfwTIglb1lQMIqrrrPTIrPsw=\/767x0\/smart\/filters:format(webp)\/cloudfront-us-east-1.images.arcpublishing.com\/artear\/C5DFUU7TNZFQHD3ATTHJ6KDUYE.jpg"},{"@type":"BreadcrumbList","@id":"https:\/\/turismo.actiontravel.com.ar\/blog\/franco-colapinto-cada-vez-mas-cerca-de-la-formula-1\/#breadcrumb","itemListElement":[{"@type":"ListItem","position":1,"name":"Portada","item":"https:\/\/turismo.actiontravel.com.ar\/blog\/"},{"@type":"ListItem","position":2,"name":"Franco Colapinto, cada vez m\u00e1s cerca de la F\u00f3rmula 1"}]},{"@type":"WebSite","@id":"https:\/\/turismo.actiontravel.com.ar\/blog\/#website","url":"https:\/\/turismo.actiontravel.com.ar\/blog\/","name":"Blog Turismo | AT","description":"Conoce las ultimas novedades de Turismo","publisher":{"@id":"https:\/\/turismo.actiontravel.com.ar\/blog\/#organization"},"potentialAction":[{"@type":"SearchAction","target":{"@type":"EntryPoint","urlTemplate":"https:\/\/turismo.actiontravel.com.ar\/blog\/?s={search_term_string}"},"query-input":"required name=search_term_string"}],"inLanguage":"es"},{"@type":"Organization","@id":"https:\/\/turismo.actiontravel.com.ar\/blog\/#organization","name":"Action Travel","url":"https:\/\/turismo.actiontravel.com.ar\/blog\/","logo":{"@type":"ImageObject","inLanguage":"es","@id":"https:\/\/turismo.actiontravel.com.ar\/blog\/#\/schema\/logo\/image\/","url":"https:\/\/turismo.actiontravel.com.ar\/blog\/wp-content\/uploads\/2023\/06\/50-Turismo-blanco.png","contentUrl":"https:\/\/turismo.actiontravel.com.ar\/blog\/wp-content\/uploads\/2023\/06\/50-Turismo-blanco.png","width":300,"height":52,"caption":"Action Travel"},"image":{"@id":"https:\/\/turismo.actiontravel.com.ar\/blog\/#\/schema\/logo\/image\/"},"sameAs":["https:\/\/www.facebook.com\/ActionTravelArgentina\/"]},{"@type":"Person","@id":"","url":"https:\/\/turismo.actiontravel.com.ar\/blog\/author\/"}]}},"_links":{"self":[{"href":"https:\/\/turismo.actiontravel.com.ar\/blog\/wp-json\/wp\/v2\/posts\/4336"}],"collection":[{"href":"https:\/\/turismo.actiontravel.com.ar\/blog\/wp-json\/wp\/v2\/posts"}],"about":[{"href":"https:\/\/turismo.actiontravel.com.ar\/blog\/wp-json\/wp\/v2\/types\/post"}],"author":[{"embeddable":true,"href":"https:\/\/turismo.actiontravel.com.ar\/blog\/wp-json\/wp\/v2\/users\/1"}],"replies":[{"embeddable":true,"href":"https:\/\/turismo.actiontravel.com.ar\/blog\/wp-json\/wp\/v2\/comments?post=4336"}],"version-history":[{"count":2,"href":"https:\/\/turismo.actiontravel.com.ar\/blog\/wp-json\/wp\/v2\/posts\/4336\/revisions"}],"predecessor-version":[{"id":4339,"href":"https:\/\/turismo.actiontravel.com.ar\/blog\/wp-json\/wp\/v2\/posts\/4336\/revisions\/4339"}],"wp:attachment":[{"href":"https:\/\/turismo.actiontravel.com.ar\/blog\/wp-json\/wp\/v2\/media?parent=4336"}],"wp:term":[{"taxonomy":"category","embeddable":true,"href":"https:\/\/turismo.actiontravel.com.ar\/blog\/wp-json\/wp\/v2\/categories?post=4336"},{"taxonomy":"post_tag","embeddable":true,"href":"https:\/\/turismo.actiontravel.com.ar\/blog\/wp-json\/wp\/v2\/tags?post=4336"}],"curies":[{"name":"wp","href":"https:\/\/api.w.org\/{rel}","templated":true}]}}