{"id":4477,"date":"2023-07-01T12:40:32","date_gmt":"2023-07-01T15:40:32","guid":{"rendered":"https:\/\/turismo.actiontravel.com.ar\/blog\/?p=4477"},"modified":"2023-07-03T13:50:40","modified_gmt":"2023-07-03T16:50:40","slug":"vestimentas-para-climas-frios-consejos","status":"publish","type":"post","link":"https:\/\/turismo.actiontravel.com.ar\/blog\/vestimentas-para-climas-frios-consejos\/","title":{"rendered":"Vestimentas para climas frios, algunos consejos"},"content":{"rendered":"<p><em><strong>Las vacaciones de Invierno se acercan y es bueno ir pensando qu\u00e9 poner en la valija y estar al tanto de lo que conviene conseguir en el lugar de vacaciones. Vestimenta para climas fr\u00edos: Disfruta el Invierno!<\/strong><\/em><\/p>\n<p>Los climas fr\u00edos, donde nieva y llueve como en\u00a0<strong>Bariloche<\/strong>, exigen ropas de abrigo de buena calidad. Preservarse de la humedad, del viento y del fr\u00edo son requisitos indispensables para poder disfrutar del esqu\u00ed, de una caminata por los cerros o de un paseo en catamar\u00e1n.<\/p>\n<p>Si vos sos una persona que practica deportes invernales muy espor\u00e1dica mente, tan s\u00f3lo unos pocos d\u00edas al a\u00f1o, el alquiler de ropa adecuada es una buena opci\u00f3n. Adem\u00e1s de tener garantizada una apropiada protecci\u00f3n frente a los factores clim\u00e1ticos, evitar\u00e1 estropear su propia vestimenta y dejar\u00e1 mucho m\u00e1s espacio libre en la valija!<\/p>\n<p>Tenga en cuenta adem\u00e1s que en el caso de los chicos, que crecen continuamente, tambi\u00e9n resulta una opci\u00f3n inteligente el alquiler de ropa t\u00e9rmica, ya que se evita una compra que quedar\u00e1 en desuso en un par de temporadas, con suerte.<\/p>\n<h4>Ahora bien, \u00bfc\u00f3mo saber qu\u00e9 equipo de ropa conviene?<\/h4>\n<p>Con respecto al equipo, se puede optar por un enterito o una campera con pantal\u00f3n. Cada uno tiene sus ventajas ya que la vestimenta de s\u00f3lo un cuerpo protege m\u00e1s de la nieve pero la de dos piezas es m\u00e1s c\u00f3moda. Es importante que la casa donde se alquilen las prendas haga un tratamiento adecuado de las mismas, rotando su alquiler para que no pierdan sus cualidades t\u00e9rmicas e impermeables.<\/p>\n<p>&nbsp;<\/p>\n<p><img decoding=\"async\" src=\"https:\/\/img.europapress.es\/fotoweb\/fotonoticia_20150129110933_1200.jpg\" alt=\"Consejos para un d\u00eda en la nieve con ni\u00f1os\" \/><\/p>\n<p>En los equipos importados se utilizan fibras que no se fabrican en la Argentina, como el poli\u00e9ster y las mezclas con algod\u00f3n. En nuestro pa\u00eds se usa la guata tradicional, la cual no tiene una gran duraci\u00f3n puesto que al lavarse se deshace y quedan huecos en la fibra. El producto importado es mejor en cuanto a su capacidad t\u00e9rmica e impermeable como as\u00ed tambi\u00e9n en cuanto a la hechura y a la terminaci\u00f3n. Hay que tener en cuenta que los equipos fabricados en el exterior deben responder a un p\u00fablico m\u00e1s exigente, que est\u00e1 expuesto a climas extremos durante muchos meses.<br \/>\nEl conjunto que se alquila incluye los guantes y el calzado, aunque en el caso de los primeros es conveniente comprarlos, por cuestiones de higiene y porque son f\u00e1ciles de perder.<\/p>\n<p>Hay que prestar suma atenci\u00f3n a la hora de elegir el calzado para que \u00e9ste sea c\u00f3modo y adem\u00e1s brinde buena protecci\u00f3n contra el fr\u00edo, el agua y la nieve. Podemos encontrar una l\u00ednea de botas que permiten tolerar temperaturas de hasta -40\u00baC gracias a una mezcla de materiales que aseguran el mantenimiento del calor corporal y al mismo tiempo una adecuada ventilaci\u00f3n. Adem\u00e1s son botas m\u00e1s flexibles y livianas que las tradicionales y garantizan una buena tracci\u00f3n y confort.<br \/>\nTodos los calzados disponibles tienen una media interna desmontable que facilita una mayor higiene. Una vez que el cliente devuelve las botas, las medias son desinfectadas. Asimismo, las prendas son lavadas con productos especialmente dise\u00f1ados.<\/p>\n<p>En cuanto a las antiparras, indispensables para andar en la nieve, es importante que cubran los ojos protegi\u00e9ndolos de los rayos solares por lo cual el vidrio debe ser de buena calidad y no se debe empa\u00f1ar<\/p>\n","protected":false},"excerpt":{"rendered":"<p class=\"post-excerpt\">Las vacaciones de Invierno se acercan y es bueno ir pensando qu\u00e9 poner en la valija y estar al tanto&#8230;<\/p>\n","protected":false},"author":1,"featured_media":4645,"comment_status":"open","ping_status":"open","sticky":false,"template":"","format":"standard","meta":{"_acf_changed":false,"footnotes":""},"categories":[66],"tags":[],"acf":[],"yoast_head":"<!-- This site is optimized with the Yoast SEO plugin v22.7 - https:\/\/yoast.com\/wordpress\/plugins\/seo\/ -->\n<title>Vestimentas para climas frios, algunos consejos - Blog Turismo | AT<\/title>\n<meta name=\"robots\" content=\"index, follow, max-snippet:-1, max-image-preview:large, max-video-preview:-1\" \/>\n<link rel=\"canonical\" href=\"https:\/\/turismo.actiontravel.com.ar\/blog\/vestimentas-para-climas-frios-consejos\/\" \/>\n<meta property=\"og:locale\" content=\"es_ES\" \/>\n<meta property=\"og:type\" content=\"article\" \/>\n<meta property=\"og:title\" content=\"Vestimentas para climas frios, algunos consejos - Blog Turismo | AT\" \/>\n<meta property=\"og:description\" content=\"Las vacaciones de Invierno se acercan y es bueno ir pensando qu\u00e9 poner en la valija y estar al tanto...\" \/>\n<meta property=\"og:url\" content=\"https:\/\/turismo.actiontravel.com.ar\/blog\/vestimentas-para-climas-frios-consejos\/\" \/>\n<meta property=\"og:site_name\" content=\"Blog Turismo | AT\" \/>\n<meta property=\"article:publisher\" content=\"https:\/\/www.facebook.com\/ActionTravelArgentina\/\" \/>\n<meta property=\"article:published_time\" content=\"2023-07-01T15:40:32+00:00\" \/>\n<meta property=\"article:modified_time\" content=\"2023-07-03T16:50:40+00:00\" \/>\n<meta property=\"og:image\" content=\"https:\/\/turismo.actiontravel.com.ar\/blog\/wp-content\/uploads\/2023\/07\/fotonoticia_20150129110933_1200.jpg\" \/>\n\t<meta property=\"og:image:width\" content=\"1200\" \/>\n\t<meta property=\"og:image:height\" content=\"799\" \/>\n\t<meta property=\"og:image:type\" content=\"image\/jpeg\" \/>\n<meta name=\"twitter:card\" content=\"summary_large_image\" \/>\n<meta name=\"twitter:label1\" content=\"Escrito por\" \/>\n\t<meta name=\"twitter:data1\" content=\"\" \/>\n\t<meta name=\"twitter:label2\" content=\"Tiempo de lectura\" \/>\n\t<meta name=\"twitter:data2\" content=\"3 minutos\" \/>\n<script type=\"application\/ld+json\" class=\"yoast-schema-graph\">{\"@context\":\"https:\/\/schema.org\",\"@graph\":[{\"@type\":\"Article\",\"@id\":\"https:\/\/turismo.actiontravel.com.ar\/blog\/vestimentas-para-climas-frios-consejos\/#article\",\"isPartOf\":{\"@id\":\"https:\/\/turismo.actiontravel.com.ar\/blog\/vestimentas-para-climas-frios-consejos\/\"},\"author\":{\"name\":\"\",\"@id\":\"\"},\"headline\":\"Vestimentas para climas frios, algunos consejos\",\"datePublished\":\"2023-07-01T15:40:32+00:00\",\"dateModified\":\"2023-07-03T16:50:40+00:00\",\"mainEntityOfPage\":{\"@id\":\"https:\/\/turismo.actiontravel.com.ar\/blog\/vestimentas-para-climas-frios-consejos\/\"},\"wordCount\":597,\"commentCount\":0,\"publisher\":{\"@id\":\"https:\/\/turismo.actiontravel.com.ar\/blog\/#organization\"},\"image\":{\"@id\":\"https:\/\/turismo.actiontravel.com.ar\/blog\/vestimentas-para-climas-frios-consejos\/#primaryimage\"},\"thumbnailUrl\":\"https:\/\/turismo.actiontravel.com.ar\/blog\/wp-content\/uploads\/2023\/07\/fotonoticia_20150129110933_1200.jpg\",\"articleSection\":[\"Sabias que ?\"],\"inLanguage\":\"es\",\"potentialAction\":[{\"@type\":\"CommentAction\",\"name\":\"Comment\",\"target\":[\"https:\/\/turismo.actiontravel.com.ar\/blog\/vestimentas-para-climas-frios-consejos\/#respond\"]}]},{\"@type\":\"WebPage\",\"@id\":\"https:\/\/turismo.actiontravel.com.ar\/blog\/vestimentas-para-climas-frios-consejos\/\",\"url\":\"https:\/\/turismo.actiontravel.com.ar\/blog\/vestimentas-para-climas-frios-consejos\/\",\"name\":\"Vestimentas para climas frios, algunos consejos - Blog Turismo | AT\",\"isPartOf\":{\"@id\":\"https:\/\/turismo.actiontravel.com.ar\/blog\/#website\"},\"primaryImageOfPage\":{\"@id\":\"https:\/\/turismo.actiontravel.com.ar\/blog\/vestimentas-para-climas-frios-consejos\/#primaryimage\"},\"image\":{\"@id\":\"https:\/\/turismo.actiontravel.com.ar\/blog\/vestimentas-para-climas-frios-consejos\/#primaryimage\"},\"thumbnailUrl\":\"https:\/\/turismo.actiontravel.com.ar\/blog\/wp-content\/uploads\/2023\/07\/fotonoticia_20150129110933_1200.jpg\",\"datePublished\":\"2023-07-01T15:40:32+00:00\",\"dateModified\":\"2023-07-03T16:50:40+00:00\",\"breadcrumb\":{\"@id\":\"https:\/\/turismo.actiontravel.com.ar\/blog\/vestimentas-para-climas-frios-consejos\/#breadcrumb\"},\"inLanguage\":\"es\",\"potentialAction\":[{\"@type\":\"ReadAction\",\"target\":[\"https:\/\/turismo.actiontravel.com.ar\/blog\/vestimentas-para-climas-frios-consejos\/\"]}]},{\"@type\":\"ImageObject\",\"inLanguage\":\"es\",\"@id\":\"https:\/\/turismo.actiontravel.com.ar\/blog\/vestimentas-para-climas-frios-consejos\/#primaryimage\",\"url\":\"https:\/\/turismo.actiontravel.com.ar\/blog\/wp-content\/uploads\/2023\/07\/fotonoticia_20150129110933_1200.jpg\",\"contentUrl\":\"https:\/\/turismo.actiontravel.com.ar\/blog\/wp-content\/uploads\/2023\/07\/fotonoticia_20150129110933_1200.jpg\",\"width\":1200,\"height\":799,\"caption\":\"29\/01\/2015 Planes de ocio en la nieve con ni\u00f1os SOCIEDAD THINKSTOCK\"},{\"@type\":\"BreadcrumbList\",\"@id\":\"https:\/\/turismo.actiontravel.com.ar\/blog\/vestimentas-para-climas-frios-consejos\/#breadcrumb\",\"itemListElement\":[{\"@type\":\"ListItem\",\"position\":1,\"name\":\"Portada\",\"item\":\"https:\/\/turismo.actiontravel.com.ar\/blog\/\"},{\"@type\":\"ListItem\",\"position\":2,\"name\":\"Vestimentas para climas frios, algunos consejos\"}]},{\"@type\":\"WebSite\",\"@id\":\"https:\/\/turismo.actiontravel.com.ar\/blog\/#website\",\"url\":\"https:\/\/turismo.actiontravel.com.ar\/blog\/\",\"name\":\"Blog Turismo | AT\",\"description\":\"Conoce las ultimas novedades de Turismo\",\"publisher\":{\"@id\":\"https:\/\/turismo.actiontravel.com.ar\/blog\/#organization\"},\"potentialAction\":[{\"@type\":\"SearchAction\",\"target\":{\"@type\":\"EntryPoint\",\"urlTemplate\":\"https:\/\/turismo.actiontravel.com.ar\/blog\/?s={search_term_string}\"},\"query-input\":\"required name=search_term_string\"}],\"inLanguage\":\"es\"},{\"@type\":\"Organization\",\"@id\":\"https:\/\/turismo.actiontravel.com.ar\/blog\/#organization\",\"name\":\"Action Travel\",\"url\":\"https:\/\/turismo.actiontravel.com.ar\/blog\/\",\"logo\":{\"@type\":\"ImageObject\",\"inLanguage\":\"es\",\"@id\":\"https:\/\/turismo.actiontravel.com.ar\/blog\/#\/schema\/logo\/image\/\",\"url\":\"https:\/\/turismo.actiontravel.com.ar\/blog\/wp-content\/uploads\/2023\/06\/50-Turismo-blanco.png\",\"contentUrl\":\"https:\/\/turismo.actiontravel.com.ar\/blog\/wp-content\/uploads\/2023\/06\/50-Turismo-blanco.png\",\"width\":300,\"height\":52,\"caption\":\"Action Travel\"},\"image\":{\"@id\":\"https:\/\/turismo.actiontravel.com.ar\/blog\/#\/schema\/logo\/image\/\"},\"sameAs\":[\"https:\/\/www.facebook.com\/ActionTravelArgentina\/\"]},{\"@type\":\"Person\",\"@id\":\"\",\"url\":\"https:\/\/turismo.actiontravel.com.ar\/blog\/author\/\"}]}<\/script>\n<!-- \/ Yoast SEO plugin. -->","yoast_head_json":{"title":"Vestimentas para climas frios, algunos consejos - Blog Turismo | AT","robots":{"index":"index","follow":"follow","max-snippet":"max-snippet:-1","max-image-preview":"max-image-preview:large","max-video-preview":"max-video-preview:-1"},"canonical":"https:\/\/turismo.actiontravel.com.ar\/blog\/vestimentas-para-climas-frios-consejos\/","og_locale":"es_ES","og_type":"article","og_title":"Vestimentas para climas frios, algunos consejos - Blog Turismo | AT","og_description":"Las vacaciones de Invierno se acercan y es bueno ir pensando qu\u00e9 poner en la valija y estar al tanto...","og_url":"https:\/\/turismo.actiontravel.com.ar\/blog\/vestimentas-para-climas-frios-consejos\/","og_site_name":"Blog Turismo | AT","article_publisher":"https:\/\/www.facebook.com\/ActionTravelArgentina\/","article_published_time":"2023-07-01T15:40:32+00:00","article_modified_time":"2023-07-03T16:50:40+00:00","og_image":[{"width":1200,"height":799,"url":"https:\/\/turismo.actiontravel.com.ar\/blog\/wp-content\/uploads\/2023\/07\/fotonoticia_20150129110933_1200.jpg","type":"image\/jpeg"}],"twitter_card":"summary_large_image","twitter_misc":{"Escrito por":"","Tiempo de lectura":"3 minutos"},"schema":{"@context":"https:\/\/schema.org","@graph":[{"@type":"Article","@id":"https:\/\/turismo.actiontravel.com.ar\/blog\/vestimentas-para-climas-frios-consejos\/#article","isPartOf":{"@id":"https:\/\/turismo.actiontravel.com.ar\/blog\/vestimentas-para-climas-frios-consejos\/"},"author":{"name":"","@id":""},"headline":"Vestimentas para climas frios, algunos consejos","datePublished":"2023-07-01T15:40:32+00:00","dateModified":"2023-07-03T16:50:40+00:00","mainEntityOfPage":{"@id":"https:\/\/turismo.actiontravel.com.ar\/blog\/vestimentas-para-climas-frios-consejos\/"},"wordCount":597,"commentCount":0,"publisher":{"@id":"https:\/\/turismo.actiontravel.com.ar\/blog\/#organization"},"image":{"@id":"https:\/\/turismo.actiontravel.com.ar\/blog\/vestimentas-para-climas-frios-consejos\/#primaryimage"},"thumbnailUrl":"https:\/\/turismo.actiontravel.com.ar\/blog\/wp-content\/uploads\/2023\/07\/fotonoticia_20150129110933_1200.jpg","articleSection":["Sabias que ?"],"inLanguage":"es","potentialAction":[{"@type":"CommentAction","name":"Comment","target":["https:\/\/turismo.actiontravel.com.ar\/blog\/vestimentas-para-climas-frios-consejos\/#respond"]}]},{"@type":"WebPage","@id":"https:\/\/turismo.actiontravel.com.ar\/blog\/vestimentas-para-climas-frios-consejos\/","url":"https:\/\/turismo.actiontravel.com.ar\/blog\/vestimentas-para-climas-frios-consejos\/","name":"Vestimentas para climas frios, algunos consejos - Blog Turismo | AT","isPartOf":{"@id":"https:\/\/turismo.actiontravel.com.ar\/blog\/#website"},"primaryImageOfPage":{"@id":"https:\/\/turismo.actiontravel.com.ar\/blog\/vestimentas-para-climas-frios-consejos\/#primaryimage"},"image":{"@id":"https:\/\/turismo.actiontravel.com.ar\/blog\/vestimentas-para-climas-frios-consejos\/#primaryimage"},"thumbnailUrl":"https:\/\/turismo.actiontravel.com.ar\/blog\/wp-content\/uploads\/2023\/07\/fotonoticia_20150129110933_1200.jpg","datePublished":"2023-07-01T15:40:32+00:00","dateModified":"2023-07-03T16:50:40+00:00","breadcrumb":{"@id":"https:\/\/turismo.actiontravel.com.ar\/blog\/vestimentas-para-climas-frios-consejos\/#breadcrumb"},"inLanguage":"es","potentialAction":[{"@type":"ReadAction","target":["https:\/\/turismo.actiontravel.com.ar\/blog\/vestimentas-para-climas-frios-consejos\/"]}]},{"@type":"ImageObject","inLanguage":"es","@id":"https:\/\/turismo.actiontravel.com.ar\/blog\/vestimentas-para-climas-frios-consejos\/#primaryimage","url":"https:\/\/turismo.actiontravel.com.ar\/blog\/wp-content\/uploads\/2023\/07\/fotonoticia_20150129110933_1200.jpg","contentUrl":"https:\/\/turismo.actiontravel.com.ar\/blog\/wp-content\/uploads\/2023\/07\/fotonoticia_20150129110933_1200.jpg","width":1200,"height":799,"caption":"29\/01\/2015 Planes de ocio en la nieve con ni\u00f1os SOCIEDAD THINKSTOCK"},{"@type":"BreadcrumbList","@id":"https:\/\/turismo.actiontravel.com.ar\/blog\/vestimentas-para-climas-frios-consejos\/#breadcrumb","itemListElement":[{"@type":"ListItem","position":1,"name":"Portada","item":"https:\/\/turismo.actiontravel.com.ar\/blog\/"},{"@type":"ListItem","position":2,"name":"Vestimentas para climas frios, algunos consejos"}]},{"@type":"WebSite","@id":"https:\/\/turismo.actiontravel.com.ar\/blog\/#website","url":"https:\/\/turismo.actiontravel.com.ar\/blog\/","name":"Blog Turismo | AT","description":"Conoce las ultimas novedades de Turismo","publisher":{"@id":"https:\/\/turismo.actiontravel.com.ar\/blog\/#organization"},"potentialAction":[{"@type":"SearchAction","target":{"@type":"EntryPoint","urlTemplate":"https:\/\/turismo.actiontravel.com.ar\/blog\/?s={search_term_string}"},"query-input":"required name=search_term_string"}],"inLanguage":"es"},{"@type":"Organization","@id":"https:\/\/turismo.actiontravel.com.ar\/blog\/#organization","name":"Action Travel","url":"https:\/\/turismo.actiontravel.com.ar\/blog\/","logo":{"@type":"ImageObject","inLanguage":"es","@id":"https:\/\/turismo.actiontravel.com.ar\/blog\/#\/schema\/logo\/image\/","url":"https:\/\/turismo.actiontravel.com.ar\/blog\/wp-content\/uploads\/2023\/06\/50-Turismo-blanco.png","contentUrl":"https:\/\/turismo.actiontravel.com.ar\/blog\/wp-content\/uploads\/2023\/06\/50-Turismo-blanco.png","width":300,"height":52,"caption":"Action Travel"},"image":{"@id":"https:\/\/turismo.actiontravel.com.ar\/blog\/#\/schema\/logo\/image\/"},"sameAs":["https:\/\/www.facebook.com\/ActionTravelArgentina\/"]},{"@type":"Person","@id":"","url":"https:\/\/turismo.actiontravel.com.ar\/blog\/author\/"}]}},"_links":{"self":[{"href":"https:\/\/turismo.actiontravel.com.ar\/blog\/wp-json\/wp\/v2\/posts\/4477"}],"collection":[{"href":"https:\/\/turismo.actiontravel.com.ar\/blog\/wp-json\/wp\/v2\/posts"}],"about":[{"href":"https:\/\/turismo.actiontravel.com.ar\/blog\/wp-json\/wp\/v2\/types\/post"}],"author":[{"embeddable":true,"href":"https:\/\/turismo.actiontravel.com.ar\/blog\/wp-json\/wp\/v2\/users\/1"}],"replies":[{"embeddable":true,"href":"https:\/\/turismo.actiontravel.com.ar\/blog\/wp-json\/wp\/v2\/comments?post=4477"}],"version-history":[{"count":3,"href":"https:\/\/turismo.actiontravel.com.ar\/blog\/wp-json\/wp\/v2\/posts\/4477\/revisions"}],"predecessor-version":[{"id":4481,"href":"https:\/\/turismo.actiontravel.com.ar\/blog\/wp-json\/wp\/v2\/posts\/4477\/revisions\/4481"}],"wp:featuredmedia":[{"embeddable":true,"href":"https:\/\/turismo.actiontravel.com.ar\/blog\/wp-json\/wp\/v2\/media\/4645"}],"wp:attachment":[{"href":"https:\/\/turismo.actiontravel.com.ar\/blog\/wp-json\/wp\/v2\/media?parent=4477"}],"wp:term":[{"taxonomy":"category","embeddable":true,"href":"https:\/\/turismo.actiontravel.com.ar\/blog\/wp-json\/wp\/v2\/categories?post=4477"},{"taxonomy":"post_tag","embeddable":true,"href":"https:\/\/turismo.actiontravel.com.ar\/blog\/wp-json\/wp\/v2\/tags?post=4477"}],"curies":[{"name":"wp","href":"https:\/\/api.w.org\/{rel}","templated":true}]}}