{"id":4762,"date":"2023-08-25T11:20:25","date_gmt":"2023-08-25T14:20:25","guid":{"rendered":"https:\/\/turismo.actiontravel.com.ar\/blog\/?p=4762"},"modified":"2023-08-25T11:20:25","modified_gmt":"2023-08-25T14:20:25","slug":"costa-presenta-su-oferta-de-minicruceros-por-el-rio-de-la-plata","status":"publish","type":"post","link":"https:\/\/turismo.actiontravel.com.ar\/blog\/costa-presenta-su-oferta-de-minicruceros-por-el-rio-de-la-plata\/","title":{"rendered":"Costa presenta su oferta de minicruceros por el R\u00edo de la Plata"},"content":{"rendered":"<p><em><strong>Anticip\u00e1ndose a la temporada 2023-2024, la naviera italiana ofrece una selecci\u00f3n de minicruceros en los meses de diciembre de 2023 y abril de 2024.\u00a0<\/strong><\/em><\/p>\n<p><img loading=\"lazy\" decoding=\"async\" class=\"aligncenter\" src=\"https:\/\/reportnews.la\/wp-content\/uploads\/2023\/08\/Costa.jpg\" alt=\"imagen\" width=\"732\" height=\"479\" \/><\/p>\n<p>Los minicruceros de Costa Cruceros son la opci\u00f3n perfecta para quienes desean experimentar por primera vez la experiencia de un crucero o quieren disfrutar de una escapada corta antes o despu\u00e9s de la temporada alta de verano. Tienen duraciones de 4 o 5 d\u00edas, navegando por el R\u00edo de la Plata entre la Argentina y Uruguay.<\/p>\n<p>Costa Cruceros ser\u00e1 el \u00fanico operador que ofrecer\u00e1 tres salidas en diciembre desde Buenos Aires: dos a Punta del Este y una a Montevideo; y otra salida en abril, hasta Punta del Este, nuevamente. Los minicruceros se realizar\u00e1n a bordo del Costa Fascinosa, zarpando en las siguientes fechas desde la terminal de cruceros porte\u00f1a:<\/p>\n<p><strong>08 de diciembre: Mini Punta del Este<\/strong><\/p>\n<p><strong>12 de diciembre: Mini Montevideo<\/strong><\/p>\n<p><strong>15 de diciembre: Mini Punta del Este N\u00b02<\/strong><\/p>\n<p><strong>1\u00b0 de abril: Mini Punta del Este N\u00b03<\/strong><\/p>\n<p>El Costa Fascinosa cuenta con un total de 1.508 cabinas, nueve piscinas y jacuzzis, seis restaurantes con opciones gastron\u00f3micas de primer nivel, 12 bares, un parque acu\u00e1tico infantil tem\u00e1tico, un teatro, un casino, un Squok Club con una zona dedicada a Peppa Pig para los m\u00e1s peque\u00f1os, un spa, una pista polideportiva y un gimnasio.<\/p>\n<p><strong>Fernando Joselevich<\/strong>, Country Manager de Costa Cruceros Argentina, afirm\u00f3 que<em>\u00a0\u201clos minicruceros son una opci\u00f3n ideal para aquellos que buscan cortar la semana laboral y descansar algunos d\u00edas sin tener que desentenderse de su actividad por plazos muy largos. Queremos que nuestros pasajeros disfruten de una experiencia insuperable mientras se relajan en alta mar y descubren lo mejor de Uruguay en nuestras salidas a Punta del Este y Montevideo\u201d.<\/em><\/p>\n","protected":false},"excerpt":{"rendered":"<p class=\"post-excerpt\">Anticip\u00e1ndose a la temporada 2023-2024, la naviera italiana ofrece una selecci\u00f3n de minicruceros en los meses de diciembre de 2023&#8230;<\/p>\n","protected":false},"author":1,"featured_media":4764,"comment_status":"open","ping_status":"open","sticky":false,"template":"","format":"standard","meta":{"_acf_changed":false,"footnotes":""},"categories":[5],"tags":[288],"acf":[],"yoast_head":"<!-- This site is optimized with the Yoast SEO plugin v22.7 - https:\/\/yoast.com\/wordpress\/plugins\/seo\/ -->\n<title>Costa presenta su oferta de minicruceros por el R\u00edo de la Plata - Blog Turismo | AT<\/title>\n<meta name=\"robots\" content=\"index, follow, max-snippet:-1, max-image-preview:large, max-video-preview:-1\" \/>\n<link rel=\"canonical\" href=\"https:\/\/turismo.actiontravel.com.ar\/blog\/costa-presenta-su-oferta-de-minicruceros-por-el-rio-de-la-plata\/\" \/>\n<meta property=\"og:locale\" content=\"es_ES\" \/>\n<meta property=\"og:type\" content=\"article\" \/>\n<meta property=\"og:title\" content=\"Costa presenta su oferta de minicruceros por el R\u00edo de la Plata - Blog Turismo | AT\" \/>\n<meta property=\"og:description\" content=\"Anticip\u00e1ndose a la temporada 2023-2024, la naviera italiana ofrece una selecci\u00f3n de minicruceros en los meses de diciembre de 2023...\" \/>\n<meta property=\"og:url\" content=\"https:\/\/turismo.actiontravel.com.ar\/blog\/costa-presenta-su-oferta-de-minicruceros-por-el-rio-de-la-plata\/\" \/>\n<meta property=\"og:site_name\" content=\"Blog Turismo | AT\" \/>\n<meta property=\"article:publisher\" content=\"https:\/\/www.facebook.com\/ActionTravelArgentina\/\" \/>\n<meta property=\"article:published_time\" content=\"2023-08-25T14:20:25+00:00\" \/>\n<meta property=\"og:image\" content=\"https:\/\/turismo.actiontravel.com.ar\/blog\/wp-content\/uploads\/2023\/08\/costa.jpg\" \/>\n\t<meta property=\"og:image:width\" content=\"694\" \/>\n\t<meta property=\"og:image:height\" content=\"390\" \/>\n\t<meta property=\"og:image:type\" content=\"image\/jpeg\" \/>\n<meta name=\"twitter:card\" content=\"summary_large_image\" \/>\n<meta name=\"twitter:label1\" content=\"Escrito por\" \/>\n\t<meta name=\"twitter:data1\" content=\"\" \/>\n\t<meta name=\"twitter:label2\" content=\"Tiempo de lectura\" \/>\n\t<meta name=\"twitter:data2\" content=\"2 minutos\" \/>\n<script type=\"application\/ld+json\" class=\"yoast-schema-graph\">{\"@context\":\"https:\/\/schema.org\",\"@graph\":[{\"@type\":\"Article\",\"@id\":\"https:\/\/turismo.actiontravel.com.ar\/blog\/costa-presenta-su-oferta-de-minicruceros-por-el-rio-de-la-plata\/#article\",\"isPartOf\":{\"@id\":\"https:\/\/turismo.actiontravel.com.ar\/blog\/costa-presenta-su-oferta-de-minicruceros-por-el-rio-de-la-plata\/\"},\"author\":{\"name\":\"\",\"@id\":\"\"},\"headline\":\"Costa presenta su oferta de minicruceros por el R\u00edo de la Plata\",\"datePublished\":\"2023-08-25T14:20:25+00:00\",\"dateModified\":\"2023-08-25T14:20:25+00:00\",\"mainEntityOfPage\":{\"@id\":\"https:\/\/turismo.actiontravel.com.ar\/blog\/costa-presenta-su-oferta-de-minicruceros-por-el-rio-de-la-plata\/\"},\"wordCount\":304,\"commentCount\":0,\"publisher\":{\"@id\":\"https:\/\/turismo.actiontravel.com.ar\/blog\/#organization\"},\"image\":{\"@id\":\"https:\/\/turismo.actiontravel.com.ar\/blog\/costa-presenta-su-oferta-de-minicruceros-por-el-rio-de-la-plata\/#primaryimage\"},\"thumbnailUrl\":\"https:\/\/turismo.actiontravel.com.ar\/blog\/wp-content\/uploads\/2023\/08\/costa.jpg\",\"keywords\":[\"#ATTTUR\"],\"articleSection\":[\"Cruceros\"],\"inLanguage\":\"es\",\"potentialAction\":[{\"@type\":\"CommentAction\",\"name\":\"Comment\",\"target\":[\"https:\/\/turismo.actiontravel.com.ar\/blog\/costa-presenta-su-oferta-de-minicruceros-por-el-rio-de-la-plata\/#respond\"]}]},{\"@type\":\"WebPage\",\"@id\":\"https:\/\/turismo.actiontravel.com.ar\/blog\/costa-presenta-su-oferta-de-minicruceros-por-el-rio-de-la-plata\/\",\"url\":\"https:\/\/turismo.actiontravel.com.ar\/blog\/costa-presenta-su-oferta-de-minicruceros-por-el-rio-de-la-plata\/\",\"name\":\"Costa presenta su oferta de minicruceros por el R\u00edo de la Plata - Blog Turismo | AT\",\"isPartOf\":{\"@id\":\"https:\/\/turismo.actiontravel.com.ar\/blog\/#website\"},\"primaryImageOfPage\":{\"@id\":\"https:\/\/turismo.actiontravel.com.ar\/blog\/costa-presenta-su-oferta-de-minicruceros-por-el-rio-de-la-plata\/#primaryimage\"},\"image\":{\"@id\":\"https:\/\/turismo.actiontravel.com.ar\/blog\/costa-presenta-su-oferta-de-minicruceros-por-el-rio-de-la-plata\/#primaryimage\"},\"thumbnailUrl\":\"https:\/\/turismo.actiontravel.com.ar\/blog\/wp-content\/uploads\/2023\/08\/costa.jpg\",\"datePublished\":\"2023-08-25T14:20:25+00:00\",\"dateModified\":\"2023-08-25T14:20:25+00:00\",\"breadcrumb\":{\"@id\":\"https:\/\/turismo.actiontravel.com.ar\/blog\/costa-presenta-su-oferta-de-minicruceros-por-el-rio-de-la-plata\/#breadcrumb\"},\"inLanguage\":\"es\",\"potentialAction\":[{\"@type\":\"ReadAction\",\"target\":[\"https:\/\/turismo.actiontravel.com.ar\/blog\/costa-presenta-su-oferta-de-minicruceros-por-el-rio-de-la-plata\/\"]}]},{\"@type\":\"ImageObject\",\"inLanguage\":\"es\",\"@id\":\"https:\/\/turismo.actiontravel.com.ar\/blog\/costa-presenta-su-oferta-de-minicruceros-por-el-rio-de-la-plata\/#primaryimage\",\"url\":\"https:\/\/turismo.actiontravel.com.ar\/blog\/wp-content\/uploads\/2023\/08\/costa.jpg\",\"contentUrl\":\"https:\/\/turismo.actiontravel.com.ar\/blog\/wp-content\/uploads\/2023\/08\/costa.jpg\",\"width\":694,\"height\":390},{\"@type\":\"BreadcrumbList\",\"@id\":\"https:\/\/turismo.actiontravel.com.ar\/blog\/costa-presenta-su-oferta-de-minicruceros-por-el-rio-de-la-plata\/#breadcrumb\",\"itemListElement\":[{\"@type\":\"ListItem\",\"position\":1,\"name\":\"Portada\",\"item\":\"https:\/\/turismo.actiontravel.com.ar\/blog\/\"},{\"@type\":\"ListItem\",\"position\":2,\"name\":\"Costa presenta su oferta de minicruceros por el R\u00edo de la Plata\"}]},{\"@type\":\"WebSite\",\"@id\":\"https:\/\/turismo.actiontravel.com.ar\/blog\/#website\",\"url\":\"https:\/\/turismo.actiontravel.com.ar\/blog\/\",\"name\":\"Blog Turismo | AT\",\"description\":\"Conoce las ultimas novedades de Turismo\",\"publisher\":{\"@id\":\"https:\/\/turismo.actiontravel.com.ar\/blog\/#organization\"},\"potentialAction\":[{\"@type\":\"SearchAction\",\"target\":{\"@type\":\"EntryPoint\",\"urlTemplate\":\"https:\/\/turismo.actiontravel.com.ar\/blog\/?s={search_term_string}\"},\"query-input\":\"required name=search_term_string\"}],\"inLanguage\":\"es\"},{\"@type\":\"Organization\",\"@id\":\"https:\/\/turismo.actiontravel.com.ar\/blog\/#organization\",\"name\":\"Action Travel\",\"url\":\"https:\/\/turismo.actiontravel.com.ar\/blog\/\",\"logo\":{\"@type\":\"ImageObject\",\"inLanguage\":\"es\",\"@id\":\"https:\/\/turismo.actiontravel.com.ar\/blog\/#\/schema\/logo\/image\/\",\"url\":\"https:\/\/turismo.actiontravel.com.ar\/blog\/wp-content\/uploads\/2023\/06\/50-Turismo-blanco.png\",\"contentUrl\":\"https:\/\/turismo.actiontravel.com.ar\/blog\/wp-content\/uploads\/2023\/06\/50-Turismo-blanco.png\",\"width\":300,\"height\":52,\"caption\":\"Action Travel\"},\"image\":{\"@id\":\"https:\/\/turismo.actiontravel.com.ar\/blog\/#\/schema\/logo\/image\/\"},\"sameAs\":[\"https:\/\/www.facebook.com\/ActionTravelArgentina\/\"]},{\"@type\":\"Person\",\"@id\":\"\",\"url\":\"https:\/\/turismo.actiontravel.com.ar\/blog\/author\/\"}]}<\/script>\n<!-- \/ Yoast SEO plugin. -->","yoast_head_json":{"title":"Costa presenta su oferta de minicruceros por el R\u00edo de la Plata - Blog Turismo | AT","robots":{"index":"index","follow":"follow","max-snippet":"max-snippet:-1","max-image-preview":"max-image-preview:large","max-video-preview":"max-video-preview:-1"},"canonical":"https:\/\/turismo.actiontravel.com.ar\/blog\/costa-presenta-su-oferta-de-minicruceros-por-el-rio-de-la-plata\/","og_locale":"es_ES","og_type":"article","og_title":"Costa presenta su oferta de minicruceros por el R\u00edo de la Plata - Blog Turismo | AT","og_description":"Anticip\u00e1ndose a la temporada 2023-2024, la naviera italiana ofrece una selecci\u00f3n de minicruceros en los meses de diciembre de 2023...","og_url":"https:\/\/turismo.actiontravel.com.ar\/blog\/costa-presenta-su-oferta-de-minicruceros-por-el-rio-de-la-plata\/","og_site_name":"Blog Turismo | AT","article_publisher":"https:\/\/www.facebook.com\/ActionTravelArgentina\/","article_published_time":"2023-08-25T14:20:25+00:00","og_image":[{"width":694,"height":390,"url":"https:\/\/turismo.actiontravel.com.ar\/blog\/wp-content\/uploads\/2023\/08\/costa.jpg","type":"image\/jpeg"}],"twitter_card":"summary_large_image","twitter_misc":{"Escrito por":"","Tiempo de lectura":"2 minutos"},"schema":{"@context":"https:\/\/schema.org","@graph":[{"@type":"Article","@id":"https:\/\/turismo.actiontravel.com.ar\/blog\/costa-presenta-su-oferta-de-minicruceros-por-el-rio-de-la-plata\/#article","isPartOf":{"@id":"https:\/\/turismo.actiontravel.com.ar\/blog\/costa-presenta-su-oferta-de-minicruceros-por-el-rio-de-la-plata\/"},"author":{"name":"","@id":""},"headline":"Costa presenta su oferta de minicruceros por el R\u00edo de la Plata","datePublished":"2023-08-25T14:20:25+00:00","dateModified":"2023-08-25T14:20:25+00:00","mainEntityOfPage":{"@id":"https:\/\/turismo.actiontravel.com.ar\/blog\/costa-presenta-su-oferta-de-minicruceros-por-el-rio-de-la-plata\/"},"wordCount":304,"commentCount":0,"publisher":{"@id":"https:\/\/turismo.actiontravel.com.ar\/blog\/#organization"},"image":{"@id":"https:\/\/turismo.actiontravel.com.ar\/blog\/costa-presenta-su-oferta-de-minicruceros-por-el-rio-de-la-plata\/#primaryimage"},"thumbnailUrl":"https:\/\/turismo.actiontravel.com.ar\/blog\/wp-content\/uploads\/2023\/08\/costa.jpg","keywords":["#ATTTUR"],"articleSection":["Cruceros"],"inLanguage":"es","potentialAction":[{"@type":"CommentAction","name":"Comment","target":["https:\/\/turismo.actiontravel.com.ar\/blog\/costa-presenta-su-oferta-de-minicruceros-por-el-rio-de-la-plata\/#respond"]}]},{"@type":"WebPage","@id":"https:\/\/turismo.actiontravel.com.ar\/blog\/costa-presenta-su-oferta-de-minicruceros-por-el-rio-de-la-plata\/","url":"https:\/\/turismo.actiontravel.com.ar\/blog\/costa-presenta-su-oferta-de-minicruceros-por-el-rio-de-la-plata\/","name":"Costa presenta su oferta de minicruceros por el R\u00edo de la Plata - Blog Turismo | AT","isPartOf":{"@id":"https:\/\/turismo.actiontravel.com.ar\/blog\/#website"},"primaryImageOfPage":{"@id":"https:\/\/turismo.actiontravel.com.ar\/blog\/costa-presenta-su-oferta-de-minicruceros-por-el-rio-de-la-plata\/#primaryimage"},"image":{"@id":"https:\/\/turismo.actiontravel.com.ar\/blog\/costa-presenta-su-oferta-de-minicruceros-por-el-rio-de-la-plata\/#primaryimage"},"thumbnailUrl":"https:\/\/turismo.actiontravel.com.ar\/blog\/wp-content\/uploads\/2023\/08\/costa.jpg","datePublished":"2023-08-25T14:20:25+00:00","dateModified":"2023-08-25T14:20:25+00:00","breadcrumb":{"@id":"https:\/\/turismo.actiontravel.com.ar\/blog\/costa-presenta-su-oferta-de-minicruceros-por-el-rio-de-la-plata\/#breadcrumb"},"inLanguage":"es","potentialAction":[{"@type":"ReadAction","target":["https:\/\/turismo.actiontravel.com.ar\/blog\/costa-presenta-su-oferta-de-minicruceros-por-el-rio-de-la-plata\/"]}]},{"@type":"ImageObject","inLanguage":"es","@id":"https:\/\/turismo.actiontravel.com.ar\/blog\/costa-presenta-su-oferta-de-minicruceros-por-el-rio-de-la-plata\/#primaryimage","url":"https:\/\/turismo.actiontravel.com.ar\/blog\/wp-content\/uploads\/2023\/08\/costa.jpg","contentUrl":"https:\/\/turismo.actiontravel.com.ar\/blog\/wp-content\/uploads\/2023\/08\/costa.jpg","width":694,"height":390},{"@type":"BreadcrumbList","@id":"https:\/\/turismo.actiontravel.com.ar\/blog\/costa-presenta-su-oferta-de-minicruceros-por-el-rio-de-la-plata\/#breadcrumb","itemListElement":[{"@type":"ListItem","position":1,"name":"Portada","item":"https:\/\/turismo.actiontravel.com.ar\/blog\/"},{"@type":"ListItem","position":2,"name":"Costa presenta su oferta de minicruceros por el R\u00edo de la Plata"}]},{"@type":"WebSite","@id":"https:\/\/turismo.actiontravel.com.ar\/blog\/#website","url":"https:\/\/turismo.actiontravel.com.ar\/blog\/","name":"Blog Turismo | AT","description":"Conoce las ultimas novedades de Turismo","publisher":{"@id":"https:\/\/turismo.actiontravel.com.ar\/blog\/#organization"},"potentialAction":[{"@type":"SearchAction","target":{"@type":"EntryPoint","urlTemplate":"https:\/\/turismo.actiontravel.com.ar\/blog\/?s={search_term_string}"},"query-input":"required name=search_term_string"}],"inLanguage":"es"},{"@type":"Organization","@id":"https:\/\/turismo.actiontravel.com.ar\/blog\/#organization","name":"Action Travel","url":"https:\/\/turismo.actiontravel.com.ar\/blog\/","logo":{"@type":"ImageObject","inLanguage":"es","@id":"https:\/\/turismo.actiontravel.com.ar\/blog\/#\/schema\/logo\/image\/","url":"https:\/\/turismo.actiontravel.com.ar\/blog\/wp-content\/uploads\/2023\/06\/50-Turismo-blanco.png","contentUrl":"https:\/\/turismo.actiontravel.com.ar\/blog\/wp-content\/uploads\/2023\/06\/50-Turismo-blanco.png","width":300,"height":52,"caption":"Action Travel"},"image":{"@id":"https:\/\/turismo.actiontravel.com.ar\/blog\/#\/schema\/logo\/image\/"},"sameAs":["https:\/\/www.facebook.com\/ActionTravelArgentina\/"]},{"@type":"Person","@id":"","url":"https:\/\/turismo.actiontravel.com.ar\/blog\/author\/"}]}},"_links":{"self":[{"href":"https:\/\/turismo.actiontravel.com.ar\/blog\/wp-json\/wp\/v2\/posts\/4762"}],"collection":[{"href":"https:\/\/turismo.actiontravel.com.ar\/blog\/wp-json\/wp\/v2\/posts"}],"about":[{"href":"https:\/\/turismo.actiontravel.com.ar\/blog\/wp-json\/wp\/v2\/types\/post"}],"author":[{"embeddable":true,"href":"https:\/\/turismo.actiontravel.com.ar\/blog\/wp-json\/wp\/v2\/users\/1"}],"replies":[{"embeddable":true,"href":"https:\/\/turismo.actiontravel.com.ar\/blog\/wp-json\/wp\/v2\/comments?post=4762"}],"version-history":[{"count":1,"href":"https:\/\/turismo.actiontravel.com.ar\/blog\/wp-json\/wp\/v2\/posts\/4762\/revisions"}],"predecessor-version":[{"id":4765,"href":"https:\/\/turismo.actiontravel.com.ar\/blog\/wp-json\/wp\/v2\/posts\/4762\/revisions\/4765"}],"wp:featuredmedia":[{"embeddable":true,"href":"https:\/\/turismo.actiontravel.com.ar\/blog\/wp-json\/wp\/v2\/media\/4764"}],"wp:attachment":[{"href":"https:\/\/turismo.actiontravel.com.ar\/blog\/wp-json\/wp\/v2\/media?parent=4762"}],"wp:term":[{"taxonomy":"category","embeddable":true,"href":"https:\/\/turismo.actiontravel.com.ar\/blog\/wp-json\/wp\/v2\/categories?post=4762"},{"taxonomy":"post_tag","embeddable":true,"href":"https:\/\/turismo.actiontravel.com.ar\/blog\/wp-json\/wp\/v2\/tags?post=4762"}],"curies":[{"name":"wp","href":"https:\/\/api.w.org\/{rel}","templated":true}]}}