{"id":4769,"date":"2023-09-01T17:19:13","date_gmt":"2023-09-01T20:19:13","guid":{"rendered":"https:\/\/turismo.actiontravel.com.ar\/blog\/?p=4769"},"modified":"2023-09-01T17:20:02","modified_gmt":"2023-09-01T20:20:02","slug":"club-med-anticipa-la-temporada-de-nieve-2024-de-europa-y-quebec","status":"publish","type":"post","link":"https:\/\/turismo.actiontravel.com.ar\/blog\/club-med-anticipa-la-temporada-de-nieve-2024-de-europa-y-quebec\/","title":{"rendered":"Club Med anticipa la temporada de nieve 2024 de Europa y Quebec"},"content":{"rendered":"<p><strong>La cadena de resorts presenta sus opciones all inclusive para disfrutar tambi\u00e9n del invierno del hemisferio norte durante los primeros meses del a\u00f1o que viene, con descuentos de hasta 40 %.<\/strong><\/p>\n<p><img decoding=\"async\" src=\"https:\/\/media.viajando.travel\/p\/4430605e766750a53ae09f82827d0963\/adjuntos\/236\/imagenes\/000\/576\/0000576731\/1200x675\/smart\/nieve-familia-club-medjpg.jpg\" alt=\"Club Med: preventa para esquiar en los Alpes y Canad\u00e1\" \/><\/p>\n<p>Club Med se anticipa a la temporada de invierno 2024 europea y canadiense con una atractiva propuesta, para acercar sus destinos de nieve y sus villages a los viajeros argentinos con un descuento hasta el 40 %.<br \/>\nEste beneficio est\u00e1 especialmente dise\u00f1ado para los amantes del esqu\u00ed que viajan a los Alpes Europeos (Francia, Italia y Suiza) y Quebec (Canad\u00e1).<\/p>\n<p>Los villages de nieve que integran esta propuesta son: Serre Chevalier, Arcs Extr\u00eame, Val Thorens, Alpe<br \/>\nd\u2019Huez, Arcs Panorama, Grand Massif, La Rosi\u00e8re, La Plagne 2100, Pragelato, Peisey Vallandry, Saint Moritz, Tignes, Val d\u2019Is\u00e8re, Valmorel, Valmorel Chalets, Grand Massif Chalets, La Rosi\u00e8re.<\/p>\n<p><img decoding=\"async\" src=\"https:\/\/mensajero-assets.tadevel-cdn.com\/64abf88c2b30e3399546f964\/image.jpg\" \/><br \/>\n<strong>Los siete pilares del paquete Ski All Inclusive by Club Med son:<br \/>\n<\/strong><br \/>\n<span style=\"color: #0000ff;\">1. Pases y medios de elevaci\u00f3n<\/span><br \/>\n<span style=\"color: #0000ff;\">2. Clases grupales<\/span><br \/>\n<span style=\"color: #0000ff;\">3. Comida Gourmet<\/span><br \/>\n<span style=\"color: #0000ff;\">4. Open Bar<\/span><br \/>\n<span style=\"color: #0000ff;\">5. Cuidado para ni\u00f1os<\/span><br \/>\n<span style=\"color: #0000ff;\">6. Ski In \u2013 Ski Out<\/span><br \/>\n<span style=\"color: #0000ff;\">7. Entretenimiento d\u00eda y noche<\/span><\/p>\n<p>Esta promo est\u00e1 vigente para compras efectuadas del 28 de agosto al 4 de septiembre, viajando durante la temporada 2024 (de diciembre de 2023 a marzo de 2024).<br \/>\nEl beneficio es de hasta un 40 % de descuento en los villages de nieve de Canad\u00e1, y hasta un 30 % en los Alpes europeos.<br \/>\nDentro de las propuestas que los resorts de nieve Club Med tienen para sus hu\u00e9spedes, est\u00e1 la escuela de esqu\u00ed, junto a sus expertos gu\u00edas de monta\u00f1a, en las mejores pistas de esqu\u00ed del mundo, con clases para todos los niveles: principiantes, intermedios y avanzados; asi como los clubes para ni\u00f1os, que son tratados como<br \/>\nhu\u00e9spedes especiales. Los clientes tambi\u00e9n pueden disfrutar de ammenities apr\u00e9sski como piscina, yoga, spa,<br \/>\nvisitas a pueblos cercanos y afters. En la nieve, adem\u00e1s del esqu\u00ed y el snowboard, los villages programan otras opciones como la tradicional caminata n\u00f3rdica, trineo, raquetas de nieve, snow mountain biking, actividades<br \/>\nnocturnas en la nieve, y m\u00e1s.<br \/>\nLos villages se caracterizan por su gastronom\u00eda gourmet con opciones variadas, bebidas y barra libre; y por sus propuestas de entretenimiento durante el d\u00eda y espect\u00e1culos nocturnos. El confort y el buen gusto son otras caracter\u00edsticas de los resorts, donde todo est\u00e1 pensado para una estad\u00eda en la cual la comodidad es la<br \/>\nprioridad.<br \/>\nLos responsables de Club Med aseguran que sus pasajeros \u201cvivir\u00e1n momentos inolvidables junto a los GOs<br \/>\n(Gentiles Organizadores), quienes estar\u00e1n dedicados a proponer actividades y acompa\u00f1ar a los GMs (Gentiles Miembros) durante toda la estad\u00eda\u201d.<br \/>\nClub Med fue el creador del concepto all inclusive en 1950, y a lo largo de los a\u00f1os, la cadena ha seguido expandi\u00e9ndose y brindando nuevas experiencias, siempre bajo el concepto del all inclusive. Cuenta con m\u00e1s de 70 resorts en unos 30 pa\u00edses.<\/p>\n","protected":false},"excerpt":{"rendered":"<p class=\"post-excerpt\">La cadena de resorts presenta sus opciones all inclusive para disfrutar tambi\u00e9n del invierno del hemisferio norte durante los primeros&#8230;<\/p>\n","protected":false},"author":1,"featured_media":4478,"comment_status":"open","ping_status":"open","sticky":false,"template":"","format":"standard","meta":{"_acf_changed":false,"footnotes":""},"categories":[32],"tags":[291,290,282,125],"acf":[],"yoast_head":"<!-- This site is optimized with the Yoast SEO plugin v22.7 - https:\/\/yoast.com\/wordpress\/plugins\/seo\/ -->\n<title>Club Med anticipa la temporada de nieve 2024 de Europa y Quebec - Blog Turismo | AT<\/title>\n<meta name=\"robots\" content=\"index, follow, max-snippet:-1, max-image-preview:large, max-video-preview:-1\" \/>\n<link rel=\"canonical\" href=\"https:\/\/turismo.actiontravel.com.ar\/blog\/club-med-anticipa-la-temporada-de-nieve-2024-de-europa-y-quebec\/\" \/>\n<meta property=\"og:locale\" content=\"es_ES\" \/>\n<meta property=\"og:type\" content=\"article\" \/>\n<meta property=\"og:title\" content=\"Club Med anticipa la temporada de nieve 2024 de Europa y Quebec - Blog Turismo | AT\" \/>\n<meta property=\"og:description\" content=\"La cadena de resorts presenta sus opciones all inclusive para disfrutar tambi\u00e9n del invierno del hemisferio norte durante los primeros...\" \/>\n<meta property=\"og:url\" content=\"https:\/\/turismo.actiontravel.com.ar\/blog\/club-med-anticipa-la-temporada-de-nieve-2024-de-europa-y-quebec\/\" \/>\n<meta property=\"og:site_name\" content=\"Blog Turismo | AT\" \/>\n<meta property=\"article:publisher\" content=\"https:\/\/www.facebook.com\/ActionTravelArgentina\/\" \/>\n<meta property=\"article:published_time\" content=\"2023-09-01T20:19:13+00:00\" \/>\n<meta property=\"article:modified_time\" content=\"2023-09-01T20:20:02+00:00\" \/>\n<meta property=\"og:image\" content=\"https:\/\/turismo.actiontravel.com.ar\/blog\/wp-content\/uploads\/2023\/05\/ski.jpg\" \/>\n\t<meta property=\"og:image:width\" content=\"650\" \/>\n\t<meta property=\"og:image:height\" content=\"444\" \/>\n\t<meta property=\"og:image:type\" content=\"image\/jpeg\" \/>\n<meta name=\"twitter:card\" content=\"summary_large_image\" \/>\n<meta name=\"twitter:label1\" content=\"Escrito por\" \/>\n\t<meta name=\"twitter:data1\" content=\"\" \/>\n\t<meta name=\"twitter:label2\" content=\"Tiempo de lectura\" \/>\n\t<meta name=\"twitter:data2\" content=\"3 minutos\" \/>\n<script type=\"application\/ld+json\" class=\"yoast-schema-graph\">{\"@context\":\"https:\/\/schema.org\",\"@graph\":[{\"@type\":\"Article\",\"@id\":\"https:\/\/turismo.actiontravel.com.ar\/blog\/club-med-anticipa-la-temporada-de-nieve-2024-de-europa-y-quebec\/#article\",\"isPartOf\":{\"@id\":\"https:\/\/turismo.actiontravel.com.ar\/blog\/club-med-anticipa-la-temporada-de-nieve-2024-de-europa-y-quebec\/\"},\"author\":{\"name\":\"\",\"@id\":\"\"},\"headline\":\"Club Med anticipa la temporada de nieve 2024 de Europa y Quebec\",\"datePublished\":\"2023-09-01T20:19:13+00:00\",\"dateModified\":\"2023-09-01T20:20:02+00:00\",\"mainEntityOfPage\":{\"@id\":\"https:\/\/turismo.actiontravel.com.ar\/blog\/club-med-anticipa-la-temporada-de-nieve-2024-de-europa-y-quebec\/\"},\"wordCount\":490,\"commentCount\":0,\"publisher\":{\"@id\":\"https:\/\/turismo.actiontravel.com.ar\/blog\/#organization\"},\"image\":{\"@id\":\"https:\/\/turismo.actiontravel.com.ar\/blog\/club-med-anticipa-la-temporada-de-nieve-2024-de-europa-y-quebec\/#primaryimage\"},\"thumbnailUrl\":\"https:\/\/turismo.actiontravel.com.ar\/blog\/wp-content\/uploads\/2023\/05\/ski.jpg\",\"keywords\":[\"#attur\",\"#clubmed\",\"#esqui\",\"#ski\"],\"articleSection\":[\"Ski\"],\"inLanguage\":\"es\",\"potentialAction\":[{\"@type\":\"CommentAction\",\"name\":\"Comment\",\"target\":[\"https:\/\/turismo.actiontravel.com.ar\/blog\/club-med-anticipa-la-temporada-de-nieve-2024-de-europa-y-quebec\/#respond\"]}]},{\"@type\":\"WebPage\",\"@id\":\"https:\/\/turismo.actiontravel.com.ar\/blog\/club-med-anticipa-la-temporada-de-nieve-2024-de-europa-y-quebec\/\",\"url\":\"https:\/\/turismo.actiontravel.com.ar\/blog\/club-med-anticipa-la-temporada-de-nieve-2024-de-europa-y-quebec\/\",\"name\":\"Club Med anticipa la temporada de nieve 2024 de Europa y Quebec - Blog Turismo | AT\",\"isPartOf\":{\"@id\":\"https:\/\/turismo.actiontravel.com.ar\/blog\/#website\"},\"primaryImageOfPage\":{\"@id\":\"https:\/\/turismo.actiontravel.com.ar\/blog\/club-med-anticipa-la-temporada-de-nieve-2024-de-europa-y-quebec\/#primaryimage\"},\"image\":{\"@id\":\"https:\/\/turismo.actiontravel.com.ar\/blog\/club-med-anticipa-la-temporada-de-nieve-2024-de-europa-y-quebec\/#primaryimage\"},\"thumbnailUrl\":\"https:\/\/turismo.actiontravel.com.ar\/blog\/wp-content\/uploads\/2023\/05\/ski.jpg\",\"datePublished\":\"2023-09-01T20:19:13+00:00\",\"dateModified\":\"2023-09-01T20:20:02+00:00\",\"breadcrumb\":{\"@id\":\"https:\/\/turismo.actiontravel.com.ar\/blog\/club-med-anticipa-la-temporada-de-nieve-2024-de-europa-y-quebec\/#breadcrumb\"},\"inLanguage\":\"es\",\"potentialAction\":[{\"@type\":\"ReadAction\",\"target\":[\"https:\/\/turismo.actiontravel.com.ar\/blog\/club-med-anticipa-la-temporada-de-nieve-2024-de-europa-y-quebec\/\"]}]},{\"@type\":\"ImageObject\",\"inLanguage\":\"es\",\"@id\":\"https:\/\/turismo.actiontravel.com.ar\/blog\/club-med-anticipa-la-temporada-de-nieve-2024-de-europa-y-quebec\/#primaryimage\",\"url\":\"https:\/\/turismo.actiontravel.com.ar\/blog\/wp-content\/uploads\/2023\/05\/ski.jpg\",\"contentUrl\":\"https:\/\/turismo.actiontravel.com.ar\/blog\/wp-content\/uploads\/2023\/05\/ski.jpg\",\"width\":650,\"height\":444},{\"@type\":\"BreadcrumbList\",\"@id\":\"https:\/\/turismo.actiontravel.com.ar\/blog\/club-med-anticipa-la-temporada-de-nieve-2024-de-europa-y-quebec\/#breadcrumb\",\"itemListElement\":[{\"@type\":\"ListItem\",\"position\":1,\"name\":\"Portada\",\"item\":\"https:\/\/turismo.actiontravel.com.ar\/blog\/\"},{\"@type\":\"ListItem\",\"position\":2,\"name\":\"Club Med anticipa la temporada de nieve 2024 de Europa y Quebec\"}]},{\"@type\":\"WebSite\",\"@id\":\"https:\/\/turismo.actiontravel.com.ar\/blog\/#website\",\"url\":\"https:\/\/turismo.actiontravel.com.ar\/blog\/\",\"name\":\"Blog Turismo | AT\",\"description\":\"Conoce las ultimas novedades de Turismo\",\"publisher\":{\"@id\":\"https:\/\/turismo.actiontravel.com.ar\/blog\/#organization\"},\"potentialAction\":[{\"@type\":\"SearchAction\",\"target\":{\"@type\":\"EntryPoint\",\"urlTemplate\":\"https:\/\/turismo.actiontravel.com.ar\/blog\/?s={search_term_string}\"},\"query-input\":\"required name=search_term_string\"}],\"inLanguage\":\"es\"},{\"@type\":\"Organization\",\"@id\":\"https:\/\/turismo.actiontravel.com.ar\/blog\/#organization\",\"name\":\"Action Travel\",\"url\":\"https:\/\/turismo.actiontravel.com.ar\/blog\/\",\"logo\":{\"@type\":\"ImageObject\",\"inLanguage\":\"es\",\"@id\":\"https:\/\/turismo.actiontravel.com.ar\/blog\/#\/schema\/logo\/image\/\",\"url\":\"https:\/\/turismo.actiontravel.com.ar\/blog\/wp-content\/uploads\/2023\/06\/50-Turismo-blanco.png\",\"contentUrl\":\"https:\/\/turismo.actiontravel.com.ar\/blog\/wp-content\/uploads\/2023\/06\/50-Turismo-blanco.png\",\"width\":300,\"height\":52,\"caption\":\"Action Travel\"},\"image\":{\"@id\":\"https:\/\/turismo.actiontravel.com.ar\/blog\/#\/schema\/logo\/image\/\"},\"sameAs\":[\"https:\/\/www.facebook.com\/ActionTravelArgentina\/\"]},{\"@type\":\"Person\",\"@id\":\"\",\"url\":\"https:\/\/turismo.actiontravel.com.ar\/blog\/author\/\"}]}<\/script>\n<!-- \/ Yoast SEO plugin. -->","yoast_head_json":{"title":"Club Med anticipa la temporada de nieve 2024 de Europa y Quebec - Blog Turismo | AT","robots":{"index":"index","follow":"follow","max-snippet":"max-snippet:-1","max-image-preview":"max-image-preview:large","max-video-preview":"max-video-preview:-1"},"canonical":"https:\/\/turismo.actiontravel.com.ar\/blog\/club-med-anticipa-la-temporada-de-nieve-2024-de-europa-y-quebec\/","og_locale":"es_ES","og_type":"article","og_title":"Club Med anticipa la temporada de nieve 2024 de Europa y Quebec - Blog Turismo | AT","og_description":"La cadena de resorts presenta sus opciones all inclusive para disfrutar tambi\u00e9n del invierno del hemisferio norte durante los primeros...","og_url":"https:\/\/turismo.actiontravel.com.ar\/blog\/club-med-anticipa-la-temporada-de-nieve-2024-de-europa-y-quebec\/","og_site_name":"Blog Turismo | AT","article_publisher":"https:\/\/www.facebook.com\/ActionTravelArgentina\/","article_published_time":"2023-09-01T20:19:13+00:00","article_modified_time":"2023-09-01T20:20:02+00:00","og_image":[{"width":650,"height":444,"url":"https:\/\/turismo.actiontravel.com.ar\/blog\/wp-content\/uploads\/2023\/05\/ski.jpg","type":"image\/jpeg"}],"twitter_card":"summary_large_image","twitter_misc":{"Escrito por":"","Tiempo de lectura":"3 minutos"},"schema":{"@context":"https:\/\/schema.org","@graph":[{"@type":"Article","@id":"https:\/\/turismo.actiontravel.com.ar\/blog\/club-med-anticipa-la-temporada-de-nieve-2024-de-europa-y-quebec\/#article","isPartOf":{"@id":"https:\/\/turismo.actiontravel.com.ar\/blog\/club-med-anticipa-la-temporada-de-nieve-2024-de-europa-y-quebec\/"},"author":{"name":"","@id":""},"headline":"Club Med anticipa la temporada de nieve 2024 de Europa y Quebec","datePublished":"2023-09-01T20:19:13+00:00","dateModified":"2023-09-01T20:20:02+00:00","mainEntityOfPage":{"@id":"https:\/\/turismo.actiontravel.com.ar\/blog\/club-med-anticipa-la-temporada-de-nieve-2024-de-europa-y-quebec\/"},"wordCount":490,"commentCount":0,"publisher":{"@id":"https:\/\/turismo.actiontravel.com.ar\/blog\/#organization"},"image":{"@id":"https:\/\/turismo.actiontravel.com.ar\/blog\/club-med-anticipa-la-temporada-de-nieve-2024-de-europa-y-quebec\/#primaryimage"},"thumbnailUrl":"https:\/\/turismo.actiontravel.com.ar\/blog\/wp-content\/uploads\/2023\/05\/ski.jpg","keywords":["#attur","#clubmed","#esqui","#ski"],"articleSection":["Ski"],"inLanguage":"es","potentialAction":[{"@type":"CommentAction","name":"Comment","target":["https:\/\/turismo.actiontravel.com.ar\/blog\/club-med-anticipa-la-temporada-de-nieve-2024-de-europa-y-quebec\/#respond"]}]},{"@type":"WebPage","@id":"https:\/\/turismo.actiontravel.com.ar\/blog\/club-med-anticipa-la-temporada-de-nieve-2024-de-europa-y-quebec\/","url":"https:\/\/turismo.actiontravel.com.ar\/blog\/club-med-anticipa-la-temporada-de-nieve-2024-de-europa-y-quebec\/","name":"Club Med anticipa la temporada de nieve 2024 de Europa y Quebec - Blog Turismo | AT","isPartOf":{"@id":"https:\/\/turismo.actiontravel.com.ar\/blog\/#website"},"primaryImageOfPage":{"@id":"https:\/\/turismo.actiontravel.com.ar\/blog\/club-med-anticipa-la-temporada-de-nieve-2024-de-europa-y-quebec\/#primaryimage"},"image":{"@id":"https:\/\/turismo.actiontravel.com.ar\/blog\/club-med-anticipa-la-temporada-de-nieve-2024-de-europa-y-quebec\/#primaryimage"},"thumbnailUrl":"https:\/\/turismo.actiontravel.com.ar\/blog\/wp-content\/uploads\/2023\/05\/ski.jpg","datePublished":"2023-09-01T20:19:13+00:00","dateModified":"2023-09-01T20:20:02+00:00","breadcrumb":{"@id":"https:\/\/turismo.actiontravel.com.ar\/blog\/club-med-anticipa-la-temporada-de-nieve-2024-de-europa-y-quebec\/#breadcrumb"},"inLanguage":"es","potentialAction":[{"@type":"ReadAction","target":["https:\/\/turismo.actiontravel.com.ar\/blog\/club-med-anticipa-la-temporada-de-nieve-2024-de-europa-y-quebec\/"]}]},{"@type":"ImageObject","inLanguage":"es","@id":"https:\/\/turismo.actiontravel.com.ar\/blog\/club-med-anticipa-la-temporada-de-nieve-2024-de-europa-y-quebec\/#primaryimage","url":"https:\/\/turismo.actiontravel.com.ar\/blog\/wp-content\/uploads\/2023\/05\/ski.jpg","contentUrl":"https:\/\/turismo.actiontravel.com.ar\/blog\/wp-content\/uploads\/2023\/05\/ski.jpg","width":650,"height":444},{"@type":"BreadcrumbList","@id":"https:\/\/turismo.actiontravel.com.ar\/blog\/club-med-anticipa-la-temporada-de-nieve-2024-de-europa-y-quebec\/#breadcrumb","itemListElement":[{"@type":"ListItem","position":1,"name":"Portada","item":"https:\/\/turismo.actiontravel.com.ar\/blog\/"},{"@type":"ListItem","position":2,"name":"Club Med anticipa la temporada de nieve 2024 de Europa y Quebec"}]},{"@type":"WebSite","@id":"https:\/\/turismo.actiontravel.com.ar\/blog\/#website","url":"https:\/\/turismo.actiontravel.com.ar\/blog\/","name":"Blog Turismo | AT","description":"Conoce las ultimas novedades de Turismo","publisher":{"@id":"https:\/\/turismo.actiontravel.com.ar\/blog\/#organization"},"potentialAction":[{"@type":"SearchAction","target":{"@type":"EntryPoint","urlTemplate":"https:\/\/turismo.actiontravel.com.ar\/blog\/?s={search_term_string}"},"query-input":"required name=search_term_string"}],"inLanguage":"es"},{"@type":"Organization","@id":"https:\/\/turismo.actiontravel.com.ar\/blog\/#organization","name":"Action Travel","url":"https:\/\/turismo.actiontravel.com.ar\/blog\/","logo":{"@type":"ImageObject","inLanguage":"es","@id":"https:\/\/turismo.actiontravel.com.ar\/blog\/#\/schema\/logo\/image\/","url":"https:\/\/turismo.actiontravel.com.ar\/blog\/wp-content\/uploads\/2023\/06\/50-Turismo-blanco.png","contentUrl":"https:\/\/turismo.actiontravel.com.ar\/blog\/wp-content\/uploads\/2023\/06\/50-Turismo-blanco.png","width":300,"height":52,"caption":"Action Travel"},"image":{"@id":"https:\/\/turismo.actiontravel.com.ar\/blog\/#\/schema\/logo\/image\/"},"sameAs":["https:\/\/www.facebook.com\/ActionTravelArgentina\/"]},{"@type":"Person","@id":"","url":"https:\/\/turismo.actiontravel.com.ar\/blog\/author\/"}]}},"_links":{"self":[{"href":"https:\/\/turismo.actiontravel.com.ar\/blog\/wp-json\/wp\/v2\/posts\/4769"}],"collection":[{"href":"https:\/\/turismo.actiontravel.com.ar\/blog\/wp-json\/wp\/v2\/posts"}],"about":[{"href":"https:\/\/turismo.actiontravel.com.ar\/blog\/wp-json\/wp\/v2\/types\/post"}],"author":[{"embeddable":true,"href":"https:\/\/turismo.actiontravel.com.ar\/blog\/wp-json\/wp\/v2\/users\/1"}],"replies":[{"embeddable":true,"href":"https:\/\/turismo.actiontravel.com.ar\/blog\/wp-json\/wp\/v2\/comments?post=4769"}],"version-history":[{"count":2,"href":"https:\/\/turismo.actiontravel.com.ar\/blog\/wp-json\/wp\/v2\/posts\/4769\/revisions"}],"predecessor-version":[{"id":4771,"href":"https:\/\/turismo.actiontravel.com.ar\/blog\/wp-json\/wp\/v2\/posts\/4769\/revisions\/4771"}],"wp:featuredmedia":[{"embeddable":true,"href":"https:\/\/turismo.actiontravel.com.ar\/blog\/wp-json\/wp\/v2\/media\/4478"}],"wp:attachment":[{"href":"https:\/\/turismo.actiontravel.com.ar\/blog\/wp-json\/wp\/v2\/media?parent=4769"}],"wp:term":[{"taxonomy":"category","embeddable":true,"href":"https:\/\/turismo.actiontravel.com.ar\/blog\/wp-json\/wp\/v2\/categories?post=4769"},{"taxonomy":"post_tag","embeddable":true,"href":"https:\/\/turismo.actiontravel.com.ar\/blog\/wp-json\/wp\/v2\/tags?post=4769"}],"curies":[{"name":"wp","href":"https:\/\/api.w.org\/{rel}","templated":true}]}}