{"id":4869,"date":"2024-01-08T11:50:24","date_gmt":"2024-01-08T14:50:24","guid":{"rendered":"https:\/\/turismo.actiontravel.com.ar\/blog\/?p=4869"},"modified":"2024-01-08T11:50:24","modified_gmt":"2024-01-08T14:50:24","slug":"publicaron-el-calendario-de-feriados-de-2024","status":"publish","type":"post","link":"https:\/\/turismo.actiontravel.com.ar\/blog\/publicaron-el-calendario-de-feriados-de-2024\/","title":{"rendered":"Publicaron el calendario de feriados de 2024"},"content":{"rendered":"<p>&nbsp;<\/p>\n<p>&nbsp;<\/p>\n<h4><em><strong>Habr\u00e1 solamente tres feriados largos en el a\u00f1o, tal como fue anunciado por un decreto publicado el viernes 29 de diciembre.\u00a0<\/strong><\/em><\/h4>\n<p>El calendario del a\u00f1o 2024 contempla solamente tres fines de semana largos, tal como lo estipula la Ley N\u00b0 27.399 -que establece el r\u00e9gimen de feriados nacionales y d\u00edas no laborables y permite al Poder Ejecutivo fijar anualmente hasta 3 d\u00edas feriados o no laborables destinados a promover la actividad tur\u00edstica-.<\/p>\n<p><img decoding=\"async\" class=\"aligncenter\" src=\"https:\/\/www.buenosviajes.com\/wp-content\/uploads\/2023\/12\/feriado_1_de_diciembre.jpg\" \/><\/p>\n<p>&nbsp;<\/p>\n<p><strong>Los tres fines de semana XL ser\u00e1n los del 1\u00b0 de abril, 21 de junio y 11 de octubre. Los feriados inamovibles, por otra parte, son los siguientes:\u00a0<\/strong><\/p>\n<p>A\u00f1o nuevo, lunes 1\u00b0 de enero<\/p>\n<p>Carnaval, lunes 12 y martes 13 de febrero<\/p>\n<p>D\u00eda Nacional de la Memoria por la Verdad y la Justicia: domingo 24 de marzo<\/p>\n<p>Viernes Santo: viernes 29 de marzo<\/p>\n<p>D\u00eda del Veterano y de los Ca\u00eddos en la Guerra de Malvinas: martes 2 de abril<\/p>\n<p>D\u00eda del Trabajo: mi\u00e9rcoles 1\u00b0 de mayo<\/p>\n<p>D\u00eda de la Revoluci\u00f3n de Mayo: s\u00e1bado 25 de mayo<\/p>\n<p>Paso a la Inmortalidad del General Belgrano: jueves 20 de junio<\/p>\n<p>D\u00eda de la Independencia: martes 9 de julio<\/p>\n<p>D\u00eda de la Inmaculada Concepci\u00f3n de Mar\u00eda: domingo 8 de diciembre<\/p>\n<p>Navidad: Mi\u00e9rcoles 25 de diciembre<\/p>\n<p>Mientras que los feriados trasladables (que pasan al lunes si caen un martes o mi\u00e9rcoles, o al lunes de la semana siguiente si caen un jueves o viernes) son:<\/p>\n<p>Paso a la Inmortalidad del General Don Mart\u00edn Miguel de G\u00fcemes: lunes 17 de agosto<\/p>\n<p>Paso a la Inmortalidad del General Don Jos\u00e9 de San Mart\u00edn: s\u00e1bado 17 de agosto<\/p>\n<p>D\u00eda del Respeto a la Diversidad Cultural: s\u00e1bado 12 de octubre<\/p>\n<p>D\u00eda de la Soberan\u00eda Nacional: mi\u00e9rcoles 20 de noviembre, trasladado al lunes 18<\/p>\n<p>&nbsp;<\/p>\n","protected":false},"excerpt":{"rendered":"<p class=\"post-excerpt\">&nbsp; &nbsp; Habr\u00e1 solamente tres feriados largos en el a\u00f1o, tal como fue anunciado por un decreto publicado el viernes&#8230;<\/p>\n","protected":false},"author":1,"featured_media":4870,"comment_status":"open","ping_status":"open","sticky":false,"template":"","format":"standard","meta":{"_acf_changed":false,"footnotes":""},"categories":[70],"tags":[],"acf":[],"yoast_head":"<!-- This site is optimized with the Yoast SEO plugin v22.7 - https:\/\/yoast.com\/wordpress\/plugins\/seo\/ -->\n<title>Publicaron el calendario de feriados de 2024 - Blog Turismo | AT<\/title>\n<meta name=\"robots\" content=\"index, follow, max-snippet:-1, max-image-preview:large, max-video-preview:-1\" \/>\n<link rel=\"canonical\" href=\"https:\/\/turismo.actiontravel.com.ar\/blog\/publicaron-el-calendario-de-feriados-de-2024\/\" \/>\n<meta property=\"og:locale\" content=\"es_ES\" \/>\n<meta property=\"og:type\" content=\"article\" \/>\n<meta property=\"og:title\" content=\"Publicaron el calendario de feriados de 2024 - Blog Turismo | AT\" \/>\n<meta property=\"og:description\" content=\"&nbsp; &nbsp; Habr\u00e1 solamente tres feriados largos en el a\u00f1o, tal como fue anunciado por un decreto publicado el viernes...\" \/>\n<meta property=\"og:url\" content=\"https:\/\/turismo.actiontravel.com.ar\/blog\/publicaron-el-calendario-de-feriados-de-2024\/\" \/>\n<meta property=\"og:site_name\" content=\"Blog Turismo | AT\" \/>\n<meta property=\"article:publisher\" content=\"https:\/\/www.facebook.com\/ActionTravelArgentina\/\" \/>\n<meta property=\"article:published_time\" content=\"2024-01-08T14:50:24+00:00\" \/>\n<meta property=\"og:image\" content=\"https:\/\/turismo.actiontravel.com.ar\/blog\/wp-content\/uploads\/2024\/01\/Feriados-780x470-1.jpg\" \/>\n\t<meta property=\"og:image:width\" content=\"780\" \/>\n\t<meta property=\"og:image:height\" content=\"470\" \/>\n\t<meta property=\"og:image:type\" content=\"image\/jpeg\" \/>\n<meta name=\"twitter:card\" content=\"summary_large_image\" \/>\n<meta name=\"twitter:label1\" content=\"Escrito por\" \/>\n\t<meta name=\"twitter:data1\" content=\"\" \/>\n\t<meta name=\"twitter:label2\" content=\"Tiempo de lectura\" \/>\n\t<meta name=\"twitter:data2\" content=\"2 minutos\" \/>\n<script type=\"application\/ld+json\" class=\"yoast-schema-graph\">{\"@context\":\"https:\/\/schema.org\",\"@graph\":[{\"@type\":\"Article\",\"@id\":\"https:\/\/turismo.actiontravel.com.ar\/blog\/publicaron-el-calendario-de-feriados-de-2024\/#article\",\"isPartOf\":{\"@id\":\"https:\/\/turismo.actiontravel.com.ar\/blog\/publicaron-el-calendario-de-feriados-de-2024\/\"},\"author\":{\"name\":\"\",\"@id\":\"\"},\"headline\":\"Publicaron el calendario de feriados de 2024\",\"datePublished\":\"2024-01-08T14:50:24+00:00\",\"dateModified\":\"2024-01-08T14:50:24+00:00\",\"mainEntityOfPage\":{\"@id\":\"https:\/\/turismo.actiontravel.com.ar\/blog\/publicaron-el-calendario-de-feriados-de-2024\/\"},\"wordCount\":303,\"commentCount\":0,\"publisher\":{\"@id\":\"https:\/\/turismo.actiontravel.com.ar\/blog\/#organization\"},\"image\":{\"@id\":\"https:\/\/turismo.actiontravel.com.ar\/blog\/publicaron-el-calendario-de-feriados-de-2024\/#primaryimage\"},\"thumbnailUrl\":\"https:\/\/turismo.actiontravel.com.ar\/blog\/wp-content\/uploads\/2024\/01\/Feriados-780x470-1.jpg\",\"articleSection\":[\"Actualidad\"],\"inLanguage\":\"es\",\"potentialAction\":[{\"@type\":\"CommentAction\",\"name\":\"Comment\",\"target\":[\"https:\/\/turismo.actiontravel.com.ar\/blog\/publicaron-el-calendario-de-feriados-de-2024\/#respond\"]}]},{\"@type\":\"WebPage\",\"@id\":\"https:\/\/turismo.actiontravel.com.ar\/blog\/publicaron-el-calendario-de-feriados-de-2024\/\",\"url\":\"https:\/\/turismo.actiontravel.com.ar\/blog\/publicaron-el-calendario-de-feriados-de-2024\/\",\"name\":\"Publicaron el calendario de feriados de 2024 - Blog Turismo | AT\",\"isPartOf\":{\"@id\":\"https:\/\/turismo.actiontravel.com.ar\/blog\/#website\"},\"primaryImageOfPage\":{\"@id\":\"https:\/\/turismo.actiontravel.com.ar\/blog\/publicaron-el-calendario-de-feriados-de-2024\/#primaryimage\"},\"image\":{\"@id\":\"https:\/\/turismo.actiontravel.com.ar\/blog\/publicaron-el-calendario-de-feriados-de-2024\/#primaryimage\"},\"thumbnailUrl\":\"https:\/\/turismo.actiontravel.com.ar\/blog\/wp-content\/uploads\/2024\/01\/Feriados-780x470-1.jpg\",\"datePublished\":\"2024-01-08T14:50:24+00:00\",\"dateModified\":\"2024-01-08T14:50:24+00:00\",\"breadcrumb\":{\"@id\":\"https:\/\/turismo.actiontravel.com.ar\/blog\/publicaron-el-calendario-de-feriados-de-2024\/#breadcrumb\"},\"inLanguage\":\"es\",\"potentialAction\":[{\"@type\":\"ReadAction\",\"target\":[\"https:\/\/turismo.actiontravel.com.ar\/blog\/publicaron-el-calendario-de-feriados-de-2024\/\"]}]},{\"@type\":\"ImageObject\",\"inLanguage\":\"es\",\"@id\":\"https:\/\/turismo.actiontravel.com.ar\/blog\/publicaron-el-calendario-de-feriados-de-2024\/#primaryimage\",\"url\":\"https:\/\/turismo.actiontravel.com.ar\/blog\/wp-content\/uploads\/2024\/01\/Feriados-780x470-1.jpg\",\"contentUrl\":\"https:\/\/turismo.actiontravel.com.ar\/blog\/wp-content\/uploads\/2024\/01\/Feriados-780x470-1.jpg\",\"width\":780,\"height\":470},{\"@type\":\"BreadcrumbList\",\"@id\":\"https:\/\/turismo.actiontravel.com.ar\/blog\/publicaron-el-calendario-de-feriados-de-2024\/#breadcrumb\",\"itemListElement\":[{\"@type\":\"ListItem\",\"position\":1,\"name\":\"Portada\",\"item\":\"https:\/\/turismo.actiontravel.com.ar\/blog\/\"},{\"@type\":\"ListItem\",\"position\":2,\"name\":\"Publicaron el calendario de feriados de 2024\"}]},{\"@type\":\"WebSite\",\"@id\":\"https:\/\/turismo.actiontravel.com.ar\/blog\/#website\",\"url\":\"https:\/\/turismo.actiontravel.com.ar\/blog\/\",\"name\":\"Blog Turismo | AT\",\"description\":\"Conoce las ultimas novedades de Turismo\",\"publisher\":{\"@id\":\"https:\/\/turismo.actiontravel.com.ar\/blog\/#organization\"},\"potentialAction\":[{\"@type\":\"SearchAction\",\"target\":{\"@type\":\"EntryPoint\",\"urlTemplate\":\"https:\/\/turismo.actiontravel.com.ar\/blog\/?s={search_term_string}\"},\"query-input\":\"required name=search_term_string\"}],\"inLanguage\":\"es\"},{\"@type\":\"Organization\",\"@id\":\"https:\/\/turismo.actiontravel.com.ar\/blog\/#organization\",\"name\":\"Action Travel\",\"url\":\"https:\/\/turismo.actiontravel.com.ar\/blog\/\",\"logo\":{\"@type\":\"ImageObject\",\"inLanguage\":\"es\",\"@id\":\"https:\/\/turismo.actiontravel.com.ar\/blog\/#\/schema\/logo\/image\/\",\"url\":\"https:\/\/turismo.actiontravel.com.ar\/blog\/wp-content\/uploads\/2023\/06\/50-Turismo-blanco.png\",\"contentUrl\":\"https:\/\/turismo.actiontravel.com.ar\/blog\/wp-content\/uploads\/2023\/06\/50-Turismo-blanco.png\",\"width\":300,\"height\":52,\"caption\":\"Action Travel\"},\"image\":{\"@id\":\"https:\/\/turismo.actiontravel.com.ar\/blog\/#\/schema\/logo\/image\/\"},\"sameAs\":[\"https:\/\/www.facebook.com\/ActionTravelArgentina\/\"]},{\"@type\":\"Person\",\"@id\":\"\",\"url\":\"https:\/\/turismo.actiontravel.com.ar\/blog\/author\/\"}]}<\/script>\n<!-- \/ Yoast SEO plugin. -->","yoast_head_json":{"title":"Publicaron el calendario de feriados de 2024 - Blog Turismo | AT","robots":{"index":"index","follow":"follow","max-snippet":"max-snippet:-1","max-image-preview":"max-image-preview:large","max-video-preview":"max-video-preview:-1"},"canonical":"https:\/\/turismo.actiontravel.com.ar\/blog\/publicaron-el-calendario-de-feriados-de-2024\/","og_locale":"es_ES","og_type":"article","og_title":"Publicaron el calendario de feriados de 2024 - Blog Turismo | AT","og_description":"&nbsp; &nbsp; Habr\u00e1 solamente tres feriados largos en el a\u00f1o, tal como fue anunciado por un decreto publicado el viernes...","og_url":"https:\/\/turismo.actiontravel.com.ar\/blog\/publicaron-el-calendario-de-feriados-de-2024\/","og_site_name":"Blog Turismo | AT","article_publisher":"https:\/\/www.facebook.com\/ActionTravelArgentina\/","article_published_time":"2024-01-08T14:50:24+00:00","og_image":[{"width":780,"height":470,"url":"https:\/\/turismo.actiontravel.com.ar\/blog\/wp-content\/uploads\/2024\/01\/Feriados-780x470-1.jpg","type":"image\/jpeg"}],"twitter_card":"summary_large_image","twitter_misc":{"Escrito por":"","Tiempo de lectura":"2 minutos"},"schema":{"@context":"https:\/\/schema.org","@graph":[{"@type":"Article","@id":"https:\/\/turismo.actiontravel.com.ar\/blog\/publicaron-el-calendario-de-feriados-de-2024\/#article","isPartOf":{"@id":"https:\/\/turismo.actiontravel.com.ar\/blog\/publicaron-el-calendario-de-feriados-de-2024\/"},"author":{"name":"","@id":""},"headline":"Publicaron el calendario de feriados de 2024","datePublished":"2024-01-08T14:50:24+00:00","dateModified":"2024-01-08T14:50:24+00:00","mainEntityOfPage":{"@id":"https:\/\/turismo.actiontravel.com.ar\/blog\/publicaron-el-calendario-de-feriados-de-2024\/"},"wordCount":303,"commentCount":0,"publisher":{"@id":"https:\/\/turismo.actiontravel.com.ar\/blog\/#organization"},"image":{"@id":"https:\/\/turismo.actiontravel.com.ar\/blog\/publicaron-el-calendario-de-feriados-de-2024\/#primaryimage"},"thumbnailUrl":"https:\/\/turismo.actiontravel.com.ar\/blog\/wp-content\/uploads\/2024\/01\/Feriados-780x470-1.jpg","articleSection":["Actualidad"],"inLanguage":"es","potentialAction":[{"@type":"CommentAction","name":"Comment","target":["https:\/\/turismo.actiontravel.com.ar\/blog\/publicaron-el-calendario-de-feriados-de-2024\/#respond"]}]},{"@type":"WebPage","@id":"https:\/\/turismo.actiontravel.com.ar\/blog\/publicaron-el-calendario-de-feriados-de-2024\/","url":"https:\/\/turismo.actiontravel.com.ar\/blog\/publicaron-el-calendario-de-feriados-de-2024\/","name":"Publicaron el calendario de feriados de 2024 - Blog Turismo | AT","isPartOf":{"@id":"https:\/\/turismo.actiontravel.com.ar\/blog\/#website"},"primaryImageOfPage":{"@id":"https:\/\/turismo.actiontravel.com.ar\/blog\/publicaron-el-calendario-de-feriados-de-2024\/#primaryimage"},"image":{"@id":"https:\/\/turismo.actiontravel.com.ar\/blog\/publicaron-el-calendario-de-feriados-de-2024\/#primaryimage"},"thumbnailUrl":"https:\/\/turismo.actiontravel.com.ar\/blog\/wp-content\/uploads\/2024\/01\/Feriados-780x470-1.jpg","datePublished":"2024-01-08T14:50:24+00:00","dateModified":"2024-01-08T14:50:24+00:00","breadcrumb":{"@id":"https:\/\/turismo.actiontravel.com.ar\/blog\/publicaron-el-calendario-de-feriados-de-2024\/#breadcrumb"},"inLanguage":"es","potentialAction":[{"@type":"ReadAction","target":["https:\/\/turismo.actiontravel.com.ar\/blog\/publicaron-el-calendario-de-feriados-de-2024\/"]}]},{"@type":"ImageObject","inLanguage":"es","@id":"https:\/\/turismo.actiontravel.com.ar\/blog\/publicaron-el-calendario-de-feriados-de-2024\/#primaryimage","url":"https:\/\/turismo.actiontravel.com.ar\/blog\/wp-content\/uploads\/2024\/01\/Feriados-780x470-1.jpg","contentUrl":"https:\/\/turismo.actiontravel.com.ar\/blog\/wp-content\/uploads\/2024\/01\/Feriados-780x470-1.jpg","width":780,"height":470},{"@type":"BreadcrumbList","@id":"https:\/\/turismo.actiontravel.com.ar\/blog\/publicaron-el-calendario-de-feriados-de-2024\/#breadcrumb","itemListElement":[{"@type":"ListItem","position":1,"name":"Portada","item":"https:\/\/turismo.actiontravel.com.ar\/blog\/"},{"@type":"ListItem","position":2,"name":"Publicaron el calendario de feriados de 2024"}]},{"@type":"WebSite","@id":"https:\/\/turismo.actiontravel.com.ar\/blog\/#website","url":"https:\/\/turismo.actiontravel.com.ar\/blog\/","name":"Blog Turismo | AT","description":"Conoce las ultimas novedades de Turismo","publisher":{"@id":"https:\/\/turismo.actiontravel.com.ar\/blog\/#organization"},"potentialAction":[{"@type":"SearchAction","target":{"@type":"EntryPoint","urlTemplate":"https:\/\/turismo.actiontravel.com.ar\/blog\/?s={search_term_string}"},"query-input":"required name=search_term_string"}],"inLanguage":"es"},{"@type":"Organization","@id":"https:\/\/turismo.actiontravel.com.ar\/blog\/#organization","name":"Action Travel","url":"https:\/\/turismo.actiontravel.com.ar\/blog\/","logo":{"@type":"ImageObject","inLanguage":"es","@id":"https:\/\/turismo.actiontravel.com.ar\/blog\/#\/schema\/logo\/image\/","url":"https:\/\/turismo.actiontravel.com.ar\/blog\/wp-content\/uploads\/2023\/06\/50-Turismo-blanco.png","contentUrl":"https:\/\/turismo.actiontravel.com.ar\/blog\/wp-content\/uploads\/2023\/06\/50-Turismo-blanco.png","width":300,"height":52,"caption":"Action Travel"},"image":{"@id":"https:\/\/turismo.actiontravel.com.ar\/blog\/#\/schema\/logo\/image\/"},"sameAs":["https:\/\/www.facebook.com\/ActionTravelArgentina\/"]},{"@type":"Person","@id":"","url":"https:\/\/turismo.actiontravel.com.ar\/blog\/author\/"}]}},"_links":{"self":[{"href":"https:\/\/turismo.actiontravel.com.ar\/blog\/wp-json\/wp\/v2\/posts\/4869"}],"collection":[{"href":"https:\/\/turismo.actiontravel.com.ar\/blog\/wp-json\/wp\/v2\/posts"}],"about":[{"href":"https:\/\/turismo.actiontravel.com.ar\/blog\/wp-json\/wp\/v2\/types\/post"}],"author":[{"embeddable":true,"href":"https:\/\/turismo.actiontravel.com.ar\/blog\/wp-json\/wp\/v2\/users\/1"}],"replies":[{"embeddable":true,"href":"https:\/\/turismo.actiontravel.com.ar\/blog\/wp-json\/wp\/v2\/comments?post=4869"}],"version-history":[{"count":1,"href":"https:\/\/turismo.actiontravel.com.ar\/blog\/wp-json\/wp\/v2\/posts\/4869\/revisions"}],"predecessor-version":[{"id":4871,"href":"https:\/\/turismo.actiontravel.com.ar\/blog\/wp-json\/wp\/v2\/posts\/4869\/revisions\/4871"}],"wp:featuredmedia":[{"embeddable":true,"href":"https:\/\/turismo.actiontravel.com.ar\/blog\/wp-json\/wp\/v2\/media\/4870"}],"wp:attachment":[{"href":"https:\/\/turismo.actiontravel.com.ar\/blog\/wp-json\/wp\/v2\/media?parent=4869"}],"wp:term":[{"taxonomy":"category","embeddable":true,"href":"https:\/\/turismo.actiontravel.com.ar\/blog\/wp-json\/wp\/v2\/categories?post=4869"},{"taxonomy":"post_tag","embeddable":true,"href":"https:\/\/turismo.actiontravel.com.ar\/blog\/wp-json\/wp\/v2\/tags?post=4869"}],"curies":[{"name":"wp","href":"https:\/\/api.w.org\/{rel}","templated":true}]}}