{"id":5032,"date":"2024-06-10T16:33:08","date_gmt":"2024-06-10T19:33:08","guid":{"rendered":"https:\/\/turismo.actiontravel.com.ar\/blog\/?p=5032"},"modified":"2024-06-10T16:59:39","modified_gmt":"2024-06-10T19:59:39","slug":"empieza-la-temporada-de-invierno-en-cerro-catedral","status":"publish","type":"post","link":"https:\/\/turismo.actiontravel.com.ar\/blog\/empieza-la-temporada-de-invierno-en-cerro-catedral\/","title":{"rendered":"Empieza la temporada de invierno en Cerro Catedral"},"content":{"rendered":"<p><em><strong>Gracias a abundantes nevadas, el mayor resort de nieve del hemisferio sur habilita hoy sus instalaciones para lanzar la temporada m\u00e1s larga de su historia.\u00a0<\/strong><\/em><\/p>\n<p><img decoding=\"async\" src=\"https:\/\/i.pinimg.com\/originals\/e1\/0b\/ab\/e10babd3da90780309d8e034a5de46a7.jpg\" alt=\"Centro de Bariloche Nevado | Bariloche, Bariloche nieve, Patagonia\" \/><\/p>\n<p>&nbsp;<\/p>\n<p>El invierno fue precedido este a\u00f1o por intensas nevadas en toda la superficie del Cerro, desde la base y\u00a0 hasta la cumbre. Con esas condiciones meteorol\u00f3gicas \u00f3ptimas y luego de intensos trabajos para preparar las pistas y las instalaciones, se espera una temporada exitosa, apoyada por buenas ventas anticipadas de pases.<\/p>\n<p>Los operadores de turismo anticipan una alta afluencia de turistas nacionales e internacionales durante el mes de julio, gracias a una buena conectividad con todo el pa\u00eds y tambi\u00e9n con Brasil. Se espera un total de 600.000 visitantes este invierno en Catedral.<\/p>\n<p>Las intensas nevadas de los primeros d\u00edas de mayo han permitido habilitar mucho antes de lo habitual tres pistas, en el sector sur de la monta\u00f1a, ofreciendo a los residentes de Bariloche la oportunidad de disfrutar de los primeros d\u00edas de esqu\u00ed. A partir de hoy se quedan habilitados los 27 medios de elevaci\u00f3n y las 58 pistas de la estaci\u00f3n.<\/p>\n<p><em>\u201cEn esta temporada de invierno 2024, invitamos a todos a vivir esta \u00e9poca en la maravillosa ciudad de Bariloche que ofrece innumerables alternativas para los amantes de la nieve, los deportes y quienes buscan naturaleza, gastronom\u00eda y relajaci\u00f3n\u201d<\/em>, expres\u00f3\u00a0<strong>Sergio Herrero<\/strong>, secretario de Turismo de Bariloche.<\/p>\n<p><img decoding=\"async\" src=\"https:\/\/i0.wp.com\/barilocheparabrasileiros.com.br\/wp-content\/uploads\/2014\/05\/557e1-548813_392790967445437_1178168928_n.jpg?ssl=1\" alt=\"Cerro Catedral, el centro de esqu\u00ed m\u00e1s grande de Am\u00e9rica Latina - Bariloche para brasile\u00f1os\" \/><\/p>\n<p>&nbsp;<\/p>\n<p><strong>Pases<\/strong><\/p>\n<p>Las preventas de pases fueron excelentes. La empresa concesionaria puso a disposici\u00f3n los productos \u201cFlexipass\u201d de 5 y 7 d\u00edas, que pueden ser utilizados tanto durante la temporada 2024 como en la siguiente. La venta de pases residentes ha sido tambi\u00e9n relevante.<\/p>\n<p><strong>Conectividad<\/strong><\/p>\n<p>Adem\u00e1s del incremento de las rotaciones dom\u00e9sticas desde las principales ciudades del pa\u00eds, Bariloche recibir\u00e1 vuelos desde Brasil y Chile. Las campa\u00f1as desarrolladas previamente por el Emprotur y las previsiones de las compa\u00f1\u00edas a\u00e9reas anticipan una importante afluencia de visitantes desde los pa\u00edses lim\u00edtrofes, y m\u00e1s particularmente Brasil.<\/p>\n<p><strong>Fiesta de la Nieve<\/strong><\/p>\n<p>Este festejo nacional apunta este a\u00f1o a revalorizar el trabajo de los pioneros de la ciudad. La organizar\u00e1 la Secretar\u00eda de Turismo municipal el fin de semana del 17 de agosto. La fiesta abrir\u00e1 como todos los a\u00f1os con la esperada bajada de luces, habr\u00e1 shows art\u00edsticos y actividades deportivas invernales.<\/p>\n","protected":false},"excerpt":{"rendered":"<p class=\"post-excerpt\">Gracias a abundantes nevadas, el mayor resort de nieve del hemisferio sur habilita hoy sus instalaciones para lanzar la temporada&#8230;<\/p>\n","protected":false},"author":11,"featured_media":5033,"comment_status":"open","ping_status":"open","sticky":false,"template":"","format":"standard","meta":{"_acf_changed":false,"footnotes":""},"categories":[32],"tags":[275,288,274,282,204],"acf":[],"yoast_head":"<!-- This site is optimized with the Yoast SEO plugin v22.7 - https:\/\/yoast.com\/wordpress\/plugins\/seo\/ -->\n<title>Empieza la temporada de invierno en Cerro Catedral - Blog Turismo | AT<\/title>\n<meta name=\"robots\" content=\"index, follow, max-snippet:-1, max-image-preview:large, max-video-preview:-1\" \/>\n<link rel=\"canonical\" href=\"https:\/\/turismo.actiontravel.com.ar\/blog\/empieza-la-temporada-de-invierno-en-cerro-catedral\/\" \/>\n<meta property=\"og:locale\" content=\"es_ES\" \/>\n<meta property=\"og:type\" content=\"article\" \/>\n<meta property=\"og:title\" content=\"Empieza la temporada de invierno en Cerro Catedral - Blog Turismo | AT\" \/>\n<meta property=\"og:description\" content=\"Gracias a abundantes nevadas, el mayor resort de nieve del hemisferio sur habilita hoy sus instalaciones para lanzar la temporada...\" \/>\n<meta property=\"og:url\" content=\"https:\/\/turismo.actiontravel.com.ar\/blog\/empieza-la-temporada-de-invierno-en-cerro-catedral\/\" \/>\n<meta property=\"og:site_name\" content=\"Blog Turismo | AT\" \/>\n<meta property=\"article:publisher\" content=\"https:\/\/www.facebook.com\/ActionTravelArgentina\/\" \/>\n<meta property=\"article:published_time\" content=\"2024-06-10T19:33:08+00:00\" \/>\n<meta property=\"article:modified_time\" content=\"2024-06-10T19:59:39+00:00\" \/>\n<meta property=\"og:image\" content=\"https:\/\/turismo.actiontravel.com.ar\/blog\/wp-content\/uploads\/2024\/06\/bariloche.jpeg\" \/>\n\t<meta property=\"og:image:width\" content=\"1200\" \/>\n\t<meta property=\"og:image:height\" content=\"800\" \/>\n\t<meta property=\"og:image:type\" content=\"image\/jpeg\" \/>\n<meta name=\"author\" content=\"Soporte\" \/>\n<meta name=\"twitter:card\" content=\"summary_large_image\" \/>\n<meta name=\"twitter:label1\" content=\"Escrito por\" \/>\n\t<meta name=\"twitter:data1\" content=\"Soporte\" \/>\n\t<meta name=\"twitter:label2\" content=\"Tiempo de lectura\" \/>\n\t<meta name=\"twitter:data2\" content=\"3 minutos\" \/>\n<script type=\"application\/ld+json\" class=\"yoast-schema-graph\">{\"@context\":\"https:\/\/schema.org\",\"@graph\":[{\"@type\":\"Article\",\"@id\":\"https:\/\/turismo.actiontravel.com.ar\/blog\/empieza-la-temporada-de-invierno-en-cerro-catedral\/#article\",\"isPartOf\":{\"@id\":\"https:\/\/turismo.actiontravel.com.ar\/blog\/empieza-la-temporada-de-invierno-en-cerro-catedral\/\"},\"author\":{\"name\":\"Soporte\",\"@id\":\"https:\/\/turismo.actiontravel.com.ar\/blog\/#\/schema\/person\/66a23589ad368eaea5e84593f0afd07d\"},\"headline\":\"Empieza la temporada de invierno en Cerro Catedral\",\"datePublished\":\"2024-06-10T19:33:08+00:00\",\"dateModified\":\"2024-06-10T19:59:39+00:00\",\"mainEntityOfPage\":{\"@id\":\"https:\/\/turismo.actiontravel.com.ar\/blog\/empieza-la-temporada-de-invierno-en-cerro-catedral\/\"},\"wordCount\":402,\"commentCount\":0,\"publisher\":{\"@id\":\"https:\/\/turismo.actiontravel.com.ar\/blog\/#organization\"},\"image\":{\"@id\":\"https:\/\/turismo.actiontravel.com.ar\/blog\/empieza-la-temporada-de-invierno-en-cerro-catedral\/#primaryimage\"},\"thumbnailUrl\":\"https:\/\/turismo.actiontravel.com.ar\/blog\/wp-content\/uploads\/2024\/06\/bariloche.jpeg\",\"keywords\":[\"#ActionTravel\",\"#ATTTUR\",\"#ATTurismo\",\"#esqui\",\"bariloche\"],\"articleSection\":[\"Ski\"],\"inLanguage\":\"es\",\"potentialAction\":[{\"@type\":\"CommentAction\",\"name\":\"Comment\",\"target\":[\"https:\/\/turismo.actiontravel.com.ar\/blog\/empieza-la-temporada-de-invierno-en-cerro-catedral\/#respond\"]}]},{\"@type\":\"WebPage\",\"@id\":\"https:\/\/turismo.actiontravel.com.ar\/blog\/empieza-la-temporada-de-invierno-en-cerro-catedral\/\",\"url\":\"https:\/\/turismo.actiontravel.com.ar\/blog\/empieza-la-temporada-de-invierno-en-cerro-catedral\/\",\"name\":\"Empieza la temporada de invierno en Cerro Catedral - Blog Turismo | AT\",\"isPartOf\":{\"@id\":\"https:\/\/turismo.actiontravel.com.ar\/blog\/#website\"},\"primaryImageOfPage\":{\"@id\":\"https:\/\/turismo.actiontravel.com.ar\/blog\/empieza-la-temporada-de-invierno-en-cerro-catedral\/#primaryimage\"},\"image\":{\"@id\":\"https:\/\/turismo.actiontravel.com.ar\/blog\/empieza-la-temporada-de-invierno-en-cerro-catedral\/#primaryimage\"},\"thumbnailUrl\":\"https:\/\/turismo.actiontravel.com.ar\/blog\/wp-content\/uploads\/2024\/06\/bariloche.jpeg\",\"datePublished\":\"2024-06-10T19:33:08+00:00\",\"dateModified\":\"2024-06-10T19:59:39+00:00\",\"breadcrumb\":{\"@id\":\"https:\/\/turismo.actiontravel.com.ar\/blog\/empieza-la-temporada-de-invierno-en-cerro-catedral\/#breadcrumb\"},\"inLanguage\":\"es\",\"potentialAction\":[{\"@type\":\"ReadAction\",\"target\":[\"https:\/\/turismo.actiontravel.com.ar\/blog\/empieza-la-temporada-de-invierno-en-cerro-catedral\/\"]}]},{\"@type\":\"ImageObject\",\"inLanguage\":\"es\",\"@id\":\"https:\/\/turismo.actiontravel.com.ar\/blog\/empieza-la-temporada-de-invierno-en-cerro-catedral\/#primaryimage\",\"url\":\"https:\/\/turismo.actiontravel.com.ar\/blog\/wp-content\/uploads\/2024\/06\/bariloche.jpeg\",\"contentUrl\":\"https:\/\/turismo.actiontravel.com.ar\/blog\/wp-content\/uploads\/2024\/06\/bariloche.jpeg\",\"width\":1200,\"height\":800},{\"@type\":\"BreadcrumbList\",\"@id\":\"https:\/\/turismo.actiontravel.com.ar\/blog\/empieza-la-temporada-de-invierno-en-cerro-catedral\/#breadcrumb\",\"itemListElement\":[{\"@type\":\"ListItem\",\"position\":1,\"name\":\"Portada\",\"item\":\"https:\/\/turismo.actiontravel.com.ar\/blog\/\"},{\"@type\":\"ListItem\",\"position\":2,\"name\":\"Empieza la temporada de invierno en Cerro Catedral\"}]},{\"@type\":\"WebSite\",\"@id\":\"https:\/\/turismo.actiontravel.com.ar\/blog\/#website\",\"url\":\"https:\/\/turismo.actiontravel.com.ar\/blog\/\",\"name\":\"Blog Turismo | AT\",\"description\":\"Conoce las ultimas novedades de Turismo\",\"publisher\":{\"@id\":\"https:\/\/turismo.actiontravel.com.ar\/blog\/#organization\"},\"potentialAction\":[{\"@type\":\"SearchAction\",\"target\":{\"@type\":\"EntryPoint\",\"urlTemplate\":\"https:\/\/turismo.actiontravel.com.ar\/blog\/?s={search_term_string}\"},\"query-input\":\"required name=search_term_string\"}],\"inLanguage\":\"es\"},{\"@type\":\"Organization\",\"@id\":\"https:\/\/turismo.actiontravel.com.ar\/blog\/#organization\",\"name\":\"Action Travel\",\"url\":\"https:\/\/turismo.actiontravel.com.ar\/blog\/\",\"logo\":{\"@type\":\"ImageObject\",\"inLanguage\":\"es\",\"@id\":\"https:\/\/turismo.actiontravel.com.ar\/blog\/#\/schema\/logo\/image\/\",\"url\":\"https:\/\/turismo.actiontravel.com.ar\/blog\/wp-content\/uploads\/2023\/06\/50-Turismo-blanco.png\",\"contentUrl\":\"https:\/\/turismo.actiontravel.com.ar\/blog\/wp-content\/uploads\/2023\/06\/50-Turismo-blanco.png\",\"width\":300,\"height\":52,\"caption\":\"Action Travel\"},\"image\":{\"@id\":\"https:\/\/turismo.actiontravel.com.ar\/blog\/#\/schema\/logo\/image\/\"},\"sameAs\":[\"https:\/\/www.facebook.com\/ActionTravelArgentina\/\"]},{\"@type\":\"Person\",\"@id\":\"https:\/\/turismo.actiontravel.com.ar\/blog\/#\/schema\/person\/66a23589ad368eaea5e84593f0afd07d\",\"name\":\"Soporte\",\"image\":{\"@type\":\"ImageObject\",\"inLanguage\":\"es\",\"@id\":\"https:\/\/turismo.actiontravel.com.ar\/blog\/#\/schema\/person\/image\/\",\"url\":\"https:\/\/secure.gravatar.com\/avatar\/7cbabdb8bf05d9cd87a2966ed90db23e?s=96&d=mm&r=g\",\"contentUrl\":\"https:\/\/secure.gravatar.com\/avatar\/7cbabdb8bf05d9cd87a2966ed90db23e?s=96&d=mm&r=g\",\"caption\":\"Soporte\"},\"url\":\"https:\/\/turismo.actiontravel.com.ar\/blog\/author\/soporte\/\"}]}<\/script>\n<!-- \/ Yoast SEO plugin. -->","yoast_head_json":{"title":"Empieza la temporada de invierno en Cerro Catedral - Blog Turismo | AT","robots":{"index":"index","follow":"follow","max-snippet":"max-snippet:-1","max-image-preview":"max-image-preview:large","max-video-preview":"max-video-preview:-1"},"canonical":"https:\/\/turismo.actiontravel.com.ar\/blog\/empieza-la-temporada-de-invierno-en-cerro-catedral\/","og_locale":"es_ES","og_type":"article","og_title":"Empieza la temporada de invierno en Cerro Catedral - Blog Turismo | AT","og_description":"Gracias a abundantes nevadas, el mayor resort de nieve del hemisferio sur habilita hoy sus instalaciones para lanzar la temporada...","og_url":"https:\/\/turismo.actiontravel.com.ar\/blog\/empieza-la-temporada-de-invierno-en-cerro-catedral\/","og_site_name":"Blog Turismo | AT","article_publisher":"https:\/\/www.facebook.com\/ActionTravelArgentina\/","article_published_time":"2024-06-10T19:33:08+00:00","article_modified_time":"2024-06-10T19:59:39+00:00","og_image":[{"width":1200,"height":800,"url":"https:\/\/turismo.actiontravel.com.ar\/blog\/wp-content\/uploads\/2024\/06\/bariloche.jpeg","type":"image\/jpeg"}],"author":"Soporte","twitter_card":"summary_large_image","twitter_misc":{"Escrito por":"Soporte","Tiempo de lectura":"3 minutos"},"schema":{"@context":"https:\/\/schema.org","@graph":[{"@type":"Article","@id":"https:\/\/turismo.actiontravel.com.ar\/blog\/empieza-la-temporada-de-invierno-en-cerro-catedral\/#article","isPartOf":{"@id":"https:\/\/turismo.actiontravel.com.ar\/blog\/empieza-la-temporada-de-invierno-en-cerro-catedral\/"},"author":{"name":"Soporte","@id":"https:\/\/turismo.actiontravel.com.ar\/blog\/#\/schema\/person\/66a23589ad368eaea5e84593f0afd07d"},"headline":"Empieza la temporada de invierno en Cerro Catedral","datePublished":"2024-06-10T19:33:08+00:00","dateModified":"2024-06-10T19:59:39+00:00","mainEntityOfPage":{"@id":"https:\/\/turismo.actiontravel.com.ar\/blog\/empieza-la-temporada-de-invierno-en-cerro-catedral\/"},"wordCount":402,"commentCount":0,"publisher":{"@id":"https:\/\/turismo.actiontravel.com.ar\/blog\/#organization"},"image":{"@id":"https:\/\/turismo.actiontravel.com.ar\/blog\/empieza-la-temporada-de-invierno-en-cerro-catedral\/#primaryimage"},"thumbnailUrl":"https:\/\/turismo.actiontravel.com.ar\/blog\/wp-content\/uploads\/2024\/06\/bariloche.jpeg","keywords":["#ActionTravel","#ATTTUR","#ATTurismo","#esqui","bariloche"],"articleSection":["Ski"],"inLanguage":"es","potentialAction":[{"@type":"CommentAction","name":"Comment","target":["https:\/\/turismo.actiontravel.com.ar\/blog\/empieza-la-temporada-de-invierno-en-cerro-catedral\/#respond"]}]},{"@type":"WebPage","@id":"https:\/\/turismo.actiontravel.com.ar\/blog\/empieza-la-temporada-de-invierno-en-cerro-catedral\/","url":"https:\/\/turismo.actiontravel.com.ar\/blog\/empieza-la-temporada-de-invierno-en-cerro-catedral\/","name":"Empieza la temporada de invierno en Cerro Catedral - Blog Turismo | AT","isPartOf":{"@id":"https:\/\/turismo.actiontravel.com.ar\/blog\/#website"},"primaryImageOfPage":{"@id":"https:\/\/turismo.actiontravel.com.ar\/blog\/empieza-la-temporada-de-invierno-en-cerro-catedral\/#primaryimage"},"image":{"@id":"https:\/\/turismo.actiontravel.com.ar\/blog\/empieza-la-temporada-de-invierno-en-cerro-catedral\/#primaryimage"},"thumbnailUrl":"https:\/\/turismo.actiontravel.com.ar\/blog\/wp-content\/uploads\/2024\/06\/bariloche.jpeg","datePublished":"2024-06-10T19:33:08+00:00","dateModified":"2024-06-10T19:59:39+00:00","breadcrumb":{"@id":"https:\/\/turismo.actiontravel.com.ar\/blog\/empieza-la-temporada-de-invierno-en-cerro-catedral\/#breadcrumb"},"inLanguage":"es","potentialAction":[{"@type":"ReadAction","target":["https:\/\/turismo.actiontravel.com.ar\/blog\/empieza-la-temporada-de-invierno-en-cerro-catedral\/"]}]},{"@type":"ImageObject","inLanguage":"es","@id":"https:\/\/turismo.actiontravel.com.ar\/blog\/empieza-la-temporada-de-invierno-en-cerro-catedral\/#primaryimage","url":"https:\/\/turismo.actiontravel.com.ar\/blog\/wp-content\/uploads\/2024\/06\/bariloche.jpeg","contentUrl":"https:\/\/turismo.actiontravel.com.ar\/blog\/wp-content\/uploads\/2024\/06\/bariloche.jpeg","width":1200,"height":800},{"@type":"BreadcrumbList","@id":"https:\/\/turismo.actiontravel.com.ar\/blog\/empieza-la-temporada-de-invierno-en-cerro-catedral\/#breadcrumb","itemListElement":[{"@type":"ListItem","position":1,"name":"Portada","item":"https:\/\/turismo.actiontravel.com.ar\/blog\/"},{"@type":"ListItem","position":2,"name":"Empieza la temporada de invierno en Cerro Catedral"}]},{"@type":"WebSite","@id":"https:\/\/turismo.actiontravel.com.ar\/blog\/#website","url":"https:\/\/turismo.actiontravel.com.ar\/blog\/","name":"Blog Turismo | AT","description":"Conoce las ultimas novedades de Turismo","publisher":{"@id":"https:\/\/turismo.actiontravel.com.ar\/blog\/#organization"},"potentialAction":[{"@type":"SearchAction","target":{"@type":"EntryPoint","urlTemplate":"https:\/\/turismo.actiontravel.com.ar\/blog\/?s={search_term_string}"},"query-input":"required name=search_term_string"}],"inLanguage":"es"},{"@type":"Organization","@id":"https:\/\/turismo.actiontravel.com.ar\/blog\/#organization","name":"Action Travel","url":"https:\/\/turismo.actiontravel.com.ar\/blog\/","logo":{"@type":"ImageObject","inLanguage":"es","@id":"https:\/\/turismo.actiontravel.com.ar\/blog\/#\/schema\/logo\/image\/","url":"https:\/\/turismo.actiontravel.com.ar\/blog\/wp-content\/uploads\/2023\/06\/50-Turismo-blanco.png","contentUrl":"https:\/\/turismo.actiontravel.com.ar\/blog\/wp-content\/uploads\/2023\/06\/50-Turismo-blanco.png","width":300,"height":52,"caption":"Action Travel"},"image":{"@id":"https:\/\/turismo.actiontravel.com.ar\/blog\/#\/schema\/logo\/image\/"},"sameAs":["https:\/\/www.facebook.com\/ActionTravelArgentina\/"]},{"@type":"Person","@id":"https:\/\/turismo.actiontravel.com.ar\/blog\/#\/schema\/person\/66a23589ad368eaea5e84593f0afd07d","name":"Soporte","image":{"@type":"ImageObject","inLanguage":"es","@id":"https:\/\/turismo.actiontravel.com.ar\/blog\/#\/schema\/person\/image\/","url":"https:\/\/secure.gravatar.com\/avatar\/7cbabdb8bf05d9cd87a2966ed90db23e?s=96&d=mm&r=g","contentUrl":"https:\/\/secure.gravatar.com\/avatar\/7cbabdb8bf05d9cd87a2966ed90db23e?s=96&d=mm&r=g","caption":"Soporte"},"url":"https:\/\/turismo.actiontravel.com.ar\/blog\/author\/soporte\/"}]}},"_links":{"self":[{"href":"https:\/\/turismo.actiontravel.com.ar\/blog\/wp-json\/wp\/v2\/posts\/5032"}],"collection":[{"href":"https:\/\/turismo.actiontravel.com.ar\/blog\/wp-json\/wp\/v2\/posts"}],"about":[{"href":"https:\/\/turismo.actiontravel.com.ar\/blog\/wp-json\/wp\/v2\/types\/post"}],"author":[{"embeddable":true,"href":"https:\/\/turismo.actiontravel.com.ar\/blog\/wp-json\/wp\/v2\/users\/11"}],"replies":[{"embeddable":true,"href":"https:\/\/turismo.actiontravel.com.ar\/blog\/wp-json\/wp\/v2\/comments?post=5032"}],"version-history":[{"count":2,"href":"https:\/\/turismo.actiontravel.com.ar\/blog\/wp-json\/wp\/v2\/posts\/5032\/revisions"}],"predecessor-version":[{"id":5035,"href":"https:\/\/turismo.actiontravel.com.ar\/blog\/wp-json\/wp\/v2\/posts\/5032\/revisions\/5035"}],"wp:featuredmedia":[{"embeddable":true,"href":"https:\/\/turismo.actiontravel.com.ar\/blog\/wp-json\/wp\/v2\/media\/5033"}],"wp:attachment":[{"href":"https:\/\/turismo.actiontravel.com.ar\/blog\/wp-json\/wp\/v2\/media?parent=5032"}],"wp:term":[{"taxonomy":"category","embeddable":true,"href":"https:\/\/turismo.actiontravel.com.ar\/blog\/wp-json\/wp\/v2\/categories?post=5032"},{"taxonomy":"post_tag","embeddable":true,"href":"https:\/\/turismo.actiontravel.com.ar\/blog\/wp-json\/wp\/v2\/tags?post=5032"}],"curies":[{"name":"wp","href":"https:\/\/api.w.org\/{rel}","templated":true}]}}