{"id":5111,"date":"2024-08-21T12:46:49","date_gmt":"2024-08-21T15:46:49","guid":{"rendered":"https:\/\/turismo.actiontravel.com.ar\/blog\/?p=5111"},"modified":"2024-08-26T18:02:51","modified_gmt":"2024-08-26T21:02:51","slug":"visa-electronica-para-pasajeros-viajando-a-cuba","status":"publish","type":"post","link":"https:\/\/turismo.actiontravel.com.ar\/blog\/visa-electronica-para-pasajeros-viajando-a-cuba\/","title":{"rendered":"Visa electr\u00f3nica para pasajeros viajando a Cuba"},"content":{"rendered":"<p>El Ministerio de Relaciones Exteriores de Cuba ha implementado la <strong>eVisaCuba.<\/strong><br \/>\nEste es un sistema en l\u00ednea para la gesti\u00f3n digital de visas de turismo para pasajeros que viajan a Cuba.<\/p>\n<p><img decoding=\"async\" src=\"https:\/\/www.directoriocubano.info\/wp-content\/uploads\/2023\/03\/visa-de-turismo-cuba.jpeg\" alt=\"Adi\u00f3s papeleo! Cuba te espera con visas electr\u00f3nicas desde esta fecha\" \/><\/p>\n<p>&nbsp;<\/p>\n<p>Para acceder a este servicio, el pasajero puede hacerlo de las siguientes maneras:<\/p>\n<ul>\n<li>De forma presencial en el consulado, de lunes a viernes de 9:00 a.m. a 12:00 m.d.<\/li>\n<li>A trav\u00e9s de la plataforma en el siguiente\u00a0<b><a href=\"https:\/\/email.copa.com\/c\/AQiQvQ8Qh5ZvGJfC9ksgpZ3kFkYMJMXr4-waiSeUgU3ojeNSCQvU-0vspNPs4lzwOJFb\" target=\"_blank\" rel=\"noopener\" data-saferedirecturl=\"https:\/\/www.google.com\/url?q=https:\/\/email.copa.com\/c\/AQiQvQ8Qh5ZvGJfC9ksgpZ3kFkYMJMXr4-waiSeUgU3ojeNSCQvU-0vspNPs4lzwOJFb&amp;source=gmail&amp;ust=1724164482663000&amp;usg=AOvVaw0Nnr9uYV62TJF9uvbjAYFf\">enlace<\/a>.<\/b><\/li>\n<\/ul>\n<p>La emisi\u00f3n de esta visa puede tomar hasta 72 horas h\u00e1biles.<\/p>\n<p><b>Nota:<\/b>\u00a0<i><b>Hasta el 31 de diciembre de 2024<\/b>, se aceptar\u00e1n tanto las tarjetas tur\u00edsticas f\u00edsicas, como las electr\u00f3nicas en los aeropuertos internacionales. Para los pasajeros que se presenten en el aeropuerto sin la tarjeta electr\u00f3nica, se les debe hacer la venta de la tarjeta tur\u00edstica f\u00edsica hasta esta fecha.<\/i><\/p>\n<p><b>Consideraciones importantes:<\/b><\/p>\n<ul>\n<li>Al realizar las solicitudes de visas tur\u00edsticas electr\u00f3nicas mediante la plataforma, debe primero realizar el pago al Consulado y luego adjuntar el comprobante de pago, llenando con precisi\u00f3n los datos solicitados.<\/li>\n<li>Es de suma importancia que, al realizar la solicitud de la visa, el pasajero ingrese su correo electr\u00f3nico correctamente, ya que ser\u00e1 el medio donde recibir\u00e1 el c\u00f3digo de visado electr\u00f3nico.<\/li>\n<li>La visa electr\u00f3nica es para uso personal e intransferible. Tiene una validez de un a\u00f1o y es v\u00e1lida para una sola entrada.<\/li>\n<li>Los turistas pueden permanecer en territorio cubano por 90 d\u00edas, prorrogables.<\/li>\n<li>La visa se hace efectiva al momento de completar los datos personales en la plataforma\u00a0<a href=\"https:\/\/email.copa.com\/c\/AQiQvQ8Qh5ZvGJfC9ksgpJ3kFlRtFy4stQxglIEjZAHJTdjYR7fHSbAjWivi8K_jod3x\" target=\"_blank\" rel=\"noopener\" data-saferedirecturl=\"https:\/\/www.google.com\/url?q=https:\/\/email.copa.com\/c\/AQiQvQ8Qh5ZvGJfC9ksgpJ3kFlRtFy4stQxglIEjZAHJTdjYR7fHSbAjWivi8K_jod3x&amp;source=gmail&amp;ust=1724164482664000&amp;usg=AOvVaw3cK2yTWeHj_DKVzSR1HCEZ\"><b>D\u2019VIAJEROS<\/b><\/a>.<\/li>\n<li>En caso de operaciones irregulares o cambios de vuelo, se puede utilizar la misma visa electr\u00f3nica gestionada originalmente.<\/li>\n<\/ul>\n<p>&nbsp;<\/p>\n","protected":false},"excerpt":{"rendered":"<p class=\"post-excerpt\">El Ministerio de Relaciones Exteriores de Cuba ha implementado la eVisaCuba. Este es un sistema en l\u00ednea para la gesti\u00f3n&#8230;<\/p>\n","protected":false},"author":11,"featured_media":5138,"comment_status":"open","ping_status":"open","sticky":false,"template":"","format":"standard","meta":{"_acf_changed":false,"footnotes":""},"categories":[70],"tags":[275,142,274,216,217],"acf":[],"yoast_head":"<!-- This site is optimized with the Yoast SEO plugin v22.7 - https:\/\/yoast.com\/wordpress\/plugins\/seo\/ -->\n<title>Visa electr\u00f3nica para pasajeros viajando a Cuba - Blog Turismo | AT<\/title>\n<meta name=\"robots\" content=\"index, follow, max-snippet:-1, max-image-preview:large, max-video-preview:-1\" \/>\n<link rel=\"canonical\" href=\"https:\/\/turismo.actiontravel.com.ar\/blog\/visa-electronica-para-pasajeros-viajando-a-cuba\/\" \/>\n<meta property=\"og:locale\" content=\"es_ES\" \/>\n<meta property=\"og:type\" content=\"article\" \/>\n<meta property=\"og:title\" content=\"Visa electr\u00f3nica para pasajeros viajando a Cuba - Blog Turismo | AT\" \/>\n<meta property=\"og:description\" content=\"El Ministerio de Relaciones Exteriores de Cuba ha implementado la eVisaCuba. Este es un sistema en l\u00ednea para la gesti\u00f3n...\" \/>\n<meta property=\"og:url\" content=\"https:\/\/turismo.actiontravel.com.ar\/blog\/visa-electronica-para-pasajeros-viajando-a-cuba\/\" \/>\n<meta property=\"og:site_name\" content=\"Blog Turismo | AT\" \/>\n<meta property=\"article:publisher\" content=\"https:\/\/www.facebook.com\/ActionTravelArgentina\/\" \/>\n<meta property=\"article:published_time\" content=\"2024-08-21T15:46:49+00:00\" \/>\n<meta property=\"article:modified_time\" content=\"2024-08-26T21:02:51+00:00\" \/>\n<meta property=\"og:image\" content=\"https:\/\/turismo.actiontravel.com.ar\/blog\/wp-content\/uploads\/2024\/08\/Visa-y-Bandera-USA.jpg\" \/>\n\t<meta property=\"og:image:width\" content=\"409\" \/>\n\t<meta property=\"og:image:height\" content=\"206\" \/>\n\t<meta property=\"og:image:type\" content=\"image\/jpeg\" \/>\n<meta name=\"author\" content=\"Soporte\" \/>\n<meta name=\"twitter:card\" content=\"summary_large_image\" \/>\n<meta name=\"twitter:label1\" content=\"Escrito por\" \/>\n\t<meta name=\"twitter:data1\" content=\"Soporte\" \/>\n\t<meta name=\"twitter:label2\" content=\"Tiempo de lectura\" \/>\n\t<meta name=\"twitter:data2\" content=\"2 minutos\" \/>\n<script type=\"application\/ld+json\" class=\"yoast-schema-graph\">{\"@context\":\"https:\/\/schema.org\",\"@graph\":[{\"@type\":\"Article\",\"@id\":\"https:\/\/turismo.actiontravel.com.ar\/blog\/visa-electronica-para-pasajeros-viajando-a-cuba\/#article\",\"isPartOf\":{\"@id\":\"https:\/\/turismo.actiontravel.com.ar\/blog\/visa-electronica-para-pasajeros-viajando-a-cuba\/\"},\"author\":{\"name\":\"Soporte\",\"@id\":\"https:\/\/turismo.actiontravel.com.ar\/blog\/#\/schema\/person\/66a23589ad368eaea5e84593f0afd07d\"},\"headline\":\"Visa electr\u00f3nica para pasajeros viajando a Cuba\",\"datePublished\":\"2024-08-21T15:46:49+00:00\",\"dateModified\":\"2024-08-26T21:02:51+00:00\",\"mainEntityOfPage\":{\"@id\":\"https:\/\/turismo.actiontravel.com.ar\/blog\/visa-electronica-para-pasajeros-viajando-a-cuba\/\"},\"wordCount\":290,\"commentCount\":0,\"publisher\":{\"@id\":\"https:\/\/turismo.actiontravel.com.ar\/blog\/#organization\"},\"image\":{\"@id\":\"https:\/\/turismo.actiontravel.com.ar\/blog\/visa-electronica-para-pasajeros-viajando-a-cuba\/#primaryimage\"},\"thumbnailUrl\":\"https:\/\/turismo.actiontravel.com.ar\/blog\/wp-content\/uploads\/2024\/08\/Visa-y-Bandera-USA.jpg\",\"keywords\":[\"#ActionTravel\",\"#Aruba #Caribe\",\"#ATTurismo\",\"cuba\",\"VisaCuba\"],\"articleSection\":[\"Actualidad\"],\"inLanguage\":\"es\",\"potentialAction\":[{\"@type\":\"CommentAction\",\"name\":\"Comment\",\"target\":[\"https:\/\/turismo.actiontravel.com.ar\/blog\/visa-electronica-para-pasajeros-viajando-a-cuba\/#respond\"]}]},{\"@type\":\"WebPage\",\"@id\":\"https:\/\/turismo.actiontravel.com.ar\/blog\/visa-electronica-para-pasajeros-viajando-a-cuba\/\",\"url\":\"https:\/\/turismo.actiontravel.com.ar\/blog\/visa-electronica-para-pasajeros-viajando-a-cuba\/\",\"name\":\"Visa electr\u00f3nica para pasajeros viajando a Cuba - Blog Turismo | AT\",\"isPartOf\":{\"@id\":\"https:\/\/turismo.actiontravel.com.ar\/blog\/#website\"},\"primaryImageOfPage\":{\"@id\":\"https:\/\/turismo.actiontravel.com.ar\/blog\/visa-electronica-para-pasajeros-viajando-a-cuba\/#primaryimage\"},\"image\":{\"@id\":\"https:\/\/turismo.actiontravel.com.ar\/blog\/visa-electronica-para-pasajeros-viajando-a-cuba\/#primaryimage\"},\"thumbnailUrl\":\"https:\/\/turismo.actiontravel.com.ar\/blog\/wp-content\/uploads\/2024\/08\/Visa-y-Bandera-USA.jpg\",\"datePublished\":\"2024-08-21T15:46:49+00:00\",\"dateModified\":\"2024-08-26T21:02:51+00:00\",\"breadcrumb\":{\"@id\":\"https:\/\/turismo.actiontravel.com.ar\/blog\/visa-electronica-para-pasajeros-viajando-a-cuba\/#breadcrumb\"},\"inLanguage\":\"es\",\"potentialAction\":[{\"@type\":\"ReadAction\",\"target\":[\"https:\/\/turismo.actiontravel.com.ar\/blog\/visa-electronica-para-pasajeros-viajando-a-cuba\/\"]}]},{\"@type\":\"ImageObject\",\"inLanguage\":\"es\",\"@id\":\"https:\/\/turismo.actiontravel.com.ar\/blog\/visa-electronica-para-pasajeros-viajando-a-cuba\/#primaryimage\",\"url\":\"https:\/\/turismo.actiontravel.com.ar\/blog\/wp-content\/uploads\/2024\/08\/Visa-y-Bandera-USA.jpg\",\"contentUrl\":\"https:\/\/turismo.actiontravel.com.ar\/blog\/wp-content\/uploads\/2024\/08\/Visa-y-Bandera-USA.jpg\",\"width\":409,\"height\":206},{\"@type\":\"BreadcrumbList\",\"@id\":\"https:\/\/turismo.actiontravel.com.ar\/blog\/visa-electronica-para-pasajeros-viajando-a-cuba\/#breadcrumb\",\"itemListElement\":[{\"@type\":\"ListItem\",\"position\":1,\"name\":\"Portada\",\"item\":\"https:\/\/turismo.actiontravel.com.ar\/blog\/\"},{\"@type\":\"ListItem\",\"position\":2,\"name\":\"Visa electr\u00f3nica para pasajeros viajando a Cuba\"}]},{\"@type\":\"WebSite\",\"@id\":\"https:\/\/turismo.actiontravel.com.ar\/blog\/#website\",\"url\":\"https:\/\/turismo.actiontravel.com.ar\/blog\/\",\"name\":\"Blog Turismo | AT\",\"description\":\"Conoce las ultimas novedades de Turismo\",\"publisher\":{\"@id\":\"https:\/\/turismo.actiontravel.com.ar\/blog\/#organization\"},\"potentialAction\":[{\"@type\":\"SearchAction\",\"target\":{\"@type\":\"EntryPoint\",\"urlTemplate\":\"https:\/\/turismo.actiontravel.com.ar\/blog\/?s={search_term_string}\"},\"query-input\":\"required name=search_term_string\"}],\"inLanguage\":\"es\"},{\"@type\":\"Organization\",\"@id\":\"https:\/\/turismo.actiontravel.com.ar\/blog\/#organization\",\"name\":\"Action Travel\",\"url\":\"https:\/\/turismo.actiontravel.com.ar\/blog\/\",\"logo\":{\"@type\":\"ImageObject\",\"inLanguage\":\"es\",\"@id\":\"https:\/\/turismo.actiontravel.com.ar\/blog\/#\/schema\/logo\/image\/\",\"url\":\"https:\/\/turismo.actiontravel.com.ar\/blog\/wp-content\/uploads\/2023\/06\/50-Turismo-blanco.png\",\"contentUrl\":\"https:\/\/turismo.actiontravel.com.ar\/blog\/wp-content\/uploads\/2023\/06\/50-Turismo-blanco.png\",\"width\":300,\"height\":52,\"caption\":\"Action Travel\"},\"image\":{\"@id\":\"https:\/\/turismo.actiontravel.com.ar\/blog\/#\/schema\/logo\/image\/\"},\"sameAs\":[\"https:\/\/www.facebook.com\/ActionTravelArgentina\/\"]},{\"@type\":\"Person\",\"@id\":\"https:\/\/turismo.actiontravel.com.ar\/blog\/#\/schema\/person\/66a23589ad368eaea5e84593f0afd07d\",\"name\":\"Soporte\",\"image\":{\"@type\":\"ImageObject\",\"inLanguage\":\"es\",\"@id\":\"https:\/\/turismo.actiontravel.com.ar\/blog\/#\/schema\/person\/image\/\",\"url\":\"https:\/\/secure.gravatar.com\/avatar\/7cbabdb8bf05d9cd87a2966ed90db23e?s=96&d=mm&r=g\",\"contentUrl\":\"https:\/\/secure.gravatar.com\/avatar\/7cbabdb8bf05d9cd87a2966ed90db23e?s=96&d=mm&r=g\",\"caption\":\"Soporte\"},\"url\":\"https:\/\/turismo.actiontravel.com.ar\/blog\/author\/soporte\/\"}]}<\/script>\n<!-- \/ Yoast SEO plugin. -->","yoast_head_json":{"title":"Visa electr\u00f3nica para pasajeros viajando a Cuba - Blog Turismo | AT","robots":{"index":"index","follow":"follow","max-snippet":"max-snippet:-1","max-image-preview":"max-image-preview:large","max-video-preview":"max-video-preview:-1"},"canonical":"https:\/\/turismo.actiontravel.com.ar\/blog\/visa-electronica-para-pasajeros-viajando-a-cuba\/","og_locale":"es_ES","og_type":"article","og_title":"Visa electr\u00f3nica para pasajeros viajando a Cuba - Blog Turismo | AT","og_description":"El Ministerio de Relaciones Exteriores de Cuba ha implementado la eVisaCuba. Este es un sistema en l\u00ednea para la gesti\u00f3n...","og_url":"https:\/\/turismo.actiontravel.com.ar\/blog\/visa-electronica-para-pasajeros-viajando-a-cuba\/","og_site_name":"Blog Turismo | AT","article_publisher":"https:\/\/www.facebook.com\/ActionTravelArgentina\/","article_published_time":"2024-08-21T15:46:49+00:00","article_modified_time":"2024-08-26T21:02:51+00:00","og_image":[{"width":409,"height":206,"url":"https:\/\/turismo.actiontravel.com.ar\/blog\/wp-content\/uploads\/2024\/08\/Visa-y-Bandera-USA.jpg","type":"image\/jpeg"}],"author":"Soporte","twitter_card":"summary_large_image","twitter_misc":{"Escrito por":"Soporte","Tiempo de lectura":"2 minutos"},"schema":{"@context":"https:\/\/schema.org","@graph":[{"@type":"Article","@id":"https:\/\/turismo.actiontravel.com.ar\/blog\/visa-electronica-para-pasajeros-viajando-a-cuba\/#article","isPartOf":{"@id":"https:\/\/turismo.actiontravel.com.ar\/blog\/visa-electronica-para-pasajeros-viajando-a-cuba\/"},"author":{"name":"Soporte","@id":"https:\/\/turismo.actiontravel.com.ar\/blog\/#\/schema\/person\/66a23589ad368eaea5e84593f0afd07d"},"headline":"Visa electr\u00f3nica para pasajeros viajando a Cuba","datePublished":"2024-08-21T15:46:49+00:00","dateModified":"2024-08-26T21:02:51+00:00","mainEntityOfPage":{"@id":"https:\/\/turismo.actiontravel.com.ar\/blog\/visa-electronica-para-pasajeros-viajando-a-cuba\/"},"wordCount":290,"commentCount":0,"publisher":{"@id":"https:\/\/turismo.actiontravel.com.ar\/blog\/#organization"},"image":{"@id":"https:\/\/turismo.actiontravel.com.ar\/blog\/visa-electronica-para-pasajeros-viajando-a-cuba\/#primaryimage"},"thumbnailUrl":"https:\/\/turismo.actiontravel.com.ar\/blog\/wp-content\/uploads\/2024\/08\/Visa-y-Bandera-USA.jpg","keywords":["#ActionTravel","#Aruba #Caribe","#ATTurismo","cuba","VisaCuba"],"articleSection":["Actualidad"],"inLanguage":"es","potentialAction":[{"@type":"CommentAction","name":"Comment","target":["https:\/\/turismo.actiontravel.com.ar\/blog\/visa-electronica-para-pasajeros-viajando-a-cuba\/#respond"]}]},{"@type":"WebPage","@id":"https:\/\/turismo.actiontravel.com.ar\/blog\/visa-electronica-para-pasajeros-viajando-a-cuba\/","url":"https:\/\/turismo.actiontravel.com.ar\/blog\/visa-electronica-para-pasajeros-viajando-a-cuba\/","name":"Visa electr\u00f3nica para pasajeros viajando a Cuba - Blog Turismo | AT","isPartOf":{"@id":"https:\/\/turismo.actiontravel.com.ar\/blog\/#website"},"primaryImageOfPage":{"@id":"https:\/\/turismo.actiontravel.com.ar\/blog\/visa-electronica-para-pasajeros-viajando-a-cuba\/#primaryimage"},"image":{"@id":"https:\/\/turismo.actiontravel.com.ar\/blog\/visa-electronica-para-pasajeros-viajando-a-cuba\/#primaryimage"},"thumbnailUrl":"https:\/\/turismo.actiontravel.com.ar\/blog\/wp-content\/uploads\/2024\/08\/Visa-y-Bandera-USA.jpg","datePublished":"2024-08-21T15:46:49+00:00","dateModified":"2024-08-26T21:02:51+00:00","breadcrumb":{"@id":"https:\/\/turismo.actiontravel.com.ar\/blog\/visa-electronica-para-pasajeros-viajando-a-cuba\/#breadcrumb"},"inLanguage":"es","potentialAction":[{"@type":"ReadAction","target":["https:\/\/turismo.actiontravel.com.ar\/blog\/visa-electronica-para-pasajeros-viajando-a-cuba\/"]}]},{"@type":"ImageObject","inLanguage":"es","@id":"https:\/\/turismo.actiontravel.com.ar\/blog\/visa-electronica-para-pasajeros-viajando-a-cuba\/#primaryimage","url":"https:\/\/turismo.actiontravel.com.ar\/blog\/wp-content\/uploads\/2024\/08\/Visa-y-Bandera-USA.jpg","contentUrl":"https:\/\/turismo.actiontravel.com.ar\/blog\/wp-content\/uploads\/2024\/08\/Visa-y-Bandera-USA.jpg","width":409,"height":206},{"@type":"BreadcrumbList","@id":"https:\/\/turismo.actiontravel.com.ar\/blog\/visa-electronica-para-pasajeros-viajando-a-cuba\/#breadcrumb","itemListElement":[{"@type":"ListItem","position":1,"name":"Portada","item":"https:\/\/turismo.actiontravel.com.ar\/blog\/"},{"@type":"ListItem","position":2,"name":"Visa electr\u00f3nica para pasajeros viajando a Cuba"}]},{"@type":"WebSite","@id":"https:\/\/turismo.actiontravel.com.ar\/blog\/#website","url":"https:\/\/turismo.actiontravel.com.ar\/blog\/","name":"Blog Turismo | AT","description":"Conoce las ultimas novedades de Turismo","publisher":{"@id":"https:\/\/turismo.actiontravel.com.ar\/blog\/#organization"},"potentialAction":[{"@type":"SearchAction","target":{"@type":"EntryPoint","urlTemplate":"https:\/\/turismo.actiontravel.com.ar\/blog\/?s={search_term_string}"},"query-input":"required name=search_term_string"}],"inLanguage":"es"},{"@type":"Organization","@id":"https:\/\/turismo.actiontravel.com.ar\/blog\/#organization","name":"Action Travel","url":"https:\/\/turismo.actiontravel.com.ar\/blog\/","logo":{"@type":"ImageObject","inLanguage":"es","@id":"https:\/\/turismo.actiontravel.com.ar\/blog\/#\/schema\/logo\/image\/","url":"https:\/\/turismo.actiontravel.com.ar\/blog\/wp-content\/uploads\/2023\/06\/50-Turismo-blanco.png","contentUrl":"https:\/\/turismo.actiontravel.com.ar\/blog\/wp-content\/uploads\/2023\/06\/50-Turismo-blanco.png","width":300,"height":52,"caption":"Action Travel"},"image":{"@id":"https:\/\/turismo.actiontravel.com.ar\/blog\/#\/schema\/logo\/image\/"},"sameAs":["https:\/\/www.facebook.com\/ActionTravelArgentina\/"]},{"@type":"Person","@id":"https:\/\/turismo.actiontravel.com.ar\/blog\/#\/schema\/person\/66a23589ad368eaea5e84593f0afd07d","name":"Soporte","image":{"@type":"ImageObject","inLanguage":"es","@id":"https:\/\/turismo.actiontravel.com.ar\/blog\/#\/schema\/person\/image\/","url":"https:\/\/secure.gravatar.com\/avatar\/7cbabdb8bf05d9cd87a2966ed90db23e?s=96&d=mm&r=g","contentUrl":"https:\/\/secure.gravatar.com\/avatar\/7cbabdb8bf05d9cd87a2966ed90db23e?s=96&d=mm&r=g","caption":"Soporte"},"url":"https:\/\/turismo.actiontravel.com.ar\/blog\/author\/soporte\/"}]}},"_links":{"self":[{"href":"https:\/\/turismo.actiontravel.com.ar\/blog\/wp-json\/wp\/v2\/posts\/5111"}],"collection":[{"href":"https:\/\/turismo.actiontravel.com.ar\/blog\/wp-json\/wp\/v2\/posts"}],"about":[{"href":"https:\/\/turismo.actiontravel.com.ar\/blog\/wp-json\/wp\/v2\/types\/post"}],"author":[{"embeddable":true,"href":"https:\/\/turismo.actiontravel.com.ar\/blog\/wp-json\/wp\/v2\/users\/11"}],"replies":[{"embeddable":true,"href":"https:\/\/turismo.actiontravel.com.ar\/blog\/wp-json\/wp\/v2\/comments?post=5111"}],"version-history":[{"count":2,"href":"https:\/\/turismo.actiontravel.com.ar\/blog\/wp-json\/wp\/v2\/posts\/5111\/revisions"}],"predecessor-version":[{"id":5139,"href":"https:\/\/turismo.actiontravel.com.ar\/blog\/wp-json\/wp\/v2\/posts\/5111\/revisions\/5139"}],"wp:featuredmedia":[{"embeddable":true,"href":"https:\/\/turismo.actiontravel.com.ar\/blog\/wp-json\/wp\/v2\/media\/5138"}],"wp:attachment":[{"href":"https:\/\/turismo.actiontravel.com.ar\/blog\/wp-json\/wp\/v2\/media?parent=5111"}],"wp:term":[{"taxonomy":"category","embeddable":true,"href":"https:\/\/turismo.actiontravel.com.ar\/blog\/wp-json\/wp\/v2\/categories?post=5111"},{"taxonomy":"post_tag","embeddable":true,"href":"https:\/\/turismo.actiontravel.com.ar\/blog\/wp-json\/wp\/v2\/tags?post=5111"}],"curies":[{"name":"wp","href":"https:\/\/api.w.org\/{rel}","templated":true}]}}