{"id":5160,"date":"2024-09-04T10:53:45","date_gmt":"2024-09-04T13:53:45","guid":{"rendered":"https:\/\/turismo.actiontravel.com.ar\/blog\/?p=5160"},"modified":"2024-09-04T10:53:45","modified_gmt":"2024-09-04T13:53:45","slug":"viajar-de-noche-la-opcion-mas-economica","status":"publish","type":"post","link":"https:\/\/turismo.actiontravel.com.ar\/blog\/viajar-de-noche-la-opcion-mas-economica\/","title":{"rendered":"Viajar de noche, la opci\u00f3n mas econ\u00f3mica!"},"content":{"rendered":"<div class=\"sr-free\" style=\"text-align: center;\" data-cooltipz-dir=\"bottom-left\" aria-label=\"Click sentence to rephrase\"><strong>Aerol\u00edneas Argentinas<\/strong> presenta sus nuevas <strong>tarifas nocturna<\/strong>s,<\/div>\n<div class=\"sr-free\" style=\"text-align: center;\" data-cooltipz-dir=\"bottom-left\" aria-label=\"Click sentence to rephrase\">con precios muy atractivos\u00a0en <strong>5 rutas nacionales<\/strong>.<\/div>\n<div data-cooltipz-dir=\"bottom-left\" aria-label=\"Click sentence to rephrase\"><a href=\"https:\/\/turismo.actiontravel.com.ar\/blog\/wp-content\/uploads\/2024\/09\/ethan-hu-Hi9OUtty-_o-unsplash-scaled.jpg\"><img loading=\"lazy\" decoding=\"async\" class=\"size-medium wp-image-5161 aligncenter\" src=\"https:\/\/turismo.actiontravel.com.ar\/blog\/wp-content\/uploads\/2024\/09\/ethan-hu-Hi9OUtty-_o-unsplash-300x200.jpg\" alt=\"\" width=\"300\" height=\"200\" srcset=\"https:\/\/turismo.actiontravel.com.ar\/blog\/wp-content\/uploads\/2024\/09\/ethan-hu-Hi9OUtty-_o-unsplash-300x200.jpg 300w, https:\/\/turismo.actiontravel.com.ar\/blog\/wp-content\/uploads\/2024\/09\/ethan-hu-Hi9OUtty-_o-unsplash-1024x683.jpg 1024w, https:\/\/turismo.actiontravel.com.ar\/blog\/wp-content\/uploads\/2024\/09\/ethan-hu-Hi9OUtty-_o-unsplash-768x512.jpg 768w, https:\/\/turismo.actiontravel.com.ar\/blog\/wp-content\/uploads\/2024\/09\/ethan-hu-Hi9OUtty-_o-unsplash-1536x1024.jpg 1536w, https:\/\/turismo.actiontravel.com.ar\/blog\/wp-content\/uploads\/2024\/09\/ethan-hu-Hi9OUtty-_o-unsplash-2048x1365.jpg 2048w, https:\/\/turismo.actiontravel.com.ar\/blog\/wp-content\/uploads\/2024\/09\/ethan-hu-Hi9OUtty-_o-unsplash-1140x760.jpg 1140w\" sizes=\"(max-width: 300px) 100vw, 300px\" \/><\/a><\/div>\n<div data-cooltipz-dir=\"bottom-left\" aria-label=\"Click sentence to rephrase\"><\/div>\n<div class=\"sr-free\" style=\"text-align: center;\" data-cooltipz-dir=\"bottom-left\" aria-label=\"Click sentence to rephrase\">A partir del 31 de octubre de este a\u00f1o, los pasajeros que elijan, puedan o prefieran viajar de noche disfrutar\u00e1n de precios muy competitivos.<\/div>\n<div class=\"sr-free\" style=\"text-align: center;\" data-cooltipz-dir=\"bottom-left\" aria-label=\"Click sentence to rephrase\">Tendr\u00e1n que elegir\u00a0opciones desde\u00a0las\u00a023 a\u00a0las\u00a03\u00a0de la\u00a0ma\u00f1ana y las rutas habilitadas son: <strong>Bariloche, Iguaz\u00fa, Salta, Comodoro Rivadavia y Trelew.<\/strong><\/div>\n<div style=\"text-align: center;\" data-cooltipz-dir=\"bottom-left\" aria-label=\"Click sentence to rephrase\"><\/div>\n<div class=\"sr-free\" style=\"text-align: center;\" data-cooltipz-dir=\"bottom-left\" aria-label=\"Click sentence to rephrase\">El objetivo de la\u00a0compa\u00f1\u00eda\u00a0es\u00a0programar\u00a0vuelos nocturnos diarios\u00a0a cada uno de estos\u00a0destinos y desde y hacia Aeroparque.<\/div>\n<div style=\"text-align: center;\" data-cooltipz-dir=\"bottom-left\" aria-label=\"Click sentence to rephrase\"><\/div>\n<div class=\"sr-free\" style=\"text-align: center;\" data-cooltipz-dir=\"bottom-left\" aria-label=\"Click sentence to rephrase\">Aerol\u00edneas Argentinas\u00a0 afirm\u00f3\u00a0que\u00a0los precios de\u00a0estos vuelos\u00a0\u00abser\u00e1n muy competitivos, especialmente\u00a0para\u00a0aquellos a quienes\u00a0 planifican y\u00a0compran con antelaci\u00f3n\u00bb.<\/div>\n<p style=\"text-align: center;\">\u00a0Los precios de las\u00a0rutas a Iguaz\u00fa y Bariloche\u00a0partir\u00e1n desde $17.560 , a\u00a0Salta y\u00a0Trelew desde $21.670 \u00a0y\u00a0a\u00a0Comodoro\u00a0Rivadavia desde $ 37.760\u00a0 de valor por tramo.<\/p>\n<p style=\"text-align: center;\">Que esperas para elegir tu pr\u00f3ximo destino?<\/p>\n","protected":false},"excerpt":{"rendered":"<p class=\"post-excerpt\">Aerol\u00edneas Argentinas presenta sus nuevas tarifas nocturnas, con precios muy atractivos\u00a0en 5 rutas nacionales. A partir del 31 de octubre&#8230;<\/p>\n","protected":false},"author":11,"featured_media":5162,"comment_status":"open","ping_status":"open","sticky":false,"template":"","format":"standard","meta":{"_acf_changed":false,"footnotes":""},"categories":[70],"tags":[275,336,292,288,337],"acf":[],"yoast_head":"<!-- This site is optimized with the Yoast SEO plugin v22.7 - https:\/\/yoast.com\/wordpress\/plugins\/seo\/ -->\n<title>Viajar de noche, la opci\u00f3n mas econ\u00f3mica! - Blog Turismo | AT<\/title>\n<meta name=\"robots\" content=\"index, follow, max-snippet:-1, max-image-preview:large, max-video-preview:-1\" \/>\n<link rel=\"canonical\" href=\"https:\/\/turismo.actiontravel.com.ar\/blog\/viajar-de-noche-la-opcion-mas-economica\/\" \/>\n<meta property=\"og:locale\" content=\"es_ES\" \/>\n<meta property=\"og:type\" content=\"article\" \/>\n<meta property=\"og:title\" content=\"Viajar de noche, la opci\u00f3n mas econ\u00f3mica! - Blog Turismo | AT\" \/>\n<meta property=\"og:description\" content=\"Aerol\u00edneas Argentinas presenta sus nuevas tarifas nocturnas, con precios muy atractivos\u00a0en 5 rutas nacionales. A partir del 31 de octubre...\" \/>\n<meta property=\"og:url\" content=\"https:\/\/turismo.actiontravel.com.ar\/blog\/viajar-de-noche-la-opcion-mas-economica\/\" \/>\n<meta property=\"og:site_name\" content=\"Blog Turismo | AT\" \/>\n<meta property=\"article:publisher\" content=\"https:\/\/www.facebook.com\/ActionTravelArgentina\/\" \/>\n<meta property=\"article:published_time\" content=\"2024-09-04T13:53:45+00:00\" \/>\n<meta property=\"og:image\" content=\"https:\/\/turismo.actiontravel.com.ar\/blog\/wp-content\/uploads\/2024\/09\/paolo-nicolello-2x2kZrO3P70-unsplash-scaled.jpg\" \/>\n\t<meta property=\"og:image:width\" content=\"2560\" \/>\n\t<meta property=\"og:image:height\" content=\"1708\" \/>\n\t<meta property=\"og:image:type\" content=\"image\/jpeg\" \/>\n<meta name=\"author\" content=\"Soporte\" \/>\n<meta name=\"twitter:card\" content=\"summary_large_image\" \/>\n<meta name=\"twitter:label1\" content=\"Escrito por\" \/>\n\t<meta name=\"twitter:data1\" content=\"Soporte\" \/>\n\t<meta name=\"twitter:label2\" content=\"Tiempo de lectura\" \/>\n\t<meta name=\"twitter:data2\" content=\"2 minutos\" \/>\n<script type=\"application\/ld+json\" class=\"yoast-schema-graph\">{\"@context\":\"https:\/\/schema.org\",\"@graph\":[{\"@type\":\"Article\",\"@id\":\"https:\/\/turismo.actiontravel.com.ar\/blog\/viajar-de-noche-la-opcion-mas-economica\/#article\",\"isPartOf\":{\"@id\":\"https:\/\/turismo.actiontravel.com.ar\/blog\/viajar-de-noche-la-opcion-mas-economica\/\"},\"author\":{\"name\":\"Soporte\",\"@id\":\"https:\/\/turismo.actiontravel.com.ar\/blog\/#\/schema\/person\/66a23589ad368eaea5e84593f0afd07d\"},\"headline\":\"Viajar de noche, la opci\u00f3n mas econ\u00f3mica!\",\"datePublished\":\"2024-09-04T13:53:45+00:00\",\"dateModified\":\"2024-09-04T13:53:45+00:00\",\"mainEntityOfPage\":{\"@id\":\"https:\/\/turismo.actiontravel.com.ar\/blog\/viajar-de-noche-la-opcion-mas-economica\/\"},\"wordCount\":155,\"commentCount\":0,\"publisher\":{\"@id\":\"https:\/\/turismo.actiontravel.com.ar\/blog\/#organization\"},\"image\":{\"@id\":\"https:\/\/turismo.actiontravel.com.ar\/blog\/viajar-de-noche-la-opcion-mas-economica\/#primaryimage\"},\"thumbnailUrl\":\"https:\/\/turismo.actiontravel.com.ar\/blog\/wp-content\/uploads\/2024\/09\/paolo-nicolello-2x2kZrO3P70-unsplash-scaled.jpg\",\"keywords\":[\"#ActionTravel\",\"#Aerolineasargentinas\",\"#ATTT\",\"#ATTTUR\",\"#viajaporargentina\"],\"articleSection\":[\"Actualidad\"],\"inLanguage\":\"es\",\"potentialAction\":[{\"@type\":\"CommentAction\",\"name\":\"Comment\",\"target\":[\"https:\/\/turismo.actiontravel.com.ar\/blog\/viajar-de-noche-la-opcion-mas-economica\/#respond\"]}]},{\"@type\":\"WebPage\",\"@id\":\"https:\/\/turismo.actiontravel.com.ar\/blog\/viajar-de-noche-la-opcion-mas-economica\/\",\"url\":\"https:\/\/turismo.actiontravel.com.ar\/blog\/viajar-de-noche-la-opcion-mas-economica\/\",\"name\":\"Viajar de noche, la opci\u00f3n mas econ\u00f3mica! - Blog Turismo | AT\",\"isPartOf\":{\"@id\":\"https:\/\/turismo.actiontravel.com.ar\/blog\/#website\"},\"primaryImageOfPage\":{\"@id\":\"https:\/\/turismo.actiontravel.com.ar\/blog\/viajar-de-noche-la-opcion-mas-economica\/#primaryimage\"},\"image\":{\"@id\":\"https:\/\/turismo.actiontravel.com.ar\/blog\/viajar-de-noche-la-opcion-mas-economica\/#primaryimage\"},\"thumbnailUrl\":\"https:\/\/turismo.actiontravel.com.ar\/blog\/wp-content\/uploads\/2024\/09\/paolo-nicolello-2x2kZrO3P70-unsplash-scaled.jpg\",\"datePublished\":\"2024-09-04T13:53:45+00:00\",\"dateModified\":\"2024-09-04T13:53:45+00:00\",\"breadcrumb\":{\"@id\":\"https:\/\/turismo.actiontravel.com.ar\/blog\/viajar-de-noche-la-opcion-mas-economica\/#breadcrumb\"},\"inLanguage\":\"es\",\"potentialAction\":[{\"@type\":\"ReadAction\",\"target\":[\"https:\/\/turismo.actiontravel.com.ar\/blog\/viajar-de-noche-la-opcion-mas-economica\/\"]}]},{\"@type\":\"ImageObject\",\"inLanguage\":\"es\",\"@id\":\"https:\/\/turismo.actiontravel.com.ar\/blog\/viajar-de-noche-la-opcion-mas-economica\/#primaryimage\",\"url\":\"https:\/\/turismo.actiontravel.com.ar\/blog\/wp-content\/uploads\/2024\/09\/paolo-nicolello-2x2kZrO3P70-unsplash-scaled.jpg\",\"contentUrl\":\"https:\/\/turismo.actiontravel.com.ar\/blog\/wp-content\/uploads\/2024\/09\/paolo-nicolello-2x2kZrO3P70-unsplash-scaled.jpg\",\"width\":2560,\"height\":1708},{\"@type\":\"BreadcrumbList\",\"@id\":\"https:\/\/turismo.actiontravel.com.ar\/blog\/viajar-de-noche-la-opcion-mas-economica\/#breadcrumb\",\"itemListElement\":[{\"@type\":\"ListItem\",\"position\":1,\"name\":\"Portada\",\"item\":\"https:\/\/turismo.actiontravel.com.ar\/blog\/\"},{\"@type\":\"ListItem\",\"position\":2,\"name\":\"Viajar de noche, la opci\u00f3n mas econ\u00f3mica!\"}]},{\"@type\":\"WebSite\",\"@id\":\"https:\/\/turismo.actiontravel.com.ar\/blog\/#website\",\"url\":\"https:\/\/turismo.actiontravel.com.ar\/blog\/\",\"name\":\"Blog Turismo | AT\",\"description\":\"Conoce las ultimas novedades de Turismo\",\"publisher\":{\"@id\":\"https:\/\/turismo.actiontravel.com.ar\/blog\/#organization\"},\"potentialAction\":[{\"@type\":\"SearchAction\",\"target\":{\"@type\":\"EntryPoint\",\"urlTemplate\":\"https:\/\/turismo.actiontravel.com.ar\/blog\/?s={search_term_string}\"},\"query-input\":\"required name=search_term_string\"}],\"inLanguage\":\"es\"},{\"@type\":\"Organization\",\"@id\":\"https:\/\/turismo.actiontravel.com.ar\/blog\/#organization\",\"name\":\"Action Travel\",\"url\":\"https:\/\/turismo.actiontravel.com.ar\/blog\/\",\"logo\":{\"@type\":\"ImageObject\",\"inLanguage\":\"es\",\"@id\":\"https:\/\/turismo.actiontravel.com.ar\/blog\/#\/schema\/logo\/image\/\",\"url\":\"https:\/\/turismo.actiontravel.com.ar\/blog\/wp-content\/uploads\/2023\/06\/50-Turismo-blanco.png\",\"contentUrl\":\"https:\/\/turismo.actiontravel.com.ar\/blog\/wp-content\/uploads\/2023\/06\/50-Turismo-blanco.png\",\"width\":300,\"height\":52,\"caption\":\"Action Travel\"},\"image\":{\"@id\":\"https:\/\/turismo.actiontravel.com.ar\/blog\/#\/schema\/logo\/image\/\"},\"sameAs\":[\"https:\/\/www.facebook.com\/ActionTravelArgentina\/\"]},{\"@type\":\"Person\",\"@id\":\"https:\/\/turismo.actiontravel.com.ar\/blog\/#\/schema\/person\/66a23589ad368eaea5e84593f0afd07d\",\"name\":\"Soporte\",\"image\":{\"@type\":\"ImageObject\",\"inLanguage\":\"es\",\"@id\":\"https:\/\/turismo.actiontravel.com.ar\/blog\/#\/schema\/person\/image\/\",\"url\":\"https:\/\/secure.gravatar.com\/avatar\/7cbabdb8bf05d9cd87a2966ed90db23e?s=96&d=mm&r=g\",\"contentUrl\":\"https:\/\/secure.gravatar.com\/avatar\/7cbabdb8bf05d9cd87a2966ed90db23e?s=96&d=mm&r=g\",\"caption\":\"Soporte\"},\"url\":\"https:\/\/turismo.actiontravel.com.ar\/blog\/author\/soporte\/\"}]}<\/script>\n<!-- \/ Yoast SEO plugin. -->","yoast_head_json":{"title":"Viajar de noche, la opci\u00f3n mas econ\u00f3mica! - Blog Turismo | AT","robots":{"index":"index","follow":"follow","max-snippet":"max-snippet:-1","max-image-preview":"max-image-preview:large","max-video-preview":"max-video-preview:-1"},"canonical":"https:\/\/turismo.actiontravel.com.ar\/blog\/viajar-de-noche-la-opcion-mas-economica\/","og_locale":"es_ES","og_type":"article","og_title":"Viajar de noche, la opci\u00f3n mas econ\u00f3mica! - Blog Turismo | AT","og_description":"Aerol\u00edneas Argentinas presenta sus nuevas tarifas nocturnas, con precios muy atractivos\u00a0en 5 rutas nacionales. A partir del 31 de octubre...","og_url":"https:\/\/turismo.actiontravel.com.ar\/blog\/viajar-de-noche-la-opcion-mas-economica\/","og_site_name":"Blog Turismo | AT","article_publisher":"https:\/\/www.facebook.com\/ActionTravelArgentina\/","article_published_time":"2024-09-04T13:53:45+00:00","og_image":[{"width":2560,"height":1708,"url":"https:\/\/turismo.actiontravel.com.ar\/blog\/wp-content\/uploads\/2024\/09\/paolo-nicolello-2x2kZrO3P70-unsplash-scaled.jpg","type":"image\/jpeg"}],"author":"Soporte","twitter_card":"summary_large_image","twitter_misc":{"Escrito por":"Soporte","Tiempo de lectura":"2 minutos"},"schema":{"@context":"https:\/\/schema.org","@graph":[{"@type":"Article","@id":"https:\/\/turismo.actiontravel.com.ar\/blog\/viajar-de-noche-la-opcion-mas-economica\/#article","isPartOf":{"@id":"https:\/\/turismo.actiontravel.com.ar\/blog\/viajar-de-noche-la-opcion-mas-economica\/"},"author":{"name":"Soporte","@id":"https:\/\/turismo.actiontravel.com.ar\/blog\/#\/schema\/person\/66a23589ad368eaea5e84593f0afd07d"},"headline":"Viajar de noche, la opci\u00f3n mas econ\u00f3mica!","datePublished":"2024-09-04T13:53:45+00:00","dateModified":"2024-09-04T13:53:45+00:00","mainEntityOfPage":{"@id":"https:\/\/turismo.actiontravel.com.ar\/blog\/viajar-de-noche-la-opcion-mas-economica\/"},"wordCount":155,"commentCount":0,"publisher":{"@id":"https:\/\/turismo.actiontravel.com.ar\/blog\/#organization"},"image":{"@id":"https:\/\/turismo.actiontravel.com.ar\/blog\/viajar-de-noche-la-opcion-mas-economica\/#primaryimage"},"thumbnailUrl":"https:\/\/turismo.actiontravel.com.ar\/blog\/wp-content\/uploads\/2024\/09\/paolo-nicolello-2x2kZrO3P70-unsplash-scaled.jpg","keywords":["#ActionTravel","#Aerolineasargentinas","#ATTT","#ATTTUR","#viajaporargentina"],"articleSection":["Actualidad"],"inLanguage":"es","potentialAction":[{"@type":"CommentAction","name":"Comment","target":["https:\/\/turismo.actiontravel.com.ar\/blog\/viajar-de-noche-la-opcion-mas-economica\/#respond"]}]},{"@type":"WebPage","@id":"https:\/\/turismo.actiontravel.com.ar\/blog\/viajar-de-noche-la-opcion-mas-economica\/","url":"https:\/\/turismo.actiontravel.com.ar\/blog\/viajar-de-noche-la-opcion-mas-economica\/","name":"Viajar de noche, la opci\u00f3n mas econ\u00f3mica! - Blog Turismo | AT","isPartOf":{"@id":"https:\/\/turismo.actiontravel.com.ar\/blog\/#website"},"primaryImageOfPage":{"@id":"https:\/\/turismo.actiontravel.com.ar\/blog\/viajar-de-noche-la-opcion-mas-economica\/#primaryimage"},"image":{"@id":"https:\/\/turismo.actiontravel.com.ar\/blog\/viajar-de-noche-la-opcion-mas-economica\/#primaryimage"},"thumbnailUrl":"https:\/\/turismo.actiontravel.com.ar\/blog\/wp-content\/uploads\/2024\/09\/paolo-nicolello-2x2kZrO3P70-unsplash-scaled.jpg","datePublished":"2024-09-04T13:53:45+00:00","dateModified":"2024-09-04T13:53:45+00:00","breadcrumb":{"@id":"https:\/\/turismo.actiontravel.com.ar\/blog\/viajar-de-noche-la-opcion-mas-economica\/#breadcrumb"},"inLanguage":"es","potentialAction":[{"@type":"ReadAction","target":["https:\/\/turismo.actiontravel.com.ar\/blog\/viajar-de-noche-la-opcion-mas-economica\/"]}]},{"@type":"ImageObject","inLanguage":"es","@id":"https:\/\/turismo.actiontravel.com.ar\/blog\/viajar-de-noche-la-opcion-mas-economica\/#primaryimage","url":"https:\/\/turismo.actiontravel.com.ar\/blog\/wp-content\/uploads\/2024\/09\/paolo-nicolello-2x2kZrO3P70-unsplash-scaled.jpg","contentUrl":"https:\/\/turismo.actiontravel.com.ar\/blog\/wp-content\/uploads\/2024\/09\/paolo-nicolello-2x2kZrO3P70-unsplash-scaled.jpg","width":2560,"height":1708},{"@type":"BreadcrumbList","@id":"https:\/\/turismo.actiontravel.com.ar\/blog\/viajar-de-noche-la-opcion-mas-economica\/#breadcrumb","itemListElement":[{"@type":"ListItem","position":1,"name":"Portada","item":"https:\/\/turismo.actiontravel.com.ar\/blog\/"},{"@type":"ListItem","position":2,"name":"Viajar de noche, la opci\u00f3n mas econ\u00f3mica!"}]},{"@type":"WebSite","@id":"https:\/\/turismo.actiontravel.com.ar\/blog\/#website","url":"https:\/\/turismo.actiontravel.com.ar\/blog\/","name":"Blog Turismo | AT","description":"Conoce las ultimas novedades de Turismo","publisher":{"@id":"https:\/\/turismo.actiontravel.com.ar\/blog\/#organization"},"potentialAction":[{"@type":"SearchAction","target":{"@type":"EntryPoint","urlTemplate":"https:\/\/turismo.actiontravel.com.ar\/blog\/?s={search_term_string}"},"query-input":"required name=search_term_string"}],"inLanguage":"es"},{"@type":"Organization","@id":"https:\/\/turismo.actiontravel.com.ar\/blog\/#organization","name":"Action Travel","url":"https:\/\/turismo.actiontravel.com.ar\/blog\/","logo":{"@type":"ImageObject","inLanguage":"es","@id":"https:\/\/turismo.actiontravel.com.ar\/blog\/#\/schema\/logo\/image\/","url":"https:\/\/turismo.actiontravel.com.ar\/blog\/wp-content\/uploads\/2023\/06\/50-Turismo-blanco.png","contentUrl":"https:\/\/turismo.actiontravel.com.ar\/blog\/wp-content\/uploads\/2023\/06\/50-Turismo-blanco.png","width":300,"height":52,"caption":"Action Travel"},"image":{"@id":"https:\/\/turismo.actiontravel.com.ar\/blog\/#\/schema\/logo\/image\/"},"sameAs":["https:\/\/www.facebook.com\/ActionTravelArgentina\/"]},{"@type":"Person","@id":"https:\/\/turismo.actiontravel.com.ar\/blog\/#\/schema\/person\/66a23589ad368eaea5e84593f0afd07d","name":"Soporte","image":{"@type":"ImageObject","inLanguage":"es","@id":"https:\/\/turismo.actiontravel.com.ar\/blog\/#\/schema\/person\/image\/","url":"https:\/\/secure.gravatar.com\/avatar\/7cbabdb8bf05d9cd87a2966ed90db23e?s=96&d=mm&r=g","contentUrl":"https:\/\/secure.gravatar.com\/avatar\/7cbabdb8bf05d9cd87a2966ed90db23e?s=96&d=mm&r=g","caption":"Soporte"},"url":"https:\/\/turismo.actiontravel.com.ar\/blog\/author\/soporte\/"}]}},"_links":{"self":[{"href":"https:\/\/turismo.actiontravel.com.ar\/blog\/wp-json\/wp\/v2\/posts\/5160"}],"collection":[{"href":"https:\/\/turismo.actiontravel.com.ar\/blog\/wp-json\/wp\/v2\/posts"}],"about":[{"href":"https:\/\/turismo.actiontravel.com.ar\/blog\/wp-json\/wp\/v2\/types\/post"}],"author":[{"embeddable":true,"href":"https:\/\/turismo.actiontravel.com.ar\/blog\/wp-json\/wp\/v2\/users\/11"}],"replies":[{"embeddable":true,"href":"https:\/\/turismo.actiontravel.com.ar\/blog\/wp-json\/wp\/v2\/comments?post=5160"}],"version-history":[{"count":4,"href":"https:\/\/turismo.actiontravel.com.ar\/blog\/wp-json\/wp\/v2\/posts\/5160\/revisions"}],"predecessor-version":[{"id":5166,"href":"https:\/\/turismo.actiontravel.com.ar\/blog\/wp-json\/wp\/v2\/posts\/5160\/revisions\/5166"}],"wp:featuredmedia":[{"embeddable":true,"href":"https:\/\/turismo.actiontravel.com.ar\/blog\/wp-json\/wp\/v2\/media\/5162"}],"wp:attachment":[{"href":"https:\/\/turismo.actiontravel.com.ar\/blog\/wp-json\/wp\/v2\/media?parent=5160"}],"wp:term":[{"taxonomy":"category","embeddable":true,"href":"https:\/\/turismo.actiontravel.com.ar\/blog\/wp-json\/wp\/v2\/categories?post=5160"},{"taxonomy":"post_tag","embeddable":true,"href":"https:\/\/turismo.actiontravel.com.ar\/blog\/wp-json\/wp\/v2\/tags?post=5160"}],"curies":[{"name":"wp","href":"https:\/\/api.w.org\/{rel}","templated":true}]}}