{"id":5193,"date":"2024-09-24T14:52:44","date_gmt":"2024-09-24T17:52:44","guid":{"rendered":"https:\/\/turismo.actiontravel.com.ar\/blog\/?p=5193"},"modified":"2024-09-24T14:52:44","modified_gmt":"2024-09-24T17:52:44","slug":"rio-de-janeiro-proyecta-recibir-tantos-argentinos-como-en-el-mundial-2014","status":"publish","type":"post","link":"https:\/\/turismo.actiontravel.com.ar\/blog\/rio-de-janeiro-proyecta-recibir-tantos-argentinos-como-en-el-mundial-2014\/","title":{"rendered":"Rio de Janeiro, proyecta recibir tantos Argentinos como en el mundial 2014"},"content":{"rendered":"<p>Durante el primer semestre del 2024, llegaron a Rio mas de 230.000 Argentinos, esto genera un 20% de crecimiento respecto al a\u00f1o anterior.<\/p>\n<p>Este aumento, debido en gran medida a los beneficios que disfrutan los turistas argentinos por el tipo de cambio favorables, ha llevado a funcionarios de la ciudad y empresarios a tomar nuevas medidas para garantizar su seguridad. Para el verano de 2024-2025 se instalar\u00e1n 150 c\u00e1maras de vigilancia en las playas m\u00e1s concurridas. Se colocar\u00e1n dispositivos de vigilancia en las zonas de Leme, Copacabana, Ipanema y Leblon, principales atractivos tur\u00edsticos.<\/p>\n<p><a href=\"https:\/\/turismo.actiontravel.com.ar\/blog\/wp-content\/uploads\/2024\/09\/luis-diego-aguilar-DEnsSdJHVkk-unsplash-scaled.jpg\"><img loading=\"lazy\" decoding=\"async\" class=\" wp-image-5195 alignright\" src=\"https:\/\/turismo.actiontravel.com.ar\/blog\/wp-content\/uploads\/2024\/09\/luis-diego-aguilar-DEnsSdJHVkk-unsplash-300x197.jpg\" alt=\"\" width=\"388\" height=\"259\" \/><\/a><\/p>\n<p>Esta actividad complementa los preparativos para eventos importantes como la tradicional fiesta de Nochevieja en Copacabana y el ic\u00f3nico Carnaval de R\u00edo. En el primer semestre de 2024, 760.200 turistas extranjeros visitaron R\u00edo de Janeiro, generando un aumento del 19,89% respecto al mismo per\u00edodo de 2023.<\/p>\n<p><strong>Este r\u00e9cord es el segundo m\u00e1s alto de la historia y solo se super\u00f3 en 2014<\/strong>, cuando Rio, fue la sede de la Copa Mundial de la FIFA. Seg\u00fan la Agencia Brasile\u00f1a de Promoci\u00f3n del Turismo Internacional , 804.000 personas llegaron a Rio de Janeiro de los cuales el\u00a0 58,75% de los visitantes extranjeros fueron de Am\u00e9rica del Sur, siendo el principal origen Argentina (233.972 visitantes), seguida de Chile (154.097), Uruguay (24.988), Colombia (15.845) y Per\u00fa (10.374). Europa y Am\u00e9rica del Norte tambi\u00e9n contribuyen significativamente al turismo internacional, con\u00a0 22,77% y el 14,1% respectivamente.<\/p>\n<p>La mayor atracci\u00f3n de la ciudad sigue siendo el Carnaval de R\u00edo, que tiene lugar en febrero cuyo afluentes de visitantes llega a su punto m\u00e1ximo como cada verano.<\/p>\n<p>&nbsp;<\/p>\n<p>&nbsp;<\/p>\n<p>&nbsp;<\/p>\n","protected":false},"excerpt":{"rendered":"<p class=\"post-excerpt\">Durante el primer semestre del 2024, llegaron a Rio mas de 230.000 Argentinos, esto genera un 20% de crecimiento respecto&#8230;<\/p>\n","protected":false},"author":11,"featured_media":5194,"comment_status":"open","ping_status":"open","sticky":false,"template":"","format":"standard","meta":{"_acf_changed":false,"footnotes":""},"categories":[70],"tags":[291,274,209],"acf":[],"yoast_head":"<!-- This site is optimized with the Yoast SEO plugin v22.7 - https:\/\/yoast.com\/wordpress\/plugins\/seo\/ -->\n<title>Rio de Janeiro, proyecta recibir tantos Argentinos como en el mundial 2014 - Blog Turismo | AT<\/title>\n<meta name=\"robots\" content=\"index, follow, max-snippet:-1, max-image-preview:large, max-video-preview:-1\" \/>\n<link rel=\"canonical\" href=\"https:\/\/turismo.actiontravel.com.ar\/blog\/rio-de-janeiro-proyecta-recibir-tantos-argentinos-como-en-el-mundial-2014\/\" \/>\n<meta property=\"og:locale\" content=\"es_ES\" \/>\n<meta property=\"og:type\" content=\"article\" \/>\n<meta property=\"og:title\" content=\"Rio de Janeiro, proyecta recibir tantos Argentinos como en el mundial 2014 - Blog Turismo | AT\" \/>\n<meta property=\"og:description\" content=\"Durante el primer semestre del 2024, llegaron a Rio mas de 230.000 Argentinos, esto genera un 20% de crecimiento respecto...\" \/>\n<meta property=\"og:url\" content=\"https:\/\/turismo.actiontravel.com.ar\/blog\/rio-de-janeiro-proyecta-recibir-tantos-argentinos-como-en-el-mundial-2014\/\" \/>\n<meta property=\"og:site_name\" content=\"Blog Turismo | AT\" \/>\n<meta property=\"article:publisher\" content=\"https:\/\/www.facebook.com\/ActionTravelArgentina\/\" \/>\n<meta property=\"article:published_time\" content=\"2024-09-24T17:52:44+00:00\" \/>\n<meta property=\"og:image\" content=\"https:\/\/turismo.actiontravel.com.ar\/blog\/wp-content\/uploads\/2024\/09\/raphael-nogueira-CErddu-JwKw-unsplash-scaled.jpg\" \/>\n\t<meta property=\"og:image:width\" content=\"2560\" \/>\n\t<meta property=\"og:image:height\" content=\"1706\" \/>\n\t<meta property=\"og:image:type\" content=\"image\/jpeg\" \/>\n<meta name=\"author\" content=\"Soporte\" \/>\n<meta name=\"twitter:card\" content=\"summary_large_image\" \/>\n<meta name=\"twitter:label1\" content=\"Escrito por\" \/>\n\t<meta name=\"twitter:data1\" content=\"Soporte\" \/>\n\t<meta name=\"twitter:label2\" content=\"Tiempo de lectura\" \/>\n\t<meta name=\"twitter:data2\" content=\"2 minutos\" \/>\n<script type=\"application\/ld+json\" class=\"yoast-schema-graph\">{\"@context\":\"https:\/\/schema.org\",\"@graph\":[{\"@type\":\"Article\",\"@id\":\"https:\/\/turismo.actiontravel.com.ar\/blog\/rio-de-janeiro-proyecta-recibir-tantos-argentinos-como-en-el-mundial-2014\/#article\",\"isPartOf\":{\"@id\":\"https:\/\/turismo.actiontravel.com.ar\/blog\/rio-de-janeiro-proyecta-recibir-tantos-argentinos-como-en-el-mundial-2014\/\"},\"author\":{\"name\":\"Soporte\",\"@id\":\"https:\/\/turismo.actiontravel.com.ar\/blog\/#\/schema\/person\/66a23589ad368eaea5e84593f0afd07d\"},\"headline\":\"Rio de Janeiro, proyecta recibir tantos Argentinos como en el mundial 2014\",\"datePublished\":\"2024-09-24T17:52:44+00:00\",\"dateModified\":\"2024-09-24T17:52:44+00:00\",\"mainEntityOfPage\":{\"@id\":\"https:\/\/turismo.actiontravel.com.ar\/blog\/rio-de-janeiro-proyecta-recibir-tantos-argentinos-como-en-el-mundial-2014\/\"},\"wordCount\":278,\"commentCount\":0,\"publisher\":{\"@id\":\"https:\/\/turismo.actiontravel.com.ar\/blog\/#organization\"},\"image\":{\"@id\":\"https:\/\/turismo.actiontravel.com.ar\/blog\/rio-de-janeiro-proyecta-recibir-tantos-argentinos-como-en-el-mundial-2014\/#primaryimage\"},\"thumbnailUrl\":\"https:\/\/turismo.actiontravel.com.ar\/blog\/wp-content\/uploads\/2024\/09\/raphael-nogueira-CErddu-JwKw-unsplash-scaled.jpg\",\"keywords\":[\"#attur\",\"#ATTurismo\",\"carnaval\"],\"articleSection\":[\"Actualidad\"],\"inLanguage\":\"es\",\"potentialAction\":[{\"@type\":\"CommentAction\",\"name\":\"Comment\",\"target\":[\"https:\/\/turismo.actiontravel.com.ar\/blog\/rio-de-janeiro-proyecta-recibir-tantos-argentinos-como-en-el-mundial-2014\/#respond\"]}]},{\"@type\":\"WebPage\",\"@id\":\"https:\/\/turismo.actiontravel.com.ar\/blog\/rio-de-janeiro-proyecta-recibir-tantos-argentinos-como-en-el-mundial-2014\/\",\"url\":\"https:\/\/turismo.actiontravel.com.ar\/blog\/rio-de-janeiro-proyecta-recibir-tantos-argentinos-como-en-el-mundial-2014\/\",\"name\":\"Rio de Janeiro, proyecta recibir tantos Argentinos como en el mundial 2014 - Blog Turismo | AT\",\"isPartOf\":{\"@id\":\"https:\/\/turismo.actiontravel.com.ar\/blog\/#website\"},\"primaryImageOfPage\":{\"@id\":\"https:\/\/turismo.actiontravel.com.ar\/blog\/rio-de-janeiro-proyecta-recibir-tantos-argentinos-como-en-el-mundial-2014\/#primaryimage\"},\"image\":{\"@id\":\"https:\/\/turismo.actiontravel.com.ar\/blog\/rio-de-janeiro-proyecta-recibir-tantos-argentinos-como-en-el-mundial-2014\/#primaryimage\"},\"thumbnailUrl\":\"https:\/\/turismo.actiontravel.com.ar\/blog\/wp-content\/uploads\/2024\/09\/raphael-nogueira-CErddu-JwKw-unsplash-scaled.jpg\",\"datePublished\":\"2024-09-24T17:52:44+00:00\",\"dateModified\":\"2024-09-24T17:52:44+00:00\",\"breadcrumb\":{\"@id\":\"https:\/\/turismo.actiontravel.com.ar\/blog\/rio-de-janeiro-proyecta-recibir-tantos-argentinos-como-en-el-mundial-2014\/#breadcrumb\"},\"inLanguage\":\"es\",\"potentialAction\":[{\"@type\":\"ReadAction\",\"target\":[\"https:\/\/turismo.actiontravel.com.ar\/blog\/rio-de-janeiro-proyecta-recibir-tantos-argentinos-como-en-el-mundial-2014\/\"]}]},{\"@type\":\"ImageObject\",\"inLanguage\":\"es\",\"@id\":\"https:\/\/turismo.actiontravel.com.ar\/blog\/rio-de-janeiro-proyecta-recibir-tantos-argentinos-como-en-el-mundial-2014\/#primaryimage\",\"url\":\"https:\/\/turismo.actiontravel.com.ar\/blog\/wp-content\/uploads\/2024\/09\/raphael-nogueira-CErddu-JwKw-unsplash-scaled.jpg\",\"contentUrl\":\"https:\/\/turismo.actiontravel.com.ar\/blog\/wp-content\/uploads\/2024\/09\/raphael-nogueira-CErddu-JwKw-unsplash-scaled.jpg\",\"width\":2560,\"height\":1706},{\"@type\":\"BreadcrumbList\",\"@id\":\"https:\/\/turismo.actiontravel.com.ar\/blog\/rio-de-janeiro-proyecta-recibir-tantos-argentinos-como-en-el-mundial-2014\/#breadcrumb\",\"itemListElement\":[{\"@type\":\"ListItem\",\"position\":1,\"name\":\"Portada\",\"item\":\"https:\/\/turismo.actiontravel.com.ar\/blog\/\"},{\"@type\":\"ListItem\",\"position\":2,\"name\":\"Rio de Janeiro, proyecta recibir tantos Argentinos como en el mundial 2014\"}]},{\"@type\":\"WebSite\",\"@id\":\"https:\/\/turismo.actiontravel.com.ar\/blog\/#website\",\"url\":\"https:\/\/turismo.actiontravel.com.ar\/blog\/\",\"name\":\"Blog Turismo | AT\",\"description\":\"Conoce las ultimas novedades de Turismo\",\"publisher\":{\"@id\":\"https:\/\/turismo.actiontravel.com.ar\/blog\/#organization\"},\"potentialAction\":[{\"@type\":\"SearchAction\",\"target\":{\"@type\":\"EntryPoint\",\"urlTemplate\":\"https:\/\/turismo.actiontravel.com.ar\/blog\/?s={search_term_string}\"},\"query-input\":\"required name=search_term_string\"}],\"inLanguage\":\"es\"},{\"@type\":\"Organization\",\"@id\":\"https:\/\/turismo.actiontravel.com.ar\/blog\/#organization\",\"name\":\"Action Travel\",\"url\":\"https:\/\/turismo.actiontravel.com.ar\/blog\/\",\"logo\":{\"@type\":\"ImageObject\",\"inLanguage\":\"es\",\"@id\":\"https:\/\/turismo.actiontravel.com.ar\/blog\/#\/schema\/logo\/image\/\",\"url\":\"https:\/\/turismo.actiontravel.com.ar\/blog\/wp-content\/uploads\/2023\/06\/50-Turismo-blanco.png\",\"contentUrl\":\"https:\/\/turismo.actiontravel.com.ar\/blog\/wp-content\/uploads\/2023\/06\/50-Turismo-blanco.png\",\"width\":300,\"height\":52,\"caption\":\"Action Travel\"},\"image\":{\"@id\":\"https:\/\/turismo.actiontravel.com.ar\/blog\/#\/schema\/logo\/image\/\"},\"sameAs\":[\"https:\/\/www.facebook.com\/ActionTravelArgentina\/\"]},{\"@type\":\"Person\",\"@id\":\"https:\/\/turismo.actiontravel.com.ar\/blog\/#\/schema\/person\/66a23589ad368eaea5e84593f0afd07d\",\"name\":\"Soporte\",\"image\":{\"@type\":\"ImageObject\",\"inLanguage\":\"es\",\"@id\":\"https:\/\/turismo.actiontravel.com.ar\/blog\/#\/schema\/person\/image\/\",\"url\":\"https:\/\/secure.gravatar.com\/avatar\/7cbabdb8bf05d9cd87a2966ed90db23e?s=96&d=mm&r=g\",\"contentUrl\":\"https:\/\/secure.gravatar.com\/avatar\/7cbabdb8bf05d9cd87a2966ed90db23e?s=96&d=mm&r=g\",\"caption\":\"Soporte\"},\"url\":\"https:\/\/turismo.actiontravel.com.ar\/blog\/author\/soporte\/\"}]}<\/script>\n<!-- \/ Yoast SEO plugin. -->","yoast_head_json":{"title":"Rio de Janeiro, proyecta recibir tantos Argentinos como en el mundial 2014 - Blog Turismo | AT","robots":{"index":"index","follow":"follow","max-snippet":"max-snippet:-1","max-image-preview":"max-image-preview:large","max-video-preview":"max-video-preview:-1"},"canonical":"https:\/\/turismo.actiontravel.com.ar\/blog\/rio-de-janeiro-proyecta-recibir-tantos-argentinos-como-en-el-mundial-2014\/","og_locale":"es_ES","og_type":"article","og_title":"Rio de Janeiro, proyecta recibir tantos Argentinos como en el mundial 2014 - Blog Turismo | AT","og_description":"Durante el primer semestre del 2024, llegaron a Rio mas de 230.000 Argentinos, esto genera un 20% de crecimiento respecto...","og_url":"https:\/\/turismo.actiontravel.com.ar\/blog\/rio-de-janeiro-proyecta-recibir-tantos-argentinos-como-en-el-mundial-2014\/","og_site_name":"Blog Turismo | AT","article_publisher":"https:\/\/www.facebook.com\/ActionTravelArgentina\/","article_published_time":"2024-09-24T17:52:44+00:00","og_image":[{"width":2560,"height":1706,"url":"https:\/\/turismo.actiontravel.com.ar\/blog\/wp-content\/uploads\/2024\/09\/raphael-nogueira-CErddu-JwKw-unsplash-scaled.jpg","type":"image\/jpeg"}],"author":"Soporte","twitter_card":"summary_large_image","twitter_misc":{"Escrito por":"Soporte","Tiempo de lectura":"2 minutos"},"schema":{"@context":"https:\/\/schema.org","@graph":[{"@type":"Article","@id":"https:\/\/turismo.actiontravel.com.ar\/blog\/rio-de-janeiro-proyecta-recibir-tantos-argentinos-como-en-el-mundial-2014\/#article","isPartOf":{"@id":"https:\/\/turismo.actiontravel.com.ar\/blog\/rio-de-janeiro-proyecta-recibir-tantos-argentinos-como-en-el-mundial-2014\/"},"author":{"name":"Soporte","@id":"https:\/\/turismo.actiontravel.com.ar\/blog\/#\/schema\/person\/66a23589ad368eaea5e84593f0afd07d"},"headline":"Rio de Janeiro, proyecta recibir tantos Argentinos como en el mundial 2014","datePublished":"2024-09-24T17:52:44+00:00","dateModified":"2024-09-24T17:52:44+00:00","mainEntityOfPage":{"@id":"https:\/\/turismo.actiontravel.com.ar\/blog\/rio-de-janeiro-proyecta-recibir-tantos-argentinos-como-en-el-mundial-2014\/"},"wordCount":278,"commentCount":0,"publisher":{"@id":"https:\/\/turismo.actiontravel.com.ar\/blog\/#organization"},"image":{"@id":"https:\/\/turismo.actiontravel.com.ar\/blog\/rio-de-janeiro-proyecta-recibir-tantos-argentinos-como-en-el-mundial-2014\/#primaryimage"},"thumbnailUrl":"https:\/\/turismo.actiontravel.com.ar\/blog\/wp-content\/uploads\/2024\/09\/raphael-nogueira-CErddu-JwKw-unsplash-scaled.jpg","keywords":["#attur","#ATTurismo","carnaval"],"articleSection":["Actualidad"],"inLanguage":"es","potentialAction":[{"@type":"CommentAction","name":"Comment","target":["https:\/\/turismo.actiontravel.com.ar\/blog\/rio-de-janeiro-proyecta-recibir-tantos-argentinos-como-en-el-mundial-2014\/#respond"]}]},{"@type":"WebPage","@id":"https:\/\/turismo.actiontravel.com.ar\/blog\/rio-de-janeiro-proyecta-recibir-tantos-argentinos-como-en-el-mundial-2014\/","url":"https:\/\/turismo.actiontravel.com.ar\/blog\/rio-de-janeiro-proyecta-recibir-tantos-argentinos-como-en-el-mundial-2014\/","name":"Rio de Janeiro, proyecta recibir tantos Argentinos como en el mundial 2014 - Blog Turismo | AT","isPartOf":{"@id":"https:\/\/turismo.actiontravel.com.ar\/blog\/#website"},"primaryImageOfPage":{"@id":"https:\/\/turismo.actiontravel.com.ar\/blog\/rio-de-janeiro-proyecta-recibir-tantos-argentinos-como-en-el-mundial-2014\/#primaryimage"},"image":{"@id":"https:\/\/turismo.actiontravel.com.ar\/blog\/rio-de-janeiro-proyecta-recibir-tantos-argentinos-como-en-el-mundial-2014\/#primaryimage"},"thumbnailUrl":"https:\/\/turismo.actiontravel.com.ar\/blog\/wp-content\/uploads\/2024\/09\/raphael-nogueira-CErddu-JwKw-unsplash-scaled.jpg","datePublished":"2024-09-24T17:52:44+00:00","dateModified":"2024-09-24T17:52:44+00:00","breadcrumb":{"@id":"https:\/\/turismo.actiontravel.com.ar\/blog\/rio-de-janeiro-proyecta-recibir-tantos-argentinos-como-en-el-mundial-2014\/#breadcrumb"},"inLanguage":"es","potentialAction":[{"@type":"ReadAction","target":["https:\/\/turismo.actiontravel.com.ar\/blog\/rio-de-janeiro-proyecta-recibir-tantos-argentinos-como-en-el-mundial-2014\/"]}]},{"@type":"ImageObject","inLanguage":"es","@id":"https:\/\/turismo.actiontravel.com.ar\/blog\/rio-de-janeiro-proyecta-recibir-tantos-argentinos-como-en-el-mundial-2014\/#primaryimage","url":"https:\/\/turismo.actiontravel.com.ar\/blog\/wp-content\/uploads\/2024\/09\/raphael-nogueira-CErddu-JwKw-unsplash-scaled.jpg","contentUrl":"https:\/\/turismo.actiontravel.com.ar\/blog\/wp-content\/uploads\/2024\/09\/raphael-nogueira-CErddu-JwKw-unsplash-scaled.jpg","width":2560,"height":1706},{"@type":"BreadcrumbList","@id":"https:\/\/turismo.actiontravel.com.ar\/blog\/rio-de-janeiro-proyecta-recibir-tantos-argentinos-como-en-el-mundial-2014\/#breadcrumb","itemListElement":[{"@type":"ListItem","position":1,"name":"Portada","item":"https:\/\/turismo.actiontravel.com.ar\/blog\/"},{"@type":"ListItem","position":2,"name":"Rio de Janeiro, proyecta recibir tantos Argentinos como en el mundial 2014"}]},{"@type":"WebSite","@id":"https:\/\/turismo.actiontravel.com.ar\/blog\/#website","url":"https:\/\/turismo.actiontravel.com.ar\/blog\/","name":"Blog Turismo | AT","description":"Conoce las ultimas novedades de Turismo","publisher":{"@id":"https:\/\/turismo.actiontravel.com.ar\/blog\/#organization"},"potentialAction":[{"@type":"SearchAction","target":{"@type":"EntryPoint","urlTemplate":"https:\/\/turismo.actiontravel.com.ar\/blog\/?s={search_term_string}"},"query-input":"required name=search_term_string"}],"inLanguage":"es"},{"@type":"Organization","@id":"https:\/\/turismo.actiontravel.com.ar\/blog\/#organization","name":"Action Travel","url":"https:\/\/turismo.actiontravel.com.ar\/blog\/","logo":{"@type":"ImageObject","inLanguage":"es","@id":"https:\/\/turismo.actiontravel.com.ar\/blog\/#\/schema\/logo\/image\/","url":"https:\/\/turismo.actiontravel.com.ar\/blog\/wp-content\/uploads\/2023\/06\/50-Turismo-blanco.png","contentUrl":"https:\/\/turismo.actiontravel.com.ar\/blog\/wp-content\/uploads\/2023\/06\/50-Turismo-blanco.png","width":300,"height":52,"caption":"Action Travel"},"image":{"@id":"https:\/\/turismo.actiontravel.com.ar\/blog\/#\/schema\/logo\/image\/"},"sameAs":["https:\/\/www.facebook.com\/ActionTravelArgentina\/"]},{"@type":"Person","@id":"https:\/\/turismo.actiontravel.com.ar\/blog\/#\/schema\/person\/66a23589ad368eaea5e84593f0afd07d","name":"Soporte","image":{"@type":"ImageObject","inLanguage":"es","@id":"https:\/\/turismo.actiontravel.com.ar\/blog\/#\/schema\/person\/image\/","url":"https:\/\/secure.gravatar.com\/avatar\/7cbabdb8bf05d9cd87a2966ed90db23e?s=96&d=mm&r=g","contentUrl":"https:\/\/secure.gravatar.com\/avatar\/7cbabdb8bf05d9cd87a2966ed90db23e?s=96&d=mm&r=g","caption":"Soporte"},"url":"https:\/\/turismo.actiontravel.com.ar\/blog\/author\/soporte\/"}]}},"_links":{"self":[{"href":"https:\/\/turismo.actiontravel.com.ar\/blog\/wp-json\/wp\/v2\/posts\/5193"}],"collection":[{"href":"https:\/\/turismo.actiontravel.com.ar\/blog\/wp-json\/wp\/v2\/posts"}],"about":[{"href":"https:\/\/turismo.actiontravel.com.ar\/blog\/wp-json\/wp\/v2\/types\/post"}],"author":[{"embeddable":true,"href":"https:\/\/turismo.actiontravel.com.ar\/blog\/wp-json\/wp\/v2\/users\/11"}],"replies":[{"embeddable":true,"href":"https:\/\/turismo.actiontravel.com.ar\/blog\/wp-json\/wp\/v2\/comments?post=5193"}],"version-history":[{"count":3,"href":"https:\/\/turismo.actiontravel.com.ar\/blog\/wp-json\/wp\/v2\/posts\/5193\/revisions"}],"predecessor-version":[{"id":5198,"href":"https:\/\/turismo.actiontravel.com.ar\/blog\/wp-json\/wp\/v2\/posts\/5193\/revisions\/5198"}],"wp:featuredmedia":[{"embeddable":true,"href":"https:\/\/turismo.actiontravel.com.ar\/blog\/wp-json\/wp\/v2\/media\/5194"}],"wp:attachment":[{"href":"https:\/\/turismo.actiontravel.com.ar\/blog\/wp-json\/wp\/v2\/media?parent=5193"}],"wp:term":[{"taxonomy":"category","embeddable":true,"href":"https:\/\/turismo.actiontravel.com.ar\/blog\/wp-json\/wp\/v2\/categories?post=5193"},{"taxonomy":"post_tag","embeddable":true,"href":"https:\/\/turismo.actiontravel.com.ar\/blog\/wp-json\/wp\/v2\/tags?post=5193"}],"curies":[{"name":"wp","href":"https:\/\/api.w.org\/{rel}","templated":true}]}}