{"id":5280,"date":"2024-12-13T13:41:58","date_gmt":"2024-12-13T16:41:58","guid":{"rendered":"https:\/\/turismo.actiontravel.com.ar\/blog\/?p=5280"},"modified":"2024-12-13T13:41:58","modified_gmt":"2024-12-13T16:41:58","slug":"jujuy-te-presenta-sus-5-maravillas-ocultas-para-este-verano-2025","status":"publish","type":"post","link":"https:\/\/turismo.actiontravel.com.ar\/blog\/jujuy-te-presenta-sus-5-maravillas-ocultas-para-este-verano-2025\/","title":{"rendered":"Jujuy te presenta sus 5 maravillas ocultas para este verano 2025"},"content":{"rendered":"<p>&nbsp;<\/p>\n<p style=\"text-align: left;\">Este 2025 puede ser el momento ideal para que conozcas la amplia variedad de paisajes que tiene Argentina para descubrir.<br \/>\nEn el norte, particularmente en la provincia de <strong>Jujuy<\/strong>, se pueden encontrar bellezas<br \/>\nnaturales sin igual. Aunque muchos de estos atractivos de la provincia se encuentran ocultos m\u00e1s all\u00e1 del circuito tur\u00edstico convencional.<br \/>\nEn esta nota te compartiremos <strong>5 atractivos ocultos de Jujuy<\/strong> para que puedas conocerlos\u00a0 y llevarte postales alucinantes.<\/p>\n<p>&nbsp;<\/p>\n<p>&nbsp;<\/p>\n<p><strong>1- Siguiendo los pasos del Camino del Inca en<\/strong><\/p>\n<p>Llegando a las localidades juje\u00f1as de Santa Ana y Valle Colorado podr\u00e1n encontrar los vestigios de escalares que supieron formar parte del c\u00e9lebre Qhapac \u00d1an o Camino del Inca.<br \/>\nCompuesto por 118,5 km. de camino reconocido en Argentina, que se distribuyen \u00a0en las provincias de Jujuy, Salta, Tucum\u00e1n, Catamarca, La Rioja, San Juan y Mendoza.<\/p>\n<p>Uno de sus segmentos se encuentra en Jujuy, y puede ser conocido de cerca a trav\u00e9s de un\u00a0 trekking guiado que recorre el camino donde podr\u00e1n disfrutar de avistaje de aves, con la posibilidad de llegar a ver imponentes c\u00f3ndores.<\/p>\n<p><strong>2- Visit\u00e1 el Cerro Pollera de la Coya de camino a la Quebrada de Humahuaca<\/strong><br \/>\nPresent\u00e1ndose en la forma de una amplia y enorme pollera, la imagen de este cerro sorprende a los viajeros que se acercan a verlo.<br \/>\nSe conoce tambien como el \u00abmes\u00f3n de Yacoraite\u00bb, la formaci\u00f3n puede visitarse de camino a la Quebrada de Humahuaca. Su cima plana y los colores c\u00e1lidos de su ladera pueden observarse sobre la mano izquierda del camino.<br \/>\nSu ubicacion es exactamente en el paraje de Yacoraite, a 7 km. de la localidad de Huacalera.<\/p>\n<p>La zona circundante es rica arqueol\u00f3gicamente, y una experiencia imperdible es posible visitar a la comunidad local para conocer su modo de vida y costumbres.<\/p>\n<p><img decoding=\"async\" src=\"https:\/\/dynamic-media-cdn.tripadvisor.com\/media\/photo-o\/10\/db\/a6\/9c\/recomiendo-acercarse.jpg?w=900&amp;h=-1&amp;s=1\" alt=\"CERRO POLLERA DE LA COYA - Qu\u00e9 SABER antes de ir (2024)\" \/><\/p>\n<p><strong>3- Parque Provincial Potrero de Yala<\/strong><br \/>\nUbicado a\u00a0 27 km. de la capital, San Salvador de Jujuy, este parque se eleva a 5.400 msnm. Su superficie de 4.300 ha. y es el \u00e1rea protegida m\u00e1s antigua de la provincia.<br \/>\nDentro del Parque Provincial Potrero de Yala podr\u00e1s encontrar una estaci\u00f3n de piscicultura que se dedica a la cr\u00eda de truchas. Adem\u00e1s, el sitio es de gran inter\u00e9s para la conservaci\u00f3n de las especies de aves locales.<br \/>\nLas maneras de llegar al parque provincial a trav\u00e9s de la red de transporte<br \/>\np\u00fablico, son las siguientes,\u00a0 tomando el bus N\u00b0 35 de la empresa Santa Ana. Luego de<br \/>\nbajar en Los Nogales, la \u00faltima parada, deber\u00e1s caminar 7 km. hasta el ingreso.<\/p>\n<p>&nbsp;<\/p>\n<p><strong>4- El espejo de agua\u00a0Monumento Natural Laguna Leandro<\/strong><br \/>\nEl \u00e1rea protegida que comprende el Monumento Natural Laguna Leandro se encuentra en el departamento de Humahuaca, a 12 km. de distancia de la localidad de Iturbe.<br \/>\nEl monumento cuenta con 200 ha. y protege el gran cuerpo de agua.<br \/>\nEs el h\u00e1bitat natural de la guayata como asi tambien de otras aves.<br \/>\nLa zona es categorizada como una regi\u00f3n monte de sierras y bolsones.<br \/>\nDebido a la altura del lugar (4.000 msnm), es considerada\u00a0parte de la ecorregi\u00f3n puna.<\/p>\n<p>&nbsp;<\/p>\n<p><strong>5- La Cueva de los Leones &#8211; trekking y aventura\u00a0<\/strong><br \/>\nDentro del departamento de San Pedro, la Cueva de los Leones se encuentra a orillas del arroyo Los Matos. La localidad m\u00e1s cercana, La Mendieta, est\u00e1 a 5 km.<br \/>\nEste atractivo es el indicado para los amantes del trekking y el turismo aventura. Para conocer la cueva deber\u00e1s caminar\u00a0varias horas a trav\u00e9s de la densa vegetaci\u00f3n de la zona, compuesta<br \/>\npor tuscas, tipas y palos blancos.<br \/>\nDurante el recorrido tendr\u00e1s la posibilidad de toparte con ejemplares de fauna silvestre como mulitas, monos, corzuelas, aves e insectos.<\/p>\n<p><img decoding=\"async\" src=\"https:\/\/uscdn.eltribunodejujuy.com\/012020\/1578447994555.jpg?&amp;cw=1200&amp;ch=630\" alt=\"La Cueva de Los Leones, una opci\u00f3n para el trekking\" \/><\/p>\n<p>&nbsp;<\/p>\n<p>La visita no puede hacerse sin la compa\u00f1\u00eda de \u00a0un gu\u00eda o prestador habilitado de la zona.<\/p>\n<p>De esta forma, disfrutar\u00e1s al m\u00e1ximo esta experiencia \u00fanica!<\/p>\n<p>&nbsp;<\/p>\n","protected":false},"excerpt":{"rendered":"<p class=\"post-excerpt\">&nbsp; Este 2025 puede ser el momento ideal para que conozcas la amplia variedad de paisajes que tiene Argentina para&#8230;<\/p>\n","protected":false},"author":11,"featured_media":5281,"comment_status":"open","ping_status":"open","sticky":false,"template":"","format":"standard","meta":{"_acf_changed":false,"footnotes":""},"categories":[70],"tags":[],"acf":[],"yoast_head":"<!-- This site is optimized with the Yoast SEO plugin v22.7 - https:\/\/yoast.com\/wordpress\/plugins\/seo\/ -->\n<title>Jujuy te presenta sus 5 maravillas ocultas para este verano 2025 - Blog Turismo | AT<\/title>\n<meta name=\"robots\" content=\"index, follow, max-snippet:-1, max-image-preview:large, max-video-preview:-1\" \/>\n<link rel=\"canonical\" href=\"https:\/\/turismo.actiontravel.com.ar\/blog\/jujuy-te-presenta-sus-5-maravillas-ocultas-para-este-verano-2025\/\" \/>\n<meta property=\"og:locale\" content=\"es_ES\" \/>\n<meta property=\"og:type\" content=\"article\" \/>\n<meta property=\"og:title\" content=\"Jujuy te presenta sus 5 maravillas ocultas para este verano 2025 - Blog Turismo | AT\" \/>\n<meta property=\"og:description\" content=\"&nbsp; Este 2025 puede ser el momento ideal para que conozcas la amplia variedad de paisajes que tiene Argentina para...\" \/>\n<meta property=\"og:url\" content=\"https:\/\/turismo.actiontravel.com.ar\/blog\/jujuy-te-presenta-sus-5-maravillas-ocultas-para-este-verano-2025\/\" \/>\n<meta property=\"og:site_name\" content=\"Blog Turismo | AT\" \/>\n<meta property=\"article:publisher\" content=\"https:\/\/www.facebook.com\/ActionTravelArgentina\/\" \/>\n<meta property=\"article:published_time\" content=\"2024-12-13T16:41:58+00:00\" \/>\n<meta property=\"og:image\" content=\"https:\/\/turismo.actiontravel.com.ar\/blog\/wp-content\/uploads\/2024\/12\/unnamed.jpg\" \/>\n\t<meta property=\"og:image:width\" content=\"512\" \/>\n\t<meta property=\"og:image:height\" content=\"284\" \/>\n\t<meta property=\"og:image:type\" content=\"image\/jpeg\" \/>\n<meta name=\"author\" content=\"Soporte\" \/>\n<meta name=\"twitter:card\" content=\"summary_large_image\" \/>\n<meta name=\"twitter:label1\" content=\"Escrito por\" \/>\n\t<meta name=\"twitter:data1\" content=\"Soporte\" \/>\n\t<meta name=\"twitter:label2\" content=\"Tiempo de lectura\" \/>\n\t<meta name=\"twitter:data2\" content=\"4 minutos\" \/>\n<script type=\"application\/ld+json\" class=\"yoast-schema-graph\">{\"@context\":\"https:\/\/schema.org\",\"@graph\":[{\"@type\":\"Article\",\"@id\":\"https:\/\/turismo.actiontravel.com.ar\/blog\/jujuy-te-presenta-sus-5-maravillas-ocultas-para-este-verano-2025\/#article\",\"isPartOf\":{\"@id\":\"https:\/\/turismo.actiontravel.com.ar\/blog\/jujuy-te-presenta-sus-5-maravillas-ocultas-para-este-verano-2025\/\"},\"author\":{\"name\":\"Soporte\",\"@id\":\"https:\/\/turismo.actiontravel.com.ar\/blog\/#\/schema\/person\/66a23589ad368eaea5e84593f0afd07d\"},\"headline\":\"Jujuy te presenta sus 5 maravillas ocultas para este verano 2025\",\"datePublished\":\"2024-12-13T16:41:58+00:00\",\"dateModified\":\"2024-12-13T16:41:58+00:00\",\"mainEntityOfPage\":{\"@id\":\"https:\/\/turismo.actiontravel.com.ar\/blog\/jujuy-te-presenta-sus-5-maravillas-ocultas-para-este-verano-2025\/\"},\"wordCount\":664,\"commentCount\":0,\"publisher\":{\"@id\":\"https:\/\/turismo.actiontravel.com.ar\/blog\/#organization\"},\"image\":{\"@id\":\"https:\/\/turismo.actiontravel.com.ar\/blog\/jujuy-te-presenta-sus-5-maravillas-ocultas-para-este-verano-2025\/#primaryimage\"},\"thumbnailUrl\":\"https:\/\/turismo.actiontravel.com.ar\/blog\/wp-content\/uploads\/2024\/12\/unnamed.jpg\",\"articleSection\":[\"Actualidad\"],\"inLanguage\":\"es\",\"potentialAction\":[{\"@type\":\"CommentAction\",\"name\":\"Comment\",\"target\":[\"https:\/\/turismo.actiontravel.com.ar\/blog\/jujuy-te-presenta-sus-5-maravillas-ocultas-para-este-verano-2025\/#respond\"]}]},{\"@type\":\"WebPage\",\"@id\":\"https:\/\/turismo.actiontravel.com.ar\/blog\/jujuy-te-presenta-sus-5-maravillas-ocultas-para-este-verano-2025\/\",\"url\":\"https:\/\/turismo.actiontravel.com.ar\/blog\/jujuy-te-presenta-sus-5-maravillas-ocultas-para-este-verano-2025\/\",\"name\":\"Jujuy te presenta sus 5 maravillas ocultas para este verano 2025 - Blog Turismo | AT\",\"isPartOf\":{\"@id\":\"https:\/\/turismo.actiontravel.com.ar\/blog\/#website\"},\"primaryImageOfPage\":{\"@id\":\"https:\/\/turismo.actiontravel.com.ar\/blog\/jujuy-te-presenta-sus-5-maravillas-ocultas-para-este-verano-2025\/#primaryimage\"},\"image\":{\"@id\":\"https:\/\/turismo.actiontravel.com.ar\/blog\/jujuy-te-presenta-sus-5-maravillas-ocultas-para-este-verano-2025\/#primaryimage\"},\"thumbnailUrl\":\"https:\/\/turismo.actiontravel.com.ar\/blog\/wp-content\/uploads\/2024\/12\/unnamed.jpg\",\"datePublished\":\"2024-12-13T16:41:58+00:00\",\"dateModified\":\"2024-12-13T16:41:58+00:00\",\"breadcrumb\":{\"@id\":\"https:\/\/turismo.actiontravel.com.ar\/blog\/jujuy-te-presenta-sus-5-maravillas-ocultas-para-este-verano-2025\/#breadcrumb\"},\"inLanguage\":\"es\",\"potentialAction\":[{\"@type\":\"ReadAction\",\"target\":[\"https:\/\/turismo.actiontravel.com.ar\/blog\/jujuy-te-presenta-sus-5-maravillas-ocultas-para-este-verano-2025\/\"]}]},{\"@type\":\"ImageObject\",\"inLanguage\":\"es\",\"@id\":\"https:\/\/turismo.actiontravel.com.ar\/blog\/jujuy-te-presenta-sus-5-maravillas-ocultas-para-este-verano-2025\/#primaryimage\",\"url\":\"https:\/\/turismo.actiontravel.com.ar\/blog\/wp-content\/uploads\/2024\/12\/unnamed.jpg\",\"contentUrl\":\"https:\/\/turismo.actiontravel.com.ar\/blog\/wp-content\/uploads\/2024\/12\/unnamed.jpg\",\"width\":512,\"height\":284},{\"@type\":\"BreadcrumbList\",\"@id\":\"https:\/\/turismo.actiontravel.com.ar\/blog\/jujuy-te-presenta-sus-5-maravillas-ocultas-para-este-verano-2025\/#breadcrumb\",\"itemListElement\":[{\"@type\":\"ListItem\",\"position\":1,\"name\":\"Portada\",\"item\":\"https:\/\/turismo.actiontravel.com.ar\/blog\/\"},{\"@type\":\"ListItem\",\"position\":2,\"name\":\"Jujuy te presenta sus 5 maravillas ocultas para este verano 2025\"}]},{\"@type\":\"WebSite\",\"@id\":\"https:\/\/turismo.actiontravel.com.ar\/blog\/#website\",\"url\":\"https:\/\/turismo.actiontravel.com.ar\/blog\/\",\"name\":\"Blog Turismo | AT\",\"description\":\"Conoce las ultimas novedades de Turismo\",\"publisher\":{\"@id\":\"https:\/\/turismo.actiontravel.com.ar\/blog\/#organization\"},\"potentialAction\":[{\"@type\":\"SearchAction\",\"target\":{\"@type\":\"EntryPoint\",\"urlTemplate\":\"https:\/\/turismo.actiontravel.com.ar\/blog\/?s={search_term_string}\"},\"query-input\":\"required name=search_term_string\"}],\"inLanguage\":\"es\"},{\"@type\":\"Organization\",\"@id\":\"https:\/\/turismo.actiontravel.com.ar\/blog\/#organization\",\"name\":\"Action Travel\",\"url\":\"https:\/\/turismo.actiontravel.com.ar\/blog\/\",\"logo\":{\"@type\":\"ImageObject\",\"inLanguage\":\"es\",\"@id\":\"https:\/\/turismo.actiontravel.com.ar\/blog\/#\/schema\/logo\/image\/\",\"url\":\"https:\/\/turismo.actiontravel.com.ar\/blog\/wp-content\/uploads\/2023\/06\/50-Turismo-blanco.png\",\"contentUrl\":\"https:\/\/turismo.actiontravel.com.ar\/blog\/wp-content\/uploads\/2023\/06\/50-Turismo-blanco.png\",\"width\":300,\"height\":52,\"caption\":\"Action Travel\"},\"image\":{\"@id\":\"https:\/\/turismo.actiontravel.com.ar\/blog\/#\/schema\/logo\/image\/\"},\"sameAs\":[\"https:\/\/www.facebook.com\/ActionTravelArgentina\/\"]},{\"@type\":\"Person\",\"@id\":\"https:\/\/turismo.actiontravel.com.ar\/blog\/#\/schema\/person\/66a23589ad368eaea5e84593f0afd07d\",\"name\":\"Soporte\",\"image\":{\"@type\":\"ImageObject\",\"inLanguage\":\"es\",\"@id\":\"https:\/\/turismo.actiontravel.com.ar\/blog\/#\/schema\/person\/image\/\",\"url\":\"https:\/\/secure.gravatar.com\/avatar\/7cbabdb8bf05d9cd87a2966ed90db23e?s=96&d=mm&r=g\",\"contentUrl\":\"https:\/\/secure.gravatar.com\/avatar\/7cbabdb8bf05d9cd87a2966ed90db23e?s=96&d=mm&r=g\",\"caption\":\"Soporte\"},\"url\":\"https:\/\/turismo.actiontravel.com.ar\/blog\/author\/soporte\/\"}]}<\/script>\n<!-- \/ Yoast SEO plugin. -->","yoast_head_json":{"title":"Jujuy te presenta sus 5 maravillas ocultas para este verano 2025 - Blog Turismo | AT","robots":{"index":"index","follow":"follow","max-snippet":"max-snippet:-1","max-image-preview":"max-image-preview:large","max-video-preview":"max-video-preview:-1"},"canonical":"https:\/\/turismo.actiontravel.com.ar\/blog\/jujuy-te-presenta-sus-5-maravillas-ocultas-para-este-verano-2025\/","og_locale":"es_ES","og_type":"article","og_title":"Jujuy te presenta sus 5 maravillas ocultas para este verano 2025 - Blog Turismo | AT","og_description":"&nbsp; Este 2025 puede ser el momento ideal para que conozcas la amplia variedad de paisajes que tiene Argentina para...","og_url":"https:\/\/turismo.actiontravel.com.ar\/blog\/jujuy-te-presenta-sus-5-maravillas-ocultas-para-este-verano-2025\/","og_site_name":"Blog Turismo | AT","article_publisher":"https:\/\/www.facebook.com\/ActionTravelArgentina\/","article_published_time":"2024-12-13T16:41:58+00:00","og_image":[{"width":512,"height":284,"url":"https:\/\/turismo.actiontravel.com.ar\/blog\/wp-content\/uploads\/2024\/12\/unnamed.jpg","type":"image\/jpeg"}],"author":"Soporte","twitter_card":"summary_large_image","twitter_misc":{"Escrito por":"Soporte","Tiempo de lectura":"4 minutos"},"schema":{"@context":"https:\/\/schema.org","@graph":[{"@type":"Article","@id":"https:\/\/turismo.actiontravel.com.ar\/blog\/jujuy-te-presenta-sus-5-maravillas-ocultas-para-este-verano-2025\/#article","isPartOf":{"@id":"https:\/\/turismo.actiontravel.com.ar\/blog\/jujuy-te-presenta-sus-5-maravillas-ocultas-para-este-verano-2025\/"},"author":{"name":"Soporte","@id":"https:\/\/turismo.actiontravel.com.ar\/blog\/#\/schema\/person\/66a23589ad368eaea5e84593f0afd07d"},"headline":"Jujuy te presenta sus 5 maravillas ocultas para este verano 2025","datePublished":"2024-12-13T16:41:58+00:00","dateModified":"2024-12-13T16:41:58+00:00","mainEntityOfPage":{"@id":"https:\/\/turismo.actiontravel.com.ar\/blog\/jujuy-te-presenta-sus-5-maravillas-ocultas-para-este-verano-2025\/"},"wordCount":664,"commentCount":0,"publisher":{"@id":"https:\/\/turismo.actiontravel.com.ar\/blog\/#organization"},"image":{"@id":"https:\/\/turismo.actiontravel.com.ar\/blog\/jujuy-te-presenta-sus-5-maravillas-ocultas-para-este-verano-2025\/#primaryimage"},"thumbnailUrl":"https:\/\/turismo.actiontravel.com.ar\/blog\/wp-content\/uploads\/2024\/12\/unnamed.jpg","articleSection":["Actualidad"],"inLanguage":"es","potentialAction":[{"@type":"CommentAction","name":"Comment","target":["https:\/\/turismo.actiontravel.com.ar\/blog\/jujuy-te-presenta-sus-5-maravillas-ocultas-para-este-verano-2025\/#respond"]}]},{"@type":"WebPage","@id":"https:\/\/turismo.actiontravel.com.ar\/blog\/jujuy-te-presenta-sus-5-maravillas-ocultas-para-este-verano-2025\/","url":"https:\/\/turismo.actiontravel.com.ar\/blog\/jujuy-te-presenta-sus-5-maravillas-ocultas-para-este-verano-2025\/","name":"Jujuy te presenta sus 5 maravillas ocultas para este verano 2025 - Blog Turismo | AT","isPartOf":{"@id":"https:\/\/turismo.actiontravel.com.ar\/blog\/#website"},"primaryImageOfPage":{"@id":"https:\/\/turismo.actiontravel.com.ar\/blog\/jujuy-te-presenta-sus-5-maravillas-ocultas-para-este-verano-2025\/#primaryimage"},"image":{"@id":"https:\/\/turismo.actiontravel.com.ar\/blog\/jujuy-te-presenta-sus-5-maravillas-ocultas-para-este-verano-2025\/#primaryimage"},"thumbnailUrl":"https:\/\/turismo.actiontravel.com.ar\/blog\/wp-content\/uploads\/2024\/12\/unnamed.jpg","datePublished":"2024-12-13T16:41:58+00:00","dateModified":"2024-12-13T16:41:58+00:00","breadcrumb":{"@id":"https:\/\/turismo.actiontravel.com.ar\/blog\/jujuy-te-presenta-sus-5-maravillas-ocultas-para-este-verano-2025\/#breadcrumb"},"inLanguage":"es","potentialAction":[{"@type":"ReadAction","target":["https:\/\/turismo.actiontravel.com.ar\/blog\/jujuy-te-presenta-sus-5-maravillas-ocultas-para-este-verano-2025\/"]}]},{"@type":"ImageObject","inLanguage":"es","@id":"https:\/\/turismo.actiontravel.com.ar\/blog\/jujuy-te-presenta-sus-5-maravillas-ocultas-para-este-verano-2025\/#primaryimage","url":"https:\/\/turismo.actiontravel.com.ar\/blog\/wp-content\/uploads\/2024\/12\/unnamed.jpg","contentUrl":"https:\/\/turismo.actiontravel.com.ar\/blog\/wp-content\/uploads\/2024\/12\/unnamed.jpg","width":512,"height":284},{"@type":"BreadcrumbList","@id":"https:\/\/turismo.actiontravel.com.ar\/blog\/jujuy-te-presenta-sus-5-maravillas-ocultas-para-este-verano-2025\/#breadcrumb","itemListElement":[{"@type":"ListItem","position":1,"name":"Portada","item":"https:\/\/turismo.actiontravel.com.ar\/blog\/"},{"@type":"ListItem","position":2,"name":"Jujuy te presenta sus 5 maravillas ocultas para este verano 2025"}]},{"@type":"WebSite","@id":"https:\/\/turismo.actiontravel.com.ar\/blog\/#website","url":"https:\/\/turismo.actiontravel.com.ar\/blog\/","name":"Blog Turismo | AT","description":"Conoce las ultimas novedades de Turismo","publisher":{"@id":"https:\/\/turismo.actiontravel.com.ar\/blog\/#organization"},"potentialAction":[{"@type":"SearchAction","target":{"@type":"EntryPoint","urlTemplate":"https:\/\/turismo.actiontravel.com.ar\/blog\/?s={search_term_string}"},"query-input":"required name=search_term_string"}],"inLanguage":"es"},{"@type":"Organization","@id":"https:\/\/turismo.actiontravel.com.ar\/blog\/#organization","name":"Action Travel","url":"https:\/\/turismo.actiontravel.com.ar\/blog\/","logo":{"@type":"ImageObject","inLanguage":"es","@id":"https:\/\/turismo.actiontravel.com.ar\/blog\/#\/schema\/logo\/image\/","url":"https:\/\/turismo.actiontravel.com.ar\/blog\/wp-content\/uploads\/2023\/06\/50-Turismo-blanco.png","contentUrl":"https:\/\/turismo.actiontravel.com.ar\/blog\/wp-content\/uploads\/2023\/06\/50-Turismo-blanco.png","width":300,"height":52,"caption":"Action Travel"},"image":{"@id":"https:\/\/turismo.actiontravel.com.ar\/blog\/#\/schema\/logo\/image\/"},"sameAs":["https:\/\/www.facebook.com\/ActionTravelArgentina\/"]},{"@type":"Person","@id":"https:\/\/turismo.actiontravel.com.ar\/blog\/#\/schema\/person\/66a23589ad368eaea5e84593f0afd07d","name":"Soporte","image":{"@type":"ImageObject","inLanguage":"es","@id":"https:\/\/turismo.actiontravel.com.ar\/blog\/#\/schema\/person\/image\/","url":"https:\/\/secure.gravatar.com\/avatar\/7cbabdb8bf05d9cd87a2966ed90db23e?s=96&d=mm&r=g","contentUrl":"https:\/\/secure.gravatar.com\/avatar\/7cbabdb8bf05d9cd87a2966ed90db23e?s=96&d=mm&r=g","caption":"Soporte"},"url":"https:\/\/turismo.actiontravel.com.ar\/blog\/author\/soporte\/"}]}},"_links":{"self":[{"href":"https:\/\/turismo.actiontravel.com.ar\/blog\/wp-json\/wp\/v2\/posts\/5280"}],"collection":[{"href":"https:\/\/turismo.actiontravel.com.ar\/blog\/wp-json\/wp\/v2\/posts"}],"about":[{"href":"https:\/\/turismo.actiontravel.com.ar\/blog\/wp-json\/wp\/v2\/types\/post"}],"author":[{"embeddable":true,"href":"https:\/\/turismo.actiontravel.com.ar\/blog\/wp-json\/wp\/v2\/users\/11"}],"replies":[{"embeddable":true,"href":"https:\/\/turismo.actiontravel.com.ar\/blog\/wp-json\/wp\/v2\/comments?post=5280"}],"version-history":[{"count":2,"href":"https:\/\/turismo.actiontravel.com.ar\/blog\/wp-json\/wp\/v2\/posts\/5280\/revisions"}],"predecessor-version":[{"id":5283,"href":"https:\/\/turismo.actiontravel.com.ar\/blog\/wp-json\/wp\/v2\/posts\/5280\/revisions\/5283"}],"wp:featuredmedia":[{"embeddable":true,"href":"https:\/\/turismo.actiontravel.com.ar\/blog\/wp-json\/wp\/v2\/media\/5281"}],"wp:attachment":[{"href":"https:\/\/turismo.actiontravel.com.ar\/blog\/wp-json\/wp\/v2\/media?parent=5280"}],"wp:term":[{"taxonomy":"category","embeddable":true,"href":"https:\/\/turismo.actiontravel.com.ar\/blog\/wp-json\/wp\/v2\/categories?post=5280"},{"taxonomy":"post_tag","embeddable":true,"href":"https:\/\/turismo.actiontravel.com.ar\/blog\/wp-json\/wp\/v2\/tags?post=5280"}],"curies":[{"name":"wp","href":"https:\/\/api.w.org\/{rel}","templated":true}]}}