{"id":5715,"date":"2026-03-02T12:29:29","date_gmt":"2026-03-02T15:29:29","guid":{"rendered":"https:\/\/turismo.actiontravel.com.ar\/blog\/?p=5715"},"modified":"2026-03-02T12:29:29","modified_gmt":"2026-03-02T15:29:29","slug":"el-orient-express-llegara-a-la-costa-amalfitana","status":"publish","type":"post","link":"https:\/\/turismo.actiontravel.com.ar\/blog\/el-orient-express-llegara-a-la-costa-amalfitana\/","title":{"rendered":"El Orient Express llegar\u00e1 a la costa amalfitana"},"content":{"rendered":"<h4><em><strong>El legendario tren debutar\u00e1 en mayo de 2026 con una ruta in\u00e9dita en uno de los destinos italianos m\u00e1s prestigiosos y m\u00e1s visitados.\u00a0<\/strong><\/em><\/h4>\n<p>El legendario<strong>\u00a0Venice Simplon-Orient-Express,<\/strong>\u00a0uno de los trenes m\u00e1s emblem\u00e1ticos del mundo, sumar\u00e1 a partir de mayo de 2026 un nuevo cap\u00edtulo en su historia con una ruta que unir\u00e1 Par\u00eds con la costa amalfitana. La empresa Belmond, operadora del tren desde hace d\u00e9cadas, anunci\u00f3 que este itinerario ofrecer\u00e1 una forma completamente distinta de viajar hacia el sur de Italia. Este nuevo producto, que se llama\u00a0<strong>Villeggiatura by Train,\u00a0<\/strong>combina una traves\u00eda ferroviaria de lujo con una estad\u00eda en uno de los hoteles m\u00e1s prestigiosos de la empresa. Adem\u00e1s, ser\u00e1 la primera vez que este \u00edcono del ferrocarril llegue hasta las puertas del Mediterr\u00e1neo italiano, reforzando la tendencia global que integra transporte de alta gama con experiencias hoteleras exclusivas.<\/p>\n<p><img decoding=\"async\" src=\"https:\/\/images.prestigeonline.com\/wp-content\/uploads\/sites\/6\/2025\/02\/14150417\/BEX_Observation-Car-Bar-Interiors-by-Albion-Nord-1.jpg\" alt=\"Luxury rail travel is back and here's how to ride the trend in style\" \/><\/p>\n<p>La salida inaugural est\u00e1 prevista para el 4 de mayo de 2026, realizando un viaje de tres noches desde Par\u00eds. En la estaci\u00f3n de partida, los pasajeros ser\u00e1n recibidos con una copa de champagne antes de instalarse en sus cabinas, ambientadas en estilo Art d\u00e9co. Los vagones originales, cuidadosamente conservados y restaurados, recrean la atm\u00f3sfera del tren tal como circulaba durante la primera mitad del siglo XX. Adem\u00e1s de esta ambientaci\u00f3n \u00fanica, se sumar\u00e1 un servicio de alta gama, con mayordomos a bordo y gastronom\u00eda elaborada por chefs de renombre. Desde el primer momento, la experiencia estar\u00e1 dise\u00f1ada para transmitir la idea de que, m\u00e1s que un traslado, se trata de un viaje inmersivo en el esp\u00edritu del lujo ferroviario cl\u00e1sico.<\/p>\n<p>El tren viajar\u00e1 a lo largo de la<strong>\u00a0Riviera francesa e italiana,<\/strong>\u00a0permitiendo observar algunos de los paisajes costeros m\u00e1s fotografiados del continente desde las cabinas y los vagones panor\u00e1micos Durante la primera jornada habr\u00e1 tiempo para recorrer los vagones, probar c\u00f3cteles en el hist\u00f3rico carro-bar 3674; o degustar un men\u00fa que recupera t\u00e9cnicas y recetas emblem\u00e1ticas del servicio a bordo del Orient Express.<\/p>\n<figure class=\"wp-block-image\"><img decoding=\"async\" class=\"wp-image-16534 aligncenter\" src=\"https:\/\/www.buenosviajes.com\/wp-content\/uploads\/2026\/02\/PSVOE-bar.jpg\" sizes=\"(max-width: 518px) 100vw, 518px\" srcset=\"https:\/\/www.buenosviajes.com\/wp-content\/uploads\/2026\/02\/PSVOE-bar.jpg 518w, https:\/\/www.buenosviajes.com\/wp-content\/uploads\/2026\/02\/PSVOE-bar-300x195.jpg 300w\" alt=\"\" \/><\/figure>\n<p>Tras un desayuno servido en la cabina, el segundo d\u00eda del viaje estar\u00e1 dedicado a una parada en Pompeya, donde los viajeros desembarcan para una visita guiada por el sitio arqueol\u00f3gico. El itinerario incluye un acceso excepcional a la Casa del Larario, un \u00e1rea que<\/p>\n<p>La \u00faltima parte del itinerario se desarrollar\u00e1 en Ravello, uno de los balcones naturales m\u00e1s c\u00e9lebres de la costa amalfitana. All\u00ed, los pasajeros se alojar\u00e1n en el Belmond Hotel Caruso, un antiguo palazzo del siglo XI reconvertido en hotel de lujo. Desde este punto se organizar\u00e1n actividades como paseos en barco por las calas de la zona, clases de cocina con productos locales y recorridos panor\u00e1micos. La idea es que el pasaje del tren no termine en la estaci\u00f3n final, sino que contin\u00fae a trav\u00e9s de experiencias vinculadas con la tradici\u00f3n mediterr\u00e1nea, la gastronom\u00eda regional y el paisaje costero.<\/p>\n<p><img decoding=\"async\" class=\"aligncenter\" src=\"https:\/\/www.breakingtravelnews.com\/images\/uploads\/rail\/Dream_of_the_desert_Suite_Credits_Stephan_Juillard_2.jpg\" alt=\"Arsenale opens pre-reservations for 'Dream of the Desert,' Luxury train in  Saudi Arabia | News | Breaking Travel News\" \/><\/p>\n<p>Para Belmond, propiedad del grupo LVMH desde 2019, este producto permite reforzar el posicionamiento internacional de sus hoteles m\u00e1s prestigiosos y diferenciarse en un mercado donde nuevas propuestas, como Orient Express\u2013La Dolce Vita de Accor, apuntan al mismo segmento.<\/p>\n","protected":false},"excerpt":{"rendered":"<p class=\"post-excerpt\">El legendario tren debutar\u00e1 en mayo de 2026 con una ruta in\u00e9dita en uno de los destinos italianos m\u00e1s prestigiosos&#8230;<\/p>\n","protected":false},"author":11,"featured_media":5716,"comment_status":"open","ping_status":"open","sticky":false,"template":"","format":"standard","meta":{"_acf_changed":false,"footnotes":""},"categories":[7],"tags":[275,447,448,137,179],"acf":[],"yoast_head":"<!-- This site is optimized with the Yoast SEO plugin v22.7 - https:\/\/yoast.com\/wordpress\/plugins\/seo\/ -->\n<title>El Orient Express llegar\u00e1 a la costa amalfitana - Blog Turismo | AT<\/title>\n<meta name=\"robots\" content=\"index, follow, max-snippet:-1, max-image-preview:large, max-video-preview:-1\" \/>\n<link rel=\"canonical\" href=\"https:\/\/turismo.actiontravel.com.ar\/blog\/el-orient-express-llegara-a-la-costa-amalfitana\/\" \/>\n<meta property=\"og:locale\" content=\"es_ES\" \/>\n<meta property=\"og:type\" content=\"article\" \/>\n<meta property=\"og:title\" content=\"El Orient Express llegar\u00e1 a la costa amalfitana - Blog Turismo | AT\" \/>\n<meta property=\"og:description\" content=\"El legendario tren debutar\u00e1 en mayo de 2026 con una ruta in\u00e9dita en uno de los destinos italianos m\u00e1s prestigiosos...\" \/>\n<meta property=\"og:url\" content=\"https:\/\/turismo.actiontravel.com.ar\/blog\/el-orient-express-llegara-a-la-costa-amalfitana\/\" \/>\n<meta property=\"og:site_name\" content=\"Blog Turismo | AT\" \/>\n<meta property=\"article:publisher\" content=\"https:\/\/www.facebook.com\/ActionTravelArgentina\/\" \/>\n<meta property=\"article:published_time\" content=\"2026-03-02T15:29:29+00:00\" \/>\n<meta property=\"og:image\" content=\"https:\/\/turismo.actiontravel.com.ar\/blog\/wp-content\/uploads\/2026\/03\/orient-express-dolce-vita-x2.jpg\" \/>\n\t<meta property=\"og:image:width\" content=\"1440\" \/>\n\t<meta property=\"og:image:height\" content=\"553\" \/>\n\t<meta property=\"og:image:type\" content=\"image\/jpeg\" \/>\n<meta name=\"author\" content=\"Soporte\" \/>\n<meta name=\"twitter:card\" content=\"summary_large_image\" \/>\n<meta name=\"twitter:label1\" content=\"Escrito por\" \/>\n\t<meta name=\"twitter:data1\" content=\"Soporte\" \/>\n\t<meta name=\"twitter:label2\" content=\"Tiempo de lectura\" \/>\n\t<meta name=\"twitter:data2\" content=\"4 minutos\" \/>\n<script type=\"application\/ld+json\" class=\"yoast-schema-graph\">{\"@context\":\"https:\/\/schema.org\",\"@graph\":[{\"@type\":\"Article\",\"@id\":\"https:\/\/turismo.actiontravel.com.ar\/blog\/el-orient-express-llegara-a-la-costa-amalfitana\/#article\",\"isPartOf\":{\"@id\":\"https:\/\/turismo.actiontravel.com.ar\/blog\/el-orient-express-llegara-a-la-costa-amalfitana\/\"},\"author\":{\"name\":\"Soporte\",\"@id\":\"https:\/\/turismo.actiontravel.com.ar\/blog\/#\/schema\/person\/66a23589ad368eaea5e84593f0afd07d\"},\"headline\":\"El Orient Express llegar\u00e1 a la costa amalfitana\",\"datePublished\":\"2026-03-02T15:29:29+00:00\",\"dateModified\":\"2026-03-02T15:29:29+00:00\",\"mainEntityOfPage\":{\"@id\":\"https:\/\/turismo.actiontravel.com.ar\/blog\/el-orient-express-llegara-a-la-costa-amalfitana\/\"},\"wordCount\":558,\"commentCount\":0,\"publisher\":{\"@id\":\"https:\/\/turismo.actiontravel.com.ar\/blog\/#organization\"},\"image\":{\"@id\":\"https:\/\/turismo.actiontravel.com.ar\/blog\/el-orient-express-llegara-a-la-costa-amalfitana\/#primaryimage\"},\"thumbnailUrl\":\"https:\/\/turismo.actiontravel.com.ar\/blog\/wp-content\/uploads\/2026\/03\/orient-express-dolce-vita-x2.jpg\",\"keywords\":[\"#ActionTravel\",\"trenes de lujo\",\"trenes Europa\",\"Turismo\",\"viajes\"],\"articleSection\":[\"Europa\"],\"inLanguage\":\"es\",\"potentialAction\":[{\"@type\":\"CommentAction\",\"name\":\"Comment\",\"target\":[\"https:\/\/turismo.actiontravel.com.ar\/blog\/el-orient-express-llegara-a-la-costa-amalfitana\/#respond\"]}]},{\"@type\":\"WebPage\",\"@id\":\"https:\/\/turismo.actiontravel.com.ar\/blog\/el-orient-express-llegara-a-la-costa-amalfitana\/\",\"url\":\"https:\/\/turismo.actiontravel.com.ar\/blog\/el-orient-express-llegara-a-la-costa-amalfitana\/\",\"name\":\"El Orient Express llegar\u00e1 a la costa amalfitana - Blog Turismo | AT\",\"isPartOf\":{\"@id\":\"https:\/\/turismo.actiontravel.com.ar\/blog\/#website\"},\"primaryImageOfPage\":{\"@id\":\"https:\/\/turismo.actiontravel.com.ar\/blog\/el-orient-express-llegara-a-la-costa-amalfitana\/#primaryimage\"},\"image\":{\"@id\":\"https:\/\/turismo.actiontravel.com.ar\/blog\/el-orient-express-llegara-a-la-costa-amalfitana\/#primaryimage\"},\"thumbnailUrl\":\"https:\/\/turismo.actiontravel.com.ar\/blog\/wp-content\/uploads\/2026\/03\/orient-express-dolce-vita-x2.jpg\",\"datePublished\":\"2026-03-02T15:29:29+00:00\",\"dateModified\":\"2026-03-02T15:29:29+00:00\",\"breadcrumb\":{\"@id\":\"https:\/\/turismo.actiontravel.com.ar\/blog\/el-orient-express-llegara-a-la-costa-amalfitana\/#breadcrumb\"},\"inLanguage\":\"es\",\"potentialAction\":[{\"@type\":\"ReadAction\",\"target\":[\"https:\/\/turismo.actiontravel.com.ar\/blog\/el-orient-express-llegara-a-la-costa-amalfitana\/\"]}]},{\"@type\":\"ImageObject\",\"inLanguage\":\"es\",\"@id\":\"https:\/\/turismo.actiontravel.com.ar\/blog\/el-orient-express-llegara-a-la-costa-amalfitana\/#primaryimage\",\"url\":\"https:\/\/turismo.actiontravel.com.ar\/blog\/wp-content\/uploads\/2026\/03\/orient-express-dolce-vita-x2.jpg\",\"contentUrl\":\"https:\/\/turismo.actiontravel.com.ar\/blog\/wp-content\/uploads\/2026\/03\/orient-express-dolce-vita-x2.jpg\",\"width\":1440,\"height\":553},{\"@type\":\"BreadcrumbList\",\"@id\":\"https:\/\/turismo.actiontravel.com.ar\/blog\/el-orient-express-llegara-a-la-costa-amalfitana\/#breadcrumb\",\"itemListElement\":[{\"@type\":\"ListItem\",\"position\":1,\"name\":\"Portada\",\"item\":\"https:\/\/turismo.actiontravel.com.ar\/blog\/\"},{\"@type\":\"ListItem\",\"position\":2,\"name\":\"El Orient Express llegar\u00e1 a la costa amalfitana\"}]},{\"@type\":\"WebSite\",\"@id\":\"https:\/\/turismo.actiontravel.com.ar\/blog\/#website\",\"url\":\"https:\/\/turismo.actiontravel.com.ar\/blog\/\",\"name\":\"Blog Turismo | AT\",\"description\":\"Conoce las ultimas novedades de Turismo\",\"publisher\":{\"@id\":\"https:\/\/turismo.actiontravel.com.ar\/blog\/#organization\"},\"potentialAction\":[{\"@type\":\"SearchAction\",\"target\":{\"@type\":\"EntryPoint\",\"urlTemplate\":\"https:\/\/turismo.actiontravel.com.ar\/blog\/?s={search_term_string}\"},\"query-input\":\"required name=search_term_string\"}],\"inLanguage\":\"es\"},{\"@type\":\"Organization\",\"@id\":\"https:\/\/turismo.actiontravel.com.ar\/blog\/#organization\",\"name\":\"Action Travel\",\"url\":\"https:\/\/turismo.actiontravel.com.ar\/blog\/\",\"logo\":{\"@type\":\"ImageObject\",\"inLanguage\":\"es\",\"@id\":\"https:\/\/turismo.actiontravel.com.ar\/blog\/#\/schema\/logo\/image\/\",\"url\":\"https:\/\/turismo.actiontravel.com.ar\/blog\/wp-content\/uploads\/2023\/06\/50-Turismo-blanco.png\",\"contentUrl\":\"https:\/\/turismo.actiontravel.com.ar\/blog\/wp-content\/uploads\/2023\/06\/50-Turismo-blanco.png\",\"width\":300,\"height\":52,\"caption\":\"Action Travel\"},\"image\":{\"@id\":\"https:\/\/turismo.actiontravel.com.ar\/blog\/#\/schema\/logo\/image\/\"},\"sameAs\":[\"https:\/\/www.facebook.com\/ActionTravelArgentina\/\"]},{\"@type\":\"Person\",\"@id\":\"https:\/\/turismo.actiontravel.com.ar\/blog\/#\/schema\/person\/66a23589ad368eaea5e84593f0afd07d\",\"name\":\"Soporte\",\"image\":{\"@type\":\"ImageObject\",\"inLanguage\":\"es\",\"@id\":\"https:\/\/turismo.actiontravel.com.ar\/blog\/#\/schema\/person\/image\/\",\"url\":\"https:\/\/secure.gravatar.com\/avatar\/7cbabdb8bf05d9cd87a2966ed90db23e?s=96&d=mm&r=g\",\"contentUrl\":\"https:\/\/secure.gravatar.com\/avatar\/7cbabdb8bf05d9cd87a2966ed90db23e?s=96&d=mm&r=g\",\"caption\":\"Soporte\"},\"url\":\"https:\/\/turismo.actiontravel.com.ar\/blog\/author\/soporte\/\"}]}<\/script>\n<!-- \/ Yoast SEO plugin. -->","yoast_head_json":{"title":"El Orient Express llegar\u00e1 a la costa amalfitana - Blog Turismo | AT","robots":{"index":"index","follow":"follow","max-snippet":"max-snippet:-1","max-image-preview":"max-image-preview:large","max-video-preview":"max-video-preview:-1"},"canonical":"https:\/\/turismo.actiontravel.com.ar\/blog\/el-orient-express-llegara-a-la-costa-amalfitana\/","og_locale":"es_ES","og_type":"article","og_title":"El Orient Express llegar\u00e1 a la costa amalfitana - Blog Turismo | AT","og_description":"El legendario tren debutar\u00e1 en mayo de 2026 con una ruta in\u00e9dita en uno de los destinos italianos m\u00e1s prestigiosos...","og_url":"https:\/\/turismo.actiontravel.com.ar\/blog\/el-orient-express-llegara-a-la-costa-amalfitana\/","og_site_name":"Blog Turismo | AT","article_publisher":"https:\/\/www.facebook.com\/ActionTravelArgentina\/","article_published_time":"2026-03-02T15:29:29+00:00","og_image":[{"width":1440,"height":553,"url":"https:\/\/turismo.actiontravel.com.ar\/blog\/wp-content\/uploads\/2026\/03\/orient-express-dolce-vita-x2.jpg","type":"image\/jpeg"}],"author":"Soporte","twitter_card":"summary_large_image","twitter_misc":{"Escrito por":"Soporte","Tiempo de lectura":"4 minutos"},"schema":{"@context":"https:\/\/schema.org","@graph":[{"@type":"Article","@id":"https:\/\/turismo.actiontravel.com.ar\/blog\/el-orient-express-llegara-a-la-costa-amalfitana\/#article","isPartOf":{"@id":"https:\/\/turismo.actiontravel.com.ar\/blog\/el-orient-express-llegara-a-la-costa-amalfitana\/"},"author":{"name":"Soporte","@id":"https:\/\/turismo.actiontravel.com.ar\/blog\/#\/schema\/person\/66a23589ad368eaea5e84593f0afd07d"},"headline":"El Orient Express llegar\u00e1 a la costa amalfitana","datePublished":"2026-03-02T15:29:29+00:00","dateModified":"2026-03-02T15:29:29+00:00","mainEntityOfPage":{"@id":"https:\/\/turismo.actiontravel.com.ar\/blog\/el-orient-express-llegara-a-la-costa-amalfitana\/"},"wordCount":558,"commentCount":0,"publisher":{"@id":"https:\/\/turismo.actiontravel.com.ar\/blog\/#organization"},"image":{"@id":"https:\/\/turismo.actiontravel.com.ar\/blog\/el-orient-express-llegara-a-la-costa-amalfitana\/#primaryimage"},"thumbnailUrl":"https:\/\/turismo.actiontravel.com.ar\/blog\/wp-content\/uploads\/2026\/03\/orient-express-dolce-vita-x2.jpg","keywords":["#ActionTravel","trenes de lujo","trenes Europa","Turismo","viajes"],"articleSection":["Europa"],"inLanguage":"es","potentialAction":[{"@type":"CommentAction","name":"Comment","target":["https:\/\/turismo.actiontravel.com.ar\/blog\/el-orient-express-llegara-a-la-costa-amalfitana\/#respond"]}]},{"@type":"WebPage","@id":"https:\/\/turismo.actiontravel.com.ar\/blog\/el-orient-express-llegara-a-la-costa-amalfitana\/","url":"https:\/\/turismo.actiontravel.com.ar\/blog\/el-orient-express-llegara-a-la-costa-amalfitana\/","name":"El Orient Express llegar\u00e1 a la costa amalfitana - Blog Turismo | AT","isPartOf":{"@id":"https:\/\/turismo.actiontravel.com.ar\/blog\/#website"},"primaryImageOfPage":{"@id":"https:\/\/turismo.actiontravel.com.ar\/blog\/el-orient-express-llegara-a-la-costa-amalfitana\/#primaryimage"},"image":{"@id":"https:\/\/turismo.actiontravel.com.ar\/blog\/el-orient-express-llegara-a-la-costa-amalfitana\/#primaryimage"},"thumbnailUrl":"https:\/\/turismo.actiontravel.com.ar\/blog\/wp-content\/uploads\/2026\/03\/orient-express-dolce-vita-x2.jpg","datePublished":"2026-03-02T15:29:29+00:00","dateModified":"2026-03-02T15:29:29+00:00","breadcrumb":{"@id":"https:\/\/turismo.actiontravel.com.ar\/blog\/el-orient-express-llegara-a-la-costa-amalfitana\/#breadcrumb"},"inLanguage":"es","potentialAction":[{"@type":"ReadAction","target":["https:\/\/turismo.actiontravel.com.ar\/blog\/el-orient-express-llegara-a-la-costa-amalfitana\/"]}]},{"@type":"ImageObject","inLanguage":"es","@id":"https:\/\/turismo.actiontravel.com.ar\/blog\/el-orient-express-llegara-a-la-costa-amalfitana\/#primaryimage","url":"https:\/\/turismo.actiontravel.com.ar\/blog\/wp-content\/uploads\/2026\/03\/orient-express-dolce-vita-x2.jpg","contentUrl":"https:\/\/turismo.actiontravel.com.ar\/blog\/wp-content\/uploads\/2026\/03\/orient-express-dolce-vita-x2.jpg","width":1440,"height":553},{"@type":"BreadcrumbList","@id":"https:\/\/turismo.actiontravel.com.ar\/blog\/el-orient-express-llegara-a-la-costa-amalfitana\/#breadcrumb","itemListElement":[{"@type":"ListItem","position":1,"name":"Portada","item":"https:\/\/turismo.actiontravel.com.ar\/blog\/"},{"@type":"ListItem","position":2,"name":"El Orient Express llegar\u00e1 a la costa amalfitana"}]},{"@type":"WebSite","@id":"https:\/\/turismo.actiontravel.com.ar\/blog\/#website","url":"https:\/\/turismo.actiontravel.com.ar\/blog\/","name":"Blog Turismo | AT","description":"Conoce las ultimas novedades de Turismo","publisher":{"@id":"https:\/\/turismo.actiontravel.com.ar\/blog\/#organization"},"potentialAction":[{"@type":"SearchAction","target":{"@type":"EntryPoint","urlTemplate":"https:\/\/turismo.actiontravel.com.ar\/blog\/?s={search_term_string}"},"query-input":"required name=search_term_string"}],"inLanguage":"es"},{"@type":"Organization","@id":"https:\/\/turismo.actiontravel.com.ar\/blog\/#organization","name":"Action Travel","url":"https:\/\/turismo.actiontravel.com.ar\/blog\/","logo":{"@type":"ImageObject","inLanguage":"es","@id":"https:\/\/turismo.actiontravel.com.ar\/blog\/#\/schema\/logo\/image\/","url":"https:\/\/turismo.actiontravel.com.ar\/blog\/wp-content\/uploads\/2023\/06\/50-Turismo-blanco.png","contentUrl":"https:\/\/turismo.actiontravel.com.ar\/blog\/wp-content\/uploads\/2023\/06\/50-Turismo-blanco.png","width":300,"height":52,"caption":"Action Travel"},"image":{"@id":"https:\/\/turismo.actiontravel.com.ar\/blog\/#\/schema\/logo\/image\/"},"sameAs":["https:\/\/www.facebook.com\/ActionTravelArgentina\/"]},{"@type":"Person","@id":"https:\/\/turismo.actiontravel.com.ar\/blog\/#\/schema\/person\/66a23589ad368eaea5e84593f0afd07d","name":"Soporte","image":{"@type":"ImageObject","inLanguage":"es","@id":"https:\/\/turismo.actiontravel.com.ar\/blog\/#\/schema\/person\/image\/","url":"https:\/\/secure.gravatar.com\/avatar\/7cbabdb8bf05d9cd87a2966ed90db23e?s=96&d=mm&r=g","contentUrl":"https:\/\/secure.gravatar.com\/avatar\/7cbabdb8bf05d9cd87a2966ed90db23e?s=96&d=mm&r=g","caption":"Soporte"},"url":"https:\/\/turismo.actiontravel.com.ar\/blog\/author\/soporte\/"}]}},"_links":{"self":[{"href":"https:\/\/turismo.actiontravel.com.ar\/blog\/wp-json\/wp\/v2\/posts\/5715"}],"collection":[{"href":"https:\/\/turismo.actiontravel.com.ar\/blog\/wp-json\/wp\/v2\/posts"}],"about":[{"href":"https:\/\/turismo.actiontravel.com.ar\/blog\/wp-json\/wp\/v2\/types\/post"}],"author":[{"embeddable":true,"href":"https:\/\/turismo.actiontravel.com.ar\/blog\/wp-json\/wp\/v2\/users\/11"}],"replies":[{"embeddable":true,"href":"https:\/\/turismo.actiontravel.com.ar\/blog\/wp-json\/wp\/v2\/comments?post=5715"}],"version-history":[{"count":1,"href":"https:\/\/turismo.actiontravel.com.ar\/blog\/wp-json\/wp\/v2\/posts\/5715\/revisions"}],"predecessor-version":[{"id":5717,"href":"https:\/\/turismo.actiontravel.com.ar\/blog\/wp-json\/wp\/v2\/posts\/5715\/revisions\/5717"}],"wp:featuredmedia":[{"embeddable":true,"href":"https:\/\/turismo.actiontravel.com.ar\/blog\/wp-json\/wp\/v2\/media\/5716"}],"wp:attachment":[{"href":"https:\/\/turismo.actiontravel.com.ar\/blog\/wp-json\/wp\/v2\/media?parent=5715"}],"wp:term":[{"taxonomy":"category","embeddable":true,"href":"https:\/\/turismo.actiontravel.com.ar\/blog\/wp-json\/wp\/v2\/categories?post=5715"},{"taxonomy":"post_tag","embeddable":true,"href":"https:\/\/turismo.actiontravel.com.ar\/blog\/wp-json\/wp\/v2\/tags?post=5715"}],"curies":[{"name":"wp","href":"https:\/\/api.w.org\/{rel}","templated":true}]}}