{"id":5728,"date":"2026-03-10T11:19:12","date_gmt":"2026-03-10T14:19:12","guid":{"rendered":"https:\/\/turismo.actiontravel.com.ar\/blog\/?p=5728"},"modified":"2026-03-10T11:19:12","modified_gmt":"2026-03-10T14:19:12","slug":"como-es-entre-arboles-el-nuevo-hotel-boutique-en-iguazu","status":"publish","type":"post","link":"https:\/\/turismo.actiontravel.com.ar\/blog\/como-es-entre-arboles-el-nuevo-hotel-boutique-en-iguazu\/","title":{"rendered":"C\u00f3mo es \u201cEntre \u00c1rboles\u201d, el nuevo hotel boutique en Iguaz\u00fa"},"content":{"rendered":"<h4 class=\"wp-block-heading\"><em>El establecimiento forma parte de Singular Collection by Am\u00e9rian. Abrir\u00e1 sus puertas el 15 de marzo en Puerto Iguaz\u00fa con 14 unidades elevadas entre \u00e1rboles, tecnolog\u00eda dom\u00f3tica y una propuesta orientada al slow travel y a las experiencias personalizadas.<\/em><\/h4>\n<p>El pr\u00f3ximo 15 de marzo abrir\u00e1 Entre \u00c1rboles, un hotel boutique ubicado en Avenida Tres Fronteras 780, a unos 100 metros del Hito Tres Fronteras y a aproximadamente 30 minutos del Parque Nacional Iguaz\u00fa. Propone alojarse entre la selva misionera sin renunciar al confort y la tecnolog\u00eda. El establecimiento forma parte de Singular Collection by Am\u00e9rian, una nueva l\u00ednea de la cadena Am\u00e9rian enfocada en alojamientos no convencionales y propuestas de hospitalidad basadas en la conexi\u00f3n con el entorno natural y cultural del destino.<\/p>\n<p><em>\u201cEntre \u00c1rboles inaugura un formato in\u00e9dito en Argentina: un alojamiento boutique de dise\u00f1o que propone dormir entre copas y troncos, integrando naturaleza, tecnolog\u00eda y servicio en una experiencia realmente nueva para Iguaz\u00fa\u201d<\/em>, se\u00f1al\u00f3\u00a0<strong>Roberto Amengual,\u00a0<\/strong>presidente de Am\u00e9rian.<\/p>\n<p>El desarrollo se realiz\u00f3 en un predio que conserva sectores de selva nativa, donde la arquitectura se integr\u00f3 en claros naturales del terreno. La propuesta busca combinar la proximidad al centro urbano con un entorno natural dominado por vegetaci\u00f3n aut\u00f3ctona y fauna local.<\/p>\n<figure class=\"wp-block-gallery has-nested-images columns-default is-cropped wp-block-gallery-1 is-layout-flex\">\n<figure class=\"wp-block-image size-large\"><img loading=\"lazy\" decoding=\"async\" class=\"wp-image-50085\" src=\"https:\/\/reportnews.la\/wp-content\/uploads\/2026\/03\/Prancheta-6-1.jpg\" sizes=\"(max-width: 518px) 100vw, 518px\" srcset=\"https:\/\/reportnews.la\/wp-content\/uploads\/2026\/03\/Prancheta-6-1.jpg 518w, https:\/\/reportnews.la\/wp-content\/uploads\/2026\/03\/Prancheta-6-1-300x195.jpg 300w, https:\/\/reportnews.la\/wp-content\/uploads\/2026\/03\/Prancheta-6-1-154x100.jpg 154w\" alt=\"\" width=\"518\" height=\"336\" data-id=\"50085\" \/><\/figure>\n<figure class=\"wp-block-image size-large\"><img loading=\"lazy\" decoding=\"async\" class=\"wp-image-50082\" src=\"https:\/\/reportnews.la\/wp-content\/uploads\/2026\/03\/bird-house-2-.jpg\" sizes=\"(max-width: 518px) 100vw, 518px\" srcset=\"https:\/\/reportnews.la\/wp-content\/uploads\/2026\/03\/bird-house-2-.jpg 518w, https:\/\/reportnews.la\/wp-content\/uploads\/2026\/03\/bird-house-2--300x195.jpg 300w, https:\/\/reportnews.la\/wp-content\/uploads\/2026\/03\/bird-house-2--154x100.jpg 154w\" alt=\"\" width=\"518\" height=\"336\" data-id=\"50082\" \/><\/figure>\n<figure class=\"wp-block-image size-large\"><img loading=\"lazy\" decoding=\"async\" class=\"wp-image-50084\" src=\"https:\/\/reportnews.la\/wp-content\/uploads\/2026\/03\/pileta.jpg\" sizes=\"(max-width: 518px) 100vw, 518px\" srcset=\"https:\/\/reportnews.la\/wp-content\/uploads\/2026\/03\/pileta.jpg 518w, https:\/\/reportnews.la\/wp-content\/uploads\/2026\/03\/pileta-300x195.jpg 300w, https:\/\/reportnews.la\/wp-content\/uploads\/2026\/03\/pileta-154x100.jpg 154w\" alt=\"\" width=\"518\" height=\"336\" data-id=\"50084\" \/><\/figure>\n<\/figure>\n<p><em>\u201cNo quer\u00edamos construir sobre la selva, sino construir con la selva: conservarla, interpretarla y permitir que el hu\u00e9sped la habite sin invadirla. El lujo hoy es esa conexi\u00f3n aut\u00e9ntica\u201d,<\/em>\u00a0explic\u00f3\u00a0<strong>Maurice Closs<\/strong>, ex Gobernador de Misiones y propietario del proyecto.<\/p>\n<p>Entre \u00c1rboles contar\u00e1 con 14 unidades denominadas \u201chouses\u201d, conectadas entre s\u00ed mediante pasarelas de madera que recorren el predio entre \u00e1rboles y plantas nativas. Las Birdhouses est\u00e1n elevadas por encima de las copas de los \u00e1rboles y cuentan con decks y piscinas privadas. Las Treehouses, por su parte, est\u00e1n ubicadas al nivel de los troncos; y las Tiny houses son unidades accesibles pr\u00f3ximas al \u00e1rea de recepci\u00f3n. Todas incorporan sistemas de dom\u00f3tica, con control inteligente de iluminaci\u00f3n, climatizaci\u00f3n y entretenimiento mediante asistentes digitales.<\/p>\n<p>La propuesta gastron\u00f3mica del hotel estar\u00e1 a cargo de Monarca, un restaurante de 360 metros cuadrados con capacidad para hasta 70 comensales. El espacio combina sectores cubiertos, semicubiertos y al aire libre, y su carta propone una fusi\u00f3n regional que integra sabores de la Argentina, Brasil y Paraguay en formato gourmet.<\/p>\n<p>El hotel tambi\u00e9n cuenta con el espacio de bienestar Parasoles &amp; Jav\u00e9, que incluye una pileta org\u00e1nica con redes suspendidas, barra de tragos y un \u00e1rea hol\u00edstica con sala de masajes, sauna seco y decks para yoga o actividades al aire libre.<\/p>\n<figure class=\"wp-block-gallery has-nested-images columns-default is-cropped wp-block-gallery-3 is-layout-flex\">\n<figure class=\"wp-block-image size-large\"><img loading=\"lazy\" decoding=\"async\" class=\"wp-image-50083\" src=\"https:\/\/reportnews.la\/wp-content\/uploads\/2026\/03\/IMG_2098.jpg\" sizes=\"(max-width: 518px) 100vw, 518px\" srcset=\"https:\/\/reportnews.la\/wp-content\/uploads\/2026\/03\/IMG_2098.jpg 518w, https:\/\/reportnews.la\/wp-content\/uploads\/2026\/03\/IMG_2098-300x195.jpg 300w, https:\/\/reportnews.la\/wp-content\/uploads\/2026\/03\/IMG_2098-154x100.jpg 154w\" alt=\"\" width=\"518\" height=\"336\" data-id=\"50083\" \/><\/figure>\n<figure class=\"wp-block-image size-large\"><img loading=\"lazy\" decoding=\"async\" class=\"wp-image-50081\" src=\"https:\/\/reportnews.la\/wp-content\/uploads\/2026\/03\/bird-house.jpg\" sizes=\"(max-width: 518px) 100vw, 518px\" srcset=\"https:\/\/reportnews.la\/wp-content\/uploads\/2026\/03\/bird-house.jpg 518w, https:\/\/reportnews.la\/wp-content\/uploads\/2026\/03\/bird-house-300x195.jpg 300w, https:\/\/reportnews.la\/wp-content\/uploads\/2026\/03\/bird-house-154x100.jpg 154w\" alt=\"\" width=\"518\" height=\"336\" data-id=\"50081\" \/><\/figure>\n<\/figure>\n<p>La sustentabilidad forma parte del dise\u00f1o del proyecto. El hotel incorpora paneles fotovoltaicos para generaci\u00f3n de energ\u00eda, sistemas de recolecci\u00f3n de agua de lluvia para riego y el uso de materiales locales de bajo impacto ambiental, como madera reforestada, tacuara y piedra de la regi\u00f3n.<\/p>\n<p>Entre \u00c1rboles estar\u00e1 orientado principalmente a viajeros adultos que buscan experiencias de naturaleza y descanso, como parejas, turistas gastron\u00f3micos, viajeros interesados en bienestar o visitantes que exploran el destino Iguaz\u00fa y la regi\u00f3n de la Triple Frontera.<\/p>\n","protected":false},"excerpt":{"rendered":"<p class=\"post-excerpt\">El establecimiento forma parte de Singular Collection by Am\u00e9rian. Abrir\u00e1 sus puertas el 15 de marzo en Puerto Iguaz\u00fa con&#8230;<\/p>\n","protected":false},"author":11,"featured_media":5729,"comment_status":"open","ping_status":"open","sticky":false,"template":"","format":"standard","meta":{"_acf_changed":false,"footnotes":""},"categories":[57],"tags":[275,274,451,137,179],"acf":[],"yoast_head":"<!-- This site is optimized with the Yoast SEO plugin v22.7 - https:\/\/yoast.com\/wordpress\/plugins\/seo\/ -->\n<title>C\u00f3mo es \u201cEntre \u00c1rboles\u201d, el nuevo hotel boutique en Iguaz\u00fa - Blog Turismo | AT<\/title>\n<meta name=\"robots\" content=\"index, follow, max-snippet:-1, max-image-preview:large, max-video-preview:-1\" \/>\n<link rel=\"canonical\" href=\"https:\/\/turismo.actiontravel.com.ar\/blog\/como-es-entre-arboles-el-nuevo-hotel-boutique-en-iguazu\/\" \/>\n<meta property=\"og:locale\" content=\"es_ES\" \/>\n<meta property=\"og:type\" content=\"article\" \/>\n<meta property=\"og:title\" content=\"C\u00f3mo es \u201cEntre \u00c1rboles\u201d, el nuevo hotel boutique en Iguaz\u00fa - Blog Turismo | AT\" \/>\n<meta property=\"og:description\" content=\"El establecimiento forma parte de Singular Collection by Am\u00e9rian. Abrir\u00e1 sus puertas el 15 de marzo en Puerto Iguaz\u00fa con...\" \/>\n<meta property=\"og:url\" content=\"https:\/\/turismo.actiontravel.com.ar\/blog\/como-es-entre-arboles-el-nuevo-hotel-boutique-en-iguazu\/\" \/>\n<meta property=\"og:site_name\" content=\"Blog Turismo | AT\" \/>\n<meta property=\"article:publisher\" content=\"https:\/\/www.facebook.com\/ActionTravelArgentina\/\" \/>\n<meta property=\"article:published_time\" content=\"2026-03-10T14:19:12+00:00\" \/>\n<meta property=\"og:image\" content=\"https:\/\/turismo.actiontravel.com.ar\/blog\/wp-content\/uploads\/2026\/03\/aerea-2.jpg\" \/>\n\t<meta property=\"og:image:width\" content=\"518\" \/>\n\t<meta property=\"og:image:height\" content=\"336\" \/>\n\t<meta property=\"og:image:type\" content=\"image\/jpeg\" \/>\n<meta name=\"author\" content=\"Soporte\" \/>\n<meta name=\"twitter:card\" content=\"summary_large_image\" \/>\n<meta name=\"twitter:label1\" content=\"Escrito por\" \/>\n\t<meta name=\"twitter:data1\" content=\"Soporte\" \/>\n\t<meta name=\"twitter:label2\" content=\"Tiempo de lectura\" \/>\n\t<meta name=\"twitter:data2\" content=\"4 minutos\" \/>\n<script type=\"application\/ld+json\" class=\"yoast-schema-graph\">{\"@context\":\"https:\/\/schema.org\",\"@graph\":[{\"@type\":\"Article\",\"@id\":\"https:\/\/turismo.actiontravel.com.ar\/blog\/como-es-entre-arboles-el-nuevo-hotel-boutique-en-iguazu\/#article\",\"isPartOf\":{\"@id\":\"https:\/\/turismo.actiontravel.com.ar\/blog\/como-es-entre-arboles-el-nuevo-hotel-boutique-en-iguazu\/\"},\"author\":{\"name\":\"Soporte\",\"@id\":\"https:\/\/turismo.actiontravel.com.ar\/blog\/#\/schema\/person\/66a23589ad368eaea5e84593f0afd07d\"},\"headline\":\"C\u00f3mo es \u201cEntre \u00c1rboles\u201d, el nuevo hotel boutique en Iguaz\u00fa\",\"datePublished\":\"2026-03-10T14:19:12+00:00\",\"dateModified\":\"2026-03-10T14:19:12+00:00\",\"mainEntityOfPage\":{\"@id\":\"https:\/\/turismo.actiontravel.com.ar\/blog\/como-es-entre-arboles-el-nuevo-hotel-boutique-en-iguazu\/\"},\"wordCount\":543,\"commentCount\":0,\"publisher\":{\"@id\":\"https:\/\/turismo.actiontravel.com.ar\/blog\/#organization\"},\"image\":{\"@id\":\"https:\/\/turismo.actiontravel.com.ar\/blog\/como-es-entre-arboles-el-nuevo-hotel-boutique-en-iguazu\/#primaryimage\"},\"thumbnailUrl\":\"https:\/\/turismo.actiontravel.com.ar\/blog\/wp-content\/uploads\/2026\/03\/aerea-2.jpg\",\"keywords\":[\"#ActionTravel\",\"#ATTurismo\",\"iguazu\",\"Turismo\",\"viajes\"],\"articleSection\":[\"Argentina\"],\"inLanguage\":\"es\",\"potentialAction\":[{\"@type\":\"CommentAction\",\"name\":\"Comment\",\"target\":[\"https:\/\/turismo.actiontravel.com.ar\/blog\/como-es-entre-arboles-el-nuevo-hotel-boutique-en-iguazu\/#respond\"]}]},{\"@type\":\"WebPage\",\"@id\":\"https:\/\/turismo.actiontravel.com.ar\/blog\/como-es-entre-arboles-el-nuevo-hotel-boutique-en-iguazu\/\",\"url\":\"https:\/\/turismo.actiontravel.com.ar\/blog\/como-es-entre-arboles-el-nuevo-hotel-boutique-en-iguazu\/\",\"name\":\"C\u00f3mo es \u201cEntre \u00c1rboles\u201d, el nuevo hotel boutique en Iguaz\u00fa - Blog Turismo | AT\",\"isPartOf\":{\"@id\":\"https:\/\/turismo.actiontravel.com.ar\/blog\/#website\"},\"primaryImageOfPage\":{\"@id\":\"https:\/\/turismo.actiontravel.com.ar\/blog\/como-es-entre-arboles-el-nuevo-hotel-boutique-en-iguazu\/#primaryimage\"},\"image\":{\"@id\":\"https:\/\/turismo.actiontravel.com.ar\/blog\/como-es-entre-arboles-el-nuevo-hotel-boutique-en-iguazu\/#primaryimage\"},\"thumbnailUrl\":\"https:\/\/turismo.actiontravel.com.ar\/blog\/wp-content\/uploads\/2026\/03\/aerea-2.jpg\",\"datePublished\":\"2026-03-10T14:19:12+00:00\",\"dateModified\":\"2026-03-10T14:19:12+00:00\",\"breadcrumb\":{\"@id\":\"https:\/\/turismo.actiontravel.com.ar\/blog\/como-es-entre-arboles-el-nuevo-hotel-boutique-en-iguazu\/#breadcrumb\"},\"inLanguage\":\"es\",\"potentialAction\":[{\"@type\":\"ReadAction\",\"target\":[\"https:\/\/turismo.actiontravel.com.ar\/blog\/como-es-entre-arboles-el-nuevo-hotel-boutique-en-iguazu\/\"]}]},{\"@type\":\"ImageObject\",\"inLanguage\":\"es\",\"@id\":\"https:\/\/turismo.actiontravel.com.ar\/blog\/como-es-entre-arboles-el-nuevo-hotel-boutique-en-iguazu\/#primaryimage\",\"url\":\"https:\/\/turismo.actiontravel.com.ar\/blog\/wp-content\/uploads\/2026\/03\/aerea-2.jpg\",\"contentUrl\":\"https:\/\/turismo.actiontravel.com.ar\/blog\/wp-content\/uploads\/2026\/03\/aerea-2.jpg\",\"width\":518,\"height\":336},{\"@type\":\"BreadcrumbList\",\"@id\":\"https:\/\/turismo.actiontravel.com.ar\/blog\/como-es-entre-arboles-el-nuevo-hotel-boutique-en-iguazu\/#breadcrumb\",\"itemListElement\":[{\"@type\":\"ListItem\",\"position\":1,\"name\":\"Portada\",\"item\":\"https:\/\/turismo.actiontravel.com.ar\/blog\/\"},{\"@type\":\"ListItem\",\"position\":2,\"name\":\"C\u00f3mo es \u201cEntre \u00c1rboles\u201d, el nuevo hotel boutique en Iguaz\u00fa\"}]},{\"@type\":\"WebSite\",\"@id\":\"https:\/\/turismo.actiontravel.com.ar\/blog\/#website\",\"url\":\"https:\/\/turismo.actiontravel.com.ar\/blog\/\",\"name\":\"Blog Turismo | AT\",\"description\":\"Conoce las ultimas novedades de Turismo\",\"publisher\":{\"@id\":\"https:\/\/turismo.actiontravel.com.ar\/blog\/#organization\"},\"potentialAction\":[{\"@type\":\"SearchAction\",\"target\":{\"@type\":\"EntryPoint\",\"urlTemplate\":\"https:\/\/turismo.actiontravel.com.ar\/blog\/?s={search_term_string}\"},\"query-input\":\"required name=search_term_string\"}],\"inLanguage\":\"es\"},{\"@type\":\"Organization\",\"@id\":\"https:\/\/turismo.actiontravel.com.ar\/blog\/#organization\",\"name\":\"Action Travel\",\"url\":\"https:\/\/turismo.actiontravel.com.ar\/blog\/\",\"logo\":{\"@type\":\"ImageObject\",\"inLanguage\":\"es\",\"@id\":\"https:\/\/turismo.actiontravel.com.ar\/blog\/#\/schema\/logo\/image\/\",\"url\":\"https:\/\/turismo.actiontravel.com.ar\/blog\/wp-content\/uploads\/2023\/06\/50-Turismo-blanco.png\",\"contentUrl\":\"https:\/\/turismo.actiontravel.com.ar\/blog\/wp-content\/uploads\/2023\/06\/50-Turismo-blanco.png\",\"width\":300,\"height\":52,\"caption\":\"Action Travel\"},\"image\":{\"@id\":\"https:\/\/turismo.actiontravel.com.ar\/blog\/#\/schema\/logo\/image\/\"},\"sameAs\":[\"https:\/\/www.facebook.com\/ActionTravelArgentina\/\"]},{\"@type\":\"Person\",\"@id\":\"https:\/\/turismo.actiontravel.com.ar\/blog\/#\/schema\/person\/66a23589ad368eaea5e84593f0afd07d\",\"name\":\"Soporte\",\"image\":{\"@type\":\"ImageObject\",\"inLanguage\":\"es\",\"@id\":\"https:\/\/turismo.actiontravel.com.ar\/blog\/#\/schema\/person\/image\/\",\"url\":\"https:\/\/secure.gravatar.com\/avatar\/7cbabdb8bf05d9cd87a2966ed90db23e?s=96&d=mm&r=g\",\"contentUrl\":\"https:\/\/secure.gravatar.com\/avatar\/7cbabdb8bf05d9cd87a2966ed90db23e?s=96&d=mm&r=g\",\"caption\":\"Soporte\"},\"url\":\"https:\/\/turismo.actiontravel.com.ar\/blog\/author\/soporte\/\"}]}<\/script>\n<!-- \/ Yoast SEO plugin. -->","yoast_head_json":{"title":"C\u00f3mo es \u201cEntre \u00c1rboles\u201d, el nuevo hotel boutique en Iguaz\u00fa - Blog Turismo | AT","robots":{"index":"index","follow":"follow","max-snippet":"max-snippet:-1","max-image-preview":"max-image-preview:large","max-video-preview":"max-video-preview:-1"},"canonical":"https:\/\/turismo.actiontravel.com.ar\/blog\/como-es-entre-arboles-el-nuevo-hotel-boutique-en-iguazu\/","og_locale":"es_ES","og_type":"article","og_title":"C\u00f3mo es \u201cEntre \u00c1rboles\u201d, el nuevo hotel boutique en Iguaz\u00fa - Blog Turismo | AT","og_description":"El establecimiento forma parte de Singular Collection by Am\u00e9rian. Abrir\u00e1 sus puertas el 15 de marzo en Puerto Iguaz\u00fa con...","og_url":"https:\/\/turismo.actiontravel.com.ar\/blog\/como-es-entre-arboles-el-nuevo-hotel-boutique-en-iguazu\/","og_site_name":"Blog Turismo | AT","article_publisher":"https:\/\/www.facebook.com\/ActionTravelArgentina\/","article_published_time":"2026-03-10T14:19:12+00:00","og_image":[{"width":518,"height":336,"url":"https:\/\/turismo.actiontravel.com.ar\/blog\/wp-content\/uploads\/2026\/03\/aerea-2.jpg","type":"image\/jpeg"}],"author":"Soporte","twitter_card":"summary_large_image","twitter_misc":{"Escrito por":"Soporte","Tiempo de lectura":"4 minutos"},"schema":{"@context":"https:\/\/schema.org","@graph":[{"@type":"Article","@id":"https:\/\/turismo.actiontravel.com.ar\/blog\/como-es-entre-arboles-el-nuevo-hotel-boutique-en-iguazu\/#article","isPartOf":{"@id":"https:\/\/turismo.actiontravel.com.ar\/blog\/como-es-entre-arboles-el-nuevo-hotel-boutique-en-iguazu\/"},"author":{"name":"Soporte","@id":"https:\/\/turismo.actiontravel.com.ar\/blog\/#\/schema\/person\/66a23589ad368eaea5e84593f0afd07d"},"headline":"C\u00f3mo es \u201cEntre \u00c1rboles\u201d, el nuevo hotel boutique en Iguaz\u00fa","datePublished":"2026-03-10T14:19:12+00:00","dateModified":"2026-03-10T14:19:12+00:00","mainEntityOfPage":{"@id":"https:\/\/turismo.actiontravel.com.ar\/blog\/como-es-entre-arboles-el-nuevo-hotel-boutique-en-iguazu\/"},"wordCount":543,"commentCount":0,"publisher":{"@id":"https:\/\/turismo.actiontravel.com.ar\/blog\/#organization"},"image":{"@id":"https:\/\/turismo.actiontravel.com.ar\/blog\/como-es-entre-arboles-el-nuevo-hotel-boutique-en-iguazu\/#primaryimage"},"thumbnailUrl":"https:\/\/turismo.actiontravel.com.ar\/blog\/wp-content\/uploads\/2026\/03\/aerea-2.jpg","keywords":["#ActionTravel","#ATTurismo","iguazu","Turismo","viajes"],"articleSection":["Argentina"],"inLanguage":"es","potentialAction":[{"@type":"CommentAction","name":"Comment","target":["https:\/\/turismo.actiontravel.com.ar\/blog\/como-es-entre-arboles-el-nuevo-hotel-boutique-en-iguazu\/#respond"]}]},{"@type":"WebPage","@id":"https:\/\/turismo.actiontravel.com.ar\/blog\/como-es-entre-arboles-el-nuevo-hotel-boutique-en-iguazu\/","url":"https:\/\/turismo.actiontravel.com.ar\/blog\/como-es-entre-arboles-el-nuevo-hotel-boutique-en-iguazu\/","name":"C\u00f3mo es \u201cEntre \u00c1rboles\u201d, el nuevo hotel boutique en Iguaz\u00fa - Blog Turismo | AT","isPartOf":{"@id":"https:\/\/turismo.actiontravel.com.ar\/blog\/#website"},"primaryImageOfPage":{"@id":"https:\/\/turismo.actiontravel.com.ar\/blog\/como-es-entre-arboles-el-nuevo-hotel-boutique-en-iguazu\/#primaryimage"},"image":{"@id":"https:\/\/turismo.actiontravel.com.ar\/blog\/como-es-entre-arboles-el-nuevo-hotel-boutique-en-iguazu\/#primaryimage"},"thumbnailUrl":"https:\/\/turismo.actiontravel.com.ar\/blog\/wp-content\/uploads\/2026\/03\/aerea-2.jpg","datePublished":"2026-03-10T14:19:12+00:00","dateModified":"2026-03-10T14:19:12+00:00","breadcrumb":{"@id":"https:\/\/turismo.actiontravel.com.ar\/blog\/como-es-entre-arboles-el-nuevo-hotel-boutique-en-iguazu\/#breadcrumb"},"inLanguage":"es","potentialAction":[{"@type":"ReadAction","target":["https:\/\/turismo.actiontravel.com.ar\/blog\/como-es-entre-arboles-el-nuevo-hotel-boutique-en-iguazu\/"]}]},{"@type":"ImageObject","inLanguage":"es","@id":"https:\/\/turismo.actiontravel.com.ar\/blog\/como-es-entre-arboles-el-nuevo-hotel-boutique-en-iguazu\/#primaryimage","url":"https:\/\/turismo.actiontravel.com.ar\/blog\/wp-content\/uploads\/2026\/03\/aerea-2.jpg","contentUrl":"https:\/\/turismo.actiontravel.com.ar\/blog\/wp-content\/uploads\/2026\/03\/aerea-2.jpg","width":518,"height":336},{"@type":"BreadcrumbList","@id":"https:\/\/turismo.actiontravel.com.ar\/blog\/como-es-entre-arboles-el-nuevo-hotel-boutique-en-iguazu\/#breadcrumb","itemListElement":[{"@type":"ListItem","position":1,"name":"Portada","item":"https:\/\/turismo.actiontravel.com.ar\/blog\/"},{"@type":"ListItem","position":2,"name":"C\u00f3mo es \u201cEntre \u00c1rboles\u201d, el nuevo hotel boutique en Iguaz\u00fa"}]},{"@type":"WebSite","@id":"https:\/\/turismo.actiontravel.com.ar\/blog\/#website","url":"https:\/\/turismo.actiontravel.com.ar\/blog\/","name":"Blog Turismo | AT","description":"Conoce las ultimas novedades de Turismo","publisher":{"@id":"https:\/\/turismo.actiontravel.com.ar\/blog\/#organization"},"potentialAction":[{"@type":"SearchAction","target":{"@type":"EntryPoint","urlTemplate":"https:\/\/turismo.actiontravel.com.ar\/blog\/?s={search_term_string}"},"query-input":"required name=search_term_string"}],"inLanguage":"es"},{"@type":"Organization","@id":"https:\/\/turismo.actiontravel.com.ar\/blog\/#organization","name":"Action Travel","url":"https:\/\/turismo.actiontravel.com.ar\/blog\/","logo":{"@type":"ImageObject","inLanguage":"es","@id":"https:\/\/turismo.actiontravel.com.ar\/blog\/#\/schema\/logo\/image\/","url":"https:\/\/turismo.actiontravel.com.ar\/blog\/wp-content\/uploads\/2023\/06\/50-Turismo-blanco.png","contentUrl":"https:\/\/turismo.actiontravel.com.ar\/blog\/wp-content\/uploads\/2023\/06\/50-Turismo-blanco.png","width":300,"height":52,"caption":"Action Travel"},"image":{"@id":"https:\/\/turismo.actiontravel.com.ar\/blog\/#\/schema\/logo\/image\/"},"sameAs":["https:\/\/www.facebook.com\/ActionTravelArgentina\/"]},{"@type":"Person","@id":"https:\/\/turismo.actiontravel.com.ar\/blog\/#\/schema\/person\/66a23589ad368eaea5e84593f0afd07d","name":"Soporte","image":{"@type":"ImageObject","inLanguage":"es","@id":"https:\/\/turismo.actiontravel.com.ar\/blog\/#\/schema\/person\/image\/","url":"https:\/\/secure.gravatar.com\/avatar\/7cbabdb8bf05d9cd87a2966ed90db23e?s=96&d=mm&r=g","contentUrl":"https:\/\/secure.gravatar.com\/avatar\/7cbabdb8bf05d9cd87a2966ed90db23e?s=96&d=mm&r=g","caption":"Soporte"},"url":"https:\/\/turismo.actiontravel.com.ar\/blog\/author\/soporte\/"}]}},"_links":{"self":[{"href":"https:\/\/turismo.actiontravel.com.ar\/blog\/wp-json\/wp\/v2\/posts\/5728"}],"collection":[{"href":"https:\/\/turismo.actiontravel.com.ar\/blog\/wp-json\/wp\/v2\/posts"}],"about":[{"href":"https:\/\/turismo.actiontravel.com.ar\/blog\/wp-json\/wp\/v2\/types\/post"}],"author":[{"embeddable":true,"href":"https:\/\/turismo.actiontravel.com.ar\/blog\/wp-json\/wp\/v2\/users\/11"}],"replies":[{"embeddable":true,"href":"https:\/\/turismo.actiontravel.com.ar\/blog\/wp-json\/wp\/v2\/comments?post=5728"}],"version-history":[{"count":1,"href":"https:\/\/turismo.actiontravel.com.ar\/blog\/wp-json\/wp\/v2\/posts\/5728\/revisions"}],"predecessor-version":[{"id":5730,"href":"https:\/\/turismo.actiontravel.com.ar\/blog\/wp-json\/wp\/v2\/posts\/5728\/revisions\/5730"}],"wp:featuredmedia":[{"embeddable":true,"href":"https:\/\/turismo.actiontravel.com.ar\/blog\/wp-json\/wp\/v2\/media\/5729"}],"wp:attachment":[{"href":"https:\/\/turismo.actiontravel.com.ar\/blog\/wp-json\/wp\/v2\/media?parent=5728"}],"wp:term":[{"taxonomy":"category","embeddable":true,"href":"https:\/\/turismo.actiontravel.com.ar\/blog\/wp-json\/wp\/v2\/categories?post=5728"},{"taxonomy":"post_tag","embeddable":true,"href":"https:\/\/turismo.actiontravel.com.ar\/blog\/wp-json\/wp\/v2\/tags?post=5728"}],"curies":[{"name":"wp","href":"https:\/\/api.w.org\/{rel}","templated":true}]}}