{"id":5731,"date":"2026-03-13T12:48:28","date_gmt":"2026-03-13T15:48:28","guid":{"rendered":"https:\/\/turismo.actiontravel.com.ar\/blog\/?p=5731"},"modified":"2026-03-13T12:48:28","modified_gmt":"2026-03-13T15:48:28","slug":"cual-es-el-vuelo-mas-largfo-del-mundo","status":"publish","type":"post","link":"https:\/\/turismo.actiontravel.com.ar\/blog\/cual-es-el-vuelo-mas-largfo-del-mundo\/","title":{"rendered":"\u00bfCual es el vuelo mas largfo del Mundo ?"},"content":{"rendered":"<p>La respuesta a este t\u00edtulo tiene una respuesta\u00a0 cierta y otra un poco tramposa. Porque no es lo mismo un vuelo \u00abdirecto\u00bb que uno \u00absin escalas\u00bb.<\/p>\n<p><img decoding=\"async\" src=\"https:\/\/media.viajando.travel\/p\/f7a2643a076be57d8f0cfc78214a41e5\/adjuntos\/236\/imagenes\/000\/872\/0000872374\/1200x0\/smart\/vuelos.png\" alt=\"Para ir de un punto A a un punto B no es lo mismo un vuelo directo que uno sin escalas\" \/><\/p>\n<p>POR : ALBERTO S\u00c1NCHEZ LAVALLE<br \/>\nRecientemente, medios period\u00edsticos de todas partes se refirieron a un supuesto hito aerocomercial al lanzar China Eastern una ruta de casi 20.000 kil\u00f3metros entre Shangh\u00e1i y Buenos Aires. \u201cEl vuelo m\u00e1s largo del mundo\u201d, se pudo leer en muchos titulares. Falso.<\/p>\n<p>\u00bfPor qu\u00e9 falso? Porque ese vuelo tiene una escala en Auckland, Nueva Zelanda, que tiene detalle mucho m\u00e1s que \u201ct\u00e9cnicos\u201d. El avi\u00f3n permanece en tierra cerca de dos horas para mucho m\u00e1s que cargar combustible: los pasajeros deben descender, hay derecho a tr\u00e1fico y la tripulaci\u00f3n (pilotos y personal de cabina) se renueva por completo.<br \/>\nEs s\u00ed, el \u201cvuelo directo\u201d m\u00e1s largo del mundo por una simple cuesti\u00f3n: mantiene el mismo n\u00famero (MU745 a la ida desde Shangh\u00e1i; MU746 al regreso desde Buenos Aires). Nada m\u00e1s que por eso.<\/p>\n<h5>\n<strong>China Eastern: un hito, a pesar de todo<\/strong><\/h5>\n<p><img decoding=\"async\" src=\"https:\/\/media.ambito.com\/p\/a60b739ef1e204d6174dd580cc177ac1\/adjuntos\/239\/imagenes\/042\/752\/0042752108\/china-eastern-airlines.jpg\" alt=\"El Gobierno autoriz\u00f3 a China Eastern Airlines a operar en el pa\u00eds y har\u00e1 el  vuelo comercial m\u00e1s largo del mundo\" \/><\/p>\n<p>La idea no es restarle m\u00e9rito a la iniciativa de la compa\u00f1\u00eda a\u00e9rea de China, s\u00f3lo aclarar que en el medio hay un recurso de marketing magn\u00edficamente aprovechado que hace confundir a mucha gente, profesionales de la industria inclusive.<br \/>\nNo es que el vuelo une Shangh\u00e1i con Buenos Aires sin detenerse. Es como tomar dos vuelos, nada m\u00e1s que con el mismo avi\u00f3n.<br \/>\nSin embargo, es innegable que se trata de una oportunidad \u00fanica para estrechar v\u00ednculos comerciales y tur\u00edsticos entre las tres naciones involucradas (China, Argentina y Nueva Zelanda).<br \/>\nAdem\u00e1s, China y Argentina nunca estuvieron unidas por un mismo vuelo. Y esta quinta libertad de los cielos devolvi\u00f3 una conexi\u00f3n entre Argentina y Nueva Zelanda perdida en 2020 con la suspensi\u00f3n de los servicios de<br \/>\nAir New Zealand, en 2020.<br \/>\nEl vuelo de China Eastern que nos ocupa opera dos veces por semana con aviones Boeing B-777\/300ER con capacidad para 326 pasajeros (6 en First, 52 en Business y 258 en Economy). Son, en total, 29 horas de punta a punta para el bloque de mayor duraci\u00f3n (el regreso desde Argentina).<\/p>\n<h5>\n<strong>El Top 3 de los vuelos m\u00e1s largos del mundo<\/strong><\/h5>\n<p><img loading=\"lazy\" decoding=\"async\" class=\"alignleft\" src=\"https:\/\/resizer.glanacion.com\/resizer\/v2\/el-vuelo-mas-largo-del-mundo-une-nueva-york-jfk-JPDA45V53FEFTDM43F7YW672HA.jpg?auth=690b2612b4898d81e7eda52a01fd85027af137fad951a389264a8d4d3412e404&amp;width=420&amp;height=280&amp;quality=70&amp;smart=true\" alt=\"El vuelo m\u00e1s largo del mundo une Nueva York (JFK) con Singapur (SIN) sin escalas\" width=\"489\" height=\"330\" \/><br \/>\nAhora es momento de responder a la pregunta del t\u00edtulo: <strong>\u00bfcu\u00e1l es el vuelo comercial m\u00e1s largo del mundo?<\/strong><br \/>\nEl galard\u00f3n le pertenece a <strong>Singapore Airlines<\/strong>, que une los 15.332 km. que separan a <strong>Singapur con Nueva York<\/strong> (JFK) en un Airbus A350-900 cpm una duraci\u00f3n media de <strong>18:40 horas<\/strong>.<\/p>\n<p><img decoding=\"async\" src=\"https:\/\/s28477.pcdn.co\/wp-content\/uploads\/2023\/06\/SIA_2023_Crew.jpg\" alt=\"Singapore Airlines is the World's Best Airline at 2023 World Airline Awards\" \/><br \/>\nPara esta agotadora traves\u00eda, la aerol\u00ednea asi\u00e1tica dispone de aviones con una configuraci\u00f3n especial, para tan s\u00f3lo 161 pasajeros entre Business y Economy Premium, muy diferente a los 303 asientos que el mismo avi\u00f3n de Singapore para tramos de media distancia.<br \/>\nEl Top 3 de este ranking se completa con otro vuelo muy similar de la misma aerol\u00ednea, en este caso uniendo Singapur con Newark (Nueva York), de unos pocos minutos de menor duraci\u00f3n; y la ruta Auckland Doha, a cargo de Qatar Airways, cuyos Boeing B-777\/200 la cubren en un tiempo promedio de 17:16 horas.<\/p>\n<p><strong><span class=\"BZ_Pyq_fadeIn\">Al <\/span><span class=\"BZ_Pyq_fadeIn\">final, <\/span><span class=\"BZ_Pyq_fadeIn\">lo <\/span><span class=\"BZ_Pyq_fadeIn\">m\u00e1s <\/span><span class=\"BZ_Pyq_fadeIn\">incre\u00edble <\/span><span class=\"BZ_Pyq_fadeIn\">no <\/span><span class=\"BZ_Pyq_fadeIn\">es <\/span><span class=\"BZ_Pyq_fadeIn\">la <\/span><span class=\"BZ_Pyq_fadeIn\">cantidad <\/span><span class=\"BZ_Pyq_fadeIn\">de <\/span><span class=\"BZ_Pyq_fadeIn\">horas <\/span><span class=\"BZ_Pyq_fadeIn\">en <\/span><span class=\"BZ_Pyq_fadeIn\">el <\/span><span class=\"BZ_Pyq_fadeIn\">aire\u2026 <\/span><span class=\"BZ_Pyq_fadeIn\">sino <\/span><span class=\"BZ_Pyq_fadeIn\">todo <\/span><span class=\"BZ_Pyq_fadeIn\">lo <\/span><span class=\"BZ_Pyq_fadeIn\">que <\/span><span class=\"BZ_Pyq_fadeIn\">te <\/span><span class=\"BZ_Pyq_fadeIn\">espera <\/span><span class=\"BZ_Pyq_fadeIn\">cuando <\/span><span class=\"BZ_Pyq_fadeIn\">aterriz\u00e1s<\/span><\/strong><\/p>\n","protected":false},"excerpt":{"rendered":"<p class=\"post-excerpt\">La respuesta a este t\u00edtulo tiene una respuesta\u00a0 cierta y otra un poco tramposa. Porque no es lo mismo un&#8230;<\/p>\n","protected":false},"author":11,"featured_media":5732,"comment_status":"open","ping_status":"open","sticky":false,"template":"","format":"standard","meta":{"_acf_changed":false,"footnotes":""},"categories":[66],"tags":[275,274,137,452],"acf":[],"yoast_head":"<!-- This site is optimized with the Yoast SEO plugin v22.7 - https:\/\/yoast.com\/wordpress\/plugins\/seo\/ -->\n<title>\u00bfCual es el vuelo mas largfo del Mundo ? - Blog Turismo | AT<\/title>\n<meta name=\"robots\" content=\"index, follow, max-snippet:-1, max-image-preview:large, max-video-preview:-1\" \/>\n<link rel=\"canonical\" href=\"https:\/\/turismo.actiontravel.com.ar\/blog\/cual-es-el-vuelo-mas-largfo-del-mundo\/\" \/>\n<meta property=\"og:locale\" content=\"es_ES\" \/>\n<meta property=\"og:type\" content=\"article\" \/>\n<meta property=\"og:title\" content=\"\u00bfCual es el vuelo mas largfo del Mundo ? - Blog Turismo | AT\" \/>\n<meta property=\"og:description\" content=\"La respuesta a este t\u00edtulo tiene una respuesta\u00a0 cierta y otra un poco tramposa. Porque no es lo mismo un...\" \/>\n<meta property=\"og:url\" content=\"https:\/\/turismo.actiontravel.com.ar\/blog\/cual-es-el-vuelo-mas-largfo-del-mundo\/\" \/>\n<meta property=\"og:site_name\" content=\"Blog Turismo | AT\" \/>\n<meta property=\"article:publisher\" content=\"https:\/\/www.facebook.com\/ActionTravelArgentina\/\" \/>\n<meta property=\"article:published_time\" content=\"2026-03-13T15:48:28+00:00\" \/>\n<meta property=\"og:image\" content=\"https:\/\/turismo.actiontravel.com.ar\/blog\/wp-content\/uploads\/2026\/03\/el-airbus-a350-900-cuenta-161-plazas-de-primera-G3LSEKQVOFCOBAK3MICZNF722Y.jpg\" \/>\n\t<meta property=\"og:image:width\" content=\"768\" \/>\n\t<meta property=\"og:image:height\" content=\"512\" \/>\n\t<meta property=\"og:image:type\" content=\"image\/jpeg\" \/>\n<meta name=\"author\" content=\"Soporte\" \/>\n<meta name=\"twitter:card\" content=\"summary_large_image\" \/>\n<meta name=\"twitter:label1\" content=\"Escrito por\" \/>\n\t<meta name=\"twitter:data1\" content=\"Soporte\" \/>\n\t<meta name=\"twitter:label2\" content=\"Tiempo de lectura\" \/>\n\t<meta name=\"twitter:data2\" content=\"4 minutos\" \/>\n<script type=\"application\/ld+json\" class=\"yoast-schema-graph\">{\"@context\":\"https:\/\/schema.org\",\"@graph\":[{\"@type\":\"Article\",\"@id\":\"https:\/\/turismo.actiontravel.com.ar\/blog\/cual-es-el-vuelo-mas-largfo-del-mundo\/#article\",\"isPartOf\":{\"@id\":\"https:\/\/turismo.actiontravel.com.ar\/blog\/cual-es-el-vuelo-mas-largfo-del-mundo\/\"},\"author\":{\"name\":\"Soporte\",\"@id\":\"https:\/\/turismo.actiontravel.com.ar\/blog\/#\/schema\/person\/66a23589ad368eaea5e84593f0afd07d\"},\"headline\":\"\u00bfCual es el vuelo mas largfo del Mundo ?\",\"datePublished\":\"2026-03-13T15:48:28+00:00\",\"dateModified\":\"2026-03-13T15:48:28+00:00\",\"mainEntityOfPage\":{\"@id\":\"https:\/\/turismo.actiontravel.com.ar\/blog\/cual-es-el-vuelo-mas-largfo-del-mundo\/\"},\"wordCount\":571,\"commentCount\":0,\"publisher\":{\"@id\":\"https:\/\/turismo.actiontravel.com.ar\/blog\/#organization\"},\"image\":{\"@id\":\"https:\/\/turismo.actiontravel.com.ar\/blog\/cual-es-el-vuelo-mas-largfo-del-mundo\/#primaryimage\"},\"thumbnailUrl\":\"https:\/\/turismo.actiontravel.com.ar\/blog\/wp-content\/uploads\/2026\/03\/el-airbus-a350-900-cuenta-161-plazas-de-primera-G3LSEKQVOFCOBAK3MICZNF722Y.jpg\",\"keywords\":[\"#ActionTravel\",\"#ATTurismo\",\"Turismo\",\"vuelo mas largo del mundo\"],\"articleSection\":[\"Sabias que ?\"],\"inLanguage\":\"es\",\"potentialAction\":[{\"@type\":\"CommentAction\",\"name\":\"Comment\",\"target\":[\"https:\/\/turismo.actiontravel.com.ar\/blog\/cual-es-el-vuelo-mas-largfo-del-mundo\/#respond\"]}]},{\"@type\":\"WebPage\",\"@id\":\"https:\/\/turismo.actiontravel.com.ar\/blog\/cual-es-el-vuelo-mas-largfo-del-mundo\/\",\"url\":\"https:\/\/turismo.actiontravel.com.ar\/blog\/cual-es-el-vuelo-mas-largfo-del-mundo\/\",\"name\":\"\u00bfCual es el vuelo mas largfo del Mundo ? - Blog Turismo | AT\",\"isPartOf\":{\"@id\":\"https:\/\/turismo.actiontravel.com.ar\/blog\/#website\"},\"primaryImageOfPage\":{\"@id\":\"https:\/\/turismo.actiontravel.com.ar\/blog\/cual-es-el-vuelo-mas-largfo-del-mundo\/#primaryimage\"},\"image\":{\"@id\":\"https:\/\/turismo.actiontravel.com.ar\/blog\/cual-es-el-vuelo-mas-largfo-del-mundo\/#primaryimage\"},\"thumbnailUrl\":\"https:\/\/turismo.actiontravel.com.ar\/blog\/wp-content\/uploads\/2026\/03\/el-airbus-a350-900-cuenta-161-plazas-de-primera-G3LSEKQVOFCOBAK3MICZNF722Y.jpg\",\"datePublished\":\"2026-03-13T15:48:28+00:00\",\"dateModified\":\"2026-03-13T15:48:28+00:00\",\"breadcrumb\":{\"@id\":\"https:\/\/turismo.actiontravel.com.ar\/blog\/cual-es-el-vuelo-mas-largfo-del-mundo\/#breadcrumb\"},\"inLanguage\":\"es\",\"potentialAction\":[{\"@type\":\"ReadAction\",\"target\":[\"https:\/\/turismo.actiontravel.com.ar\/blog\/cual-es-el-vuelo-mas-largfo-del-mundo\/\"]}]},{\"@type\":\"ImageObject\",\"inLanguage\":\"es\",\"@id\":\"https:\/\/turismo.actiontravel.com.ar\/blog\/cual-es-el-vuelo-mas-largfo-del-mundo\/#primaryimage\",\"url\":\"https:\/\/turismo.actiontravel.com.ar\/blog\/wp-content\/uploads\/2026\/03\/el-airbus-a350-900-cuenta-161-plazas-de-primera-G3LSEKQVOFCOBAK3MICZNF722Y.jpg\",\"contentUrl\":\"https:\/\/turismo.actiontravel.com.ar\/blog\/wp-content\/uploads\/2026\/03\/el-airbus-a350-900-cuenta-161-plazas-de-primera-G3LSEKQVOFCOBAK3MICZNF722Y.jpg\",\"width\":768,\"height\":512},{\"@type\":\"BreadcrumbList\",\"@id\":\"https:\/\/turismo.actiontravel.com.ar\/blog\/cual-es-el-vuelo-mas-largfo-del-mundo\/#breadcrumb\",\"itemListElement\":[{\"@type\":\"ListItem\",\"position\":1,\"name\":\"Portada\",\"item\":\"https:\/\/turismo.actiontravel.com.ar\/blog\/\"},{\"@type\":\"ListItem\",\"position\":2,\"name\":\"\u00bfCual es el vuelo mas largfo del Mundo ?\"}]},{\"@type\":\"WebSite\",\"@id\":\"https:\/\/turismo.actiontravel.com.ar\/blog\/#website\",\"url\":\"https:\/\/turismo.actiontravel.com.ar\/blog\/\",\"name\":\"Blog Turismo | AT\",\"description\":\"Conoce las ultimas novedades de Turismo\",\"publisher\":{\"@id\":\"https:\/\/turismo.actiontravel.com.ar\/blog\/#organization\"},\"potentialAction\":[{\"@type\":\"SearchAction\",\"target\":{\"@type\":\"EntryPoint\",\"urlTemplate\":\"https:\/\/turismo.actiontravel.com.ar\/blog\/?s={search_term_string}\"},\"query-input\":\"required name=search_term_string\"}],\"inLanguage\":\"es\"},{\"@type\":\"Organization\",\"@id\":\"https:\/\/turismo.actiontravel.com.ar\/blog\/#organization\",\"name\":\"Action Travel\",\"url\":\"https:\/\/turismo.actiontravel.com.ar\/blog\/\",\"logo\":{\"@type\":\"ImageObject\",\"inLanguage\":\"es\",\"@id\":\"https:\/\/turismo.actiontravel.com.ar\/blog\/#\/schema\/logo\/image\/\",\"url\":\"https:\/\/turismo.actiontravel.com.ar\/blog\/wp-content\/uploads\/2023\/06\/50-Turismo-blanco.png\",\"contentUrl\":\"https:\/\/turismo.actiontravel.com.ar\/blog\/wp-content\/uploads\/2023\/06\/50-Turismo-blanco.png\",\"width\":300,\"height\":52,\"caption\":\"Action Travel\"},\"image\":{\"@id\":\"https:\/\/turismo.actiontravel.com.ar\/blog\/#\/schema\/logo\/image\/\"},\"sameAs\":[\"https:\/\/www.facebook.com\/ActionTravelArgentina\/\"]},{\"@type\":\"Person\",\"@id\":\"https:\/\/turismo.actiontravel.com.ar\/blog\/#\/schema\/person\/66a23589ad368eaea5e84593f0afd07d\",\"name\":\"Soporte\",\"image\":{\"@type\":\"ImageObject\",\"inLanguage\":\"es\",\"@id\":\"https:\/\/turismo.actiontravel.com.ar\/blog\/#\/schema\/person\/image\/\",\"url\":\"https:\/\/secure.gravatar.com\/avatar\/7cbabdb8bf05d9cd87a2966ed90db23e?s=96&d=mm&r=g\",\"contentUrl\":\"https:\/\/secure.gravatar.com\/avatar\/7cbabdb8bf05d9cd87a2966ed90db23e?s=96&d=mm&r=g\",\"caption\":\"Soporte\"},\"url\":\"https:\/\/turismo.actiontravel.com.ar\/blog\/author\/soporte\/\"}]}<\/script>\n<!-- \/ Yoast SEO plugin. -->","yoast_head_json":{"title":"\u00bfCual es el vuelo mas largfo del Mundo ? - Blog Turismo | AT","robots":{"index":"index","follow":"follow","max-snippet":"max-snippet:-1","max-image-preview":"max-image-preview:large","max-video-preview":"max-video-preview:-1"},"canonical":"https:\/\/turismo.actiontravel.com.ar\/blog\/cual-es-el-vuelo-mas-largfo-del-mundo\/","og_locale":"es_ES","og_type":"article","og_title":"\u00bfCual es el vuelo mas largfo del Mundo ? - Blog Turismo | AT","og_description":"La respuesta a este t\u00edtulo tiene una respuesta\u00a0 cierta y otra un poco tramposa. Porque no es lo mismo un...","og_url":"https:\/\/turismo.actiontravel.com.ar\/blog\/cual-es-el-vuelo-mas-largfo-del-mundo\/","og_site_name":"Blog Turismo | AT","article_publisher":"https:\/\/www.facebook.com\/ActionTravelArgentina\/","article_published_time":"2026-03-13T15:48:28+00:00","og_image":[{"width":768,"height":512,"url":"https:\/\/turismo.actiontravel.com.ar\/blog\/wp-content\/uploads\/2026\/03\/el-airbus-a350-900-cuenta-161-plazas-de-primera-G3LSEKQVOFCOBAK3MICZNF722Y.jpg","type":"image\/jpeg"}],"author":"Soporte","twitter_card":"summary_large_image","twitter_misc":{"Escrito por":"Soporte","Tiempo de lectura":"4 minutos"},"schema":{"@context":"https:\/\/schema.org","@graph":[{"@type":"Article","@id":"https:\/\/turismo.actiontravel.com.ar\/blog\/cual-es-el-vuelo-mas-largfo-del-mundo\/#article","isPartOf":{"@id":"https:\/\/turismo.actiontravel.com.ar\/blog\/cual-es-el-vuelo-mas-largfo-del-mundo\/"},"author":{"name":"Soporte","@id":"https:\/\/turismo.actiontravel.com.ar\/blog\/#\/schema\/person\/66a23589ad368eaea5e84593f0afd07d"},"headline":"\u00bfCual es el vuelo mas largfo del Mundo ?","datePublished":"2026-03-13T15:48:28+00:00","dateModified":"2026-03-13T15:48:28+00:00","mainEntityOfPage":{"@id":"https:\/\/turismo.actiontravel.com.ar\/blog\/cual-es-el-vuelo-mas-largfo-del-mundo\/"},"wordCount":571,"commentCount":0,"publisher":{"@id":"https:\/\/turismo.actiontravel.com.ar\/blog\/#organization"},"image":{"@id":"https:\/\/turismo.actiontravel.com.ar\/blog\/cual-es-el-vuelo-mas-largfo-del-mundo\/#primaryimage"},"thumbnailUrl":"https:\/\/turismo.actiontravel.com.ar\/blog\/wp-content\/uploads\/2026\/03\/el-airbus-a350-900-cuenta-161-plazas-de-primera-G3LSEKQVOFCOBAK3MICZNF722Y.jpg","keywords":["#ActionTravel","#ATTurismo","Turismo","vuelo mas largo del mundo"],"articleSection":["Sabias que ?"],"inLanguage":"es","potentialAction":[{"@type":"CommentAction","name":"Comment","target":["https:\/\/turismo.actiontravel.com.ar\/blog\/cual-es-el-vuelo-mas-largfo-del-mundo\/#respond"]}]},{"@type":"WebPage","@id":"https:\/\/turismo.actiontravel.com.ar\/blog\/cual-es-el-vuelo-mas-largfo-del-mundo\/","url":"https:\/\/turismo.actiontravel.com.ar\/blog\/cual-es-el-vuelo-mas-largfo-del-mundo\/","name":"\u00bfCual es el vuelo mas largfo del Mundo ? - Blog Turismo | AT","isPartOf":{"@id":"https:\/\/turismo.actiontravel.com.ar\/blog\/#website"},"primaryImageOfPage":{"@id":"https:\/\/turismo.actiontravel.com.ar\/blog\/cual-es-el-vuelo-mas-largfo-del-mundo\/#primaryimage"},"image":{"@id":"https:\/\/turismo.actiontravel.com.ar\/blog\/cual-es-el-vuelo-mas-largfo-del-mundo\/#primaryimage"},"thumbnailUrl":"https:\/\/turismo.actiontravel.com.ar\/blog\/wp-content\/uploads\/2026\/03\/el-airbus-a350-900-cuenta-161-plazas-de-primera-G3LSEKQVOFCOBAK3MICZNF722Y.jpg","datePublished":"2026-03-13T15:48:28+00:00","dateModified":"2026-03-13T15:48:28+00:00","breadcrumb":{"@id":"https:\/\/turismo.actiontravel.com.ar\/blog\/cual-es-el-vuelo-mas-largfo-del-mundo\/#breadcrumb"},"inLanguage":"es","potentialAction":[{"@type":"ReadAction","target":["https:\/\/turismo.actiontravel.com.ar\/blog\/cual-es-el-vuelo-mas-largfo-del-mundo\/"]}]},{"@type":"ImageObject","inLanguage":"es","@id":"https:\/\/turismo.actiontravel.com.ar\/blog\/cual-es-el-vuelo-mas-largfo-del-mundo\/#primaryimage","url":"https:\/\/turismo.actiontravel.com.ar\/blog\/wp-content\/uploads\/2026\/03\/el-airbus-a350-900-cuenta-161-plazas-de-primera-G3LSEKQVOFCOBAK3MICZNF722Y.jpg","contentUrl":"https:\/\/turismo.actiontravel.com.ar\/blog\/wp-content\/uploads\/2026\/03\/el-airbus-a350-900-cuenta-161-plazas-de-primera-G3LSEKQVOFCOBAK3MICZNF722Y.jpg","width":768,"height":512},{"@type":"BreadcrumbList","@id":"https:\/\/turismo.actiontravel.com.ar\/blog\/cual-es-el-vuelo-mas-largfo-del-mundo\/#breadcrumb","itemListElement":[{"@type":"ListItem","position":1,"name":"Portada","item":"https:\/\/turismo.actiontravel.com.ar\/blog\/"},{"@type":"ListItem","position":2,"name":"\u00bfCual es el vuelo mas largfo del Mundo ?"}]},{"@type":"WebSite","@id":"https:\/\/turismo.actiontravel.com.ar\/blog\/#website","url":"https:\/\/turismo.actiontravel.com.ar\/blog\/","name":"Blog Turismo | AT","description":"Conoce las ultimas novedades de Turismo","publisher":{"@id":"https:\/\/turismo.actiontravel.com.ar\/blog\/#organization"},"potentialAction":[{"@type":"SearchAction","target":{"@type":"EntryPoint","urlTemplate":"https:\/\/turismo.actiontravel.com.ar\/blog\/?s={search_term_string}"},"query-input":"required name=search_term_string"}],"inLanguage":"es"},{"@type":"Organization","@id":"https:\/\/turismo.actiontravel.com.ar\/blog\/#organization","name":"Action Travel","url":"https:\/\/turismo.actiontravel.com.ar\/blog\/","logo":{"@type":"ImageObject","inLanguage":"es","@id":"https:\/\/turismo.actiontravel.com.ar\/blog\/#\/schema\/logo\/image\/","url":"https:\/\/turismo.actiontravel.com.ar\/blog\/wp-content\/uploads\/2023\/06\/50-Turismo-blanco.png","contentUrl":"https:\/\/turismo.actiontravel.com.ar\/blog\/wp-content\/uploads\/2023\/06\/50-Turismo-blanco.png","width":300,"height":52,"caption":"Action Travel"},"image":{"@id":"https:\/\/turismo.actiontravel.com.ar\/blog\/#\/schema\/logo\/image\/"},"sameAs":["https:\/\/www.facebook.com\/ActionTravelArgentina\/"]},{"@type":"Person","@id":"https:\/\/turismo.actiontravel.com.ar\/blog\/#\/schema\/person\/66a23589ad368eaea5e84593f0afd07d","name":"Soporte","image":{"@type":"ImageObject","inLanguage":"es","@id":"https:\/\/turismo.actiontravel.com.ar\/blog\/#\/schema\/person\/image\/","url":"https:\/\/secure.gravatar.com\/avatar\/7cbabdb8bf05d9cd87a2966ed90db23e?s=96&d=mm&r=g","contentUrl":"https:\/\/secure.gravatar.com\/avatar\/7cbabdb8bf05d9cd87a2966ed90db23e?s=96&d=mm&r=g","caption":"Soporte"},"url":"https:\/\/turismo.actiontravel.com.ar\/blog\/author\/soporte\/"}]}},"_links":{"self":[{"href":"https:\/\/turismo.actiontravel.com.ar\/blog\/wp-json\/wp\/v2\/posts\/5731"}],"collection":[{"href":"https:\/\/turismo.actiontravel.com.ar\/blog\/wp-json\/wp\/v2\/posts"}],"about":[{"href":"https:\/\/turismo.actiontravel.com.ar\/blog\/wp-json\/wp\/v2\/types\/post"}],"author":[{"embeddable":true,"href":"https:\/\/turismo.actiontravel.com.ar\/blog\/wp-json\/wp\/v2\/users\/11"}],"replies":[{"embeddable":true,"href":"https:\/\/turismo.actiontravel.com.ar\/blog\/wp-json\/wp\/v2\/comments?post=5731"}],"version-history":[{"count":1,"href":"https:\/\/turismo.actiontravel.com.ar\/blog\/wp-json\/wp\/v2\/posts\/5731\/revisions"}],"predecessor-version":[{"id":5733,"href":"https:\/\/turismo.actiontravel.com.ar\/blog\/wp-json\/wp\/v2\/posts\/5731\/revisions\/5733"}],"wp:featuredmedia":[{"embeddable":true,"href":"https:\/\/turismo.actiontravel.com.ar\/blog\/wp-json\/wp\/v2\/media\/5732"}],"wp:attachment":[{"href":"https:\/\/turismo.actiontravel.com.ar\/blog\/wp-json\/wp\/v2\/media?parent=5731"}],"wp:term":[{"taxonomy":"category","embeddable":true,"href":"https:\/\/turismo.actiontravel.com.ar\/blog\/wp-json\/wp\/v2\/categories?post=5731"},{"taxonomy":"post_tag","embeddable":true,"href":"https:\/\/turismo.actiontravel.com.ar\/blog\/wp-json\/wp\/v2\/tags?post=5731"}],"curies":[{"name":"wp","href":"https:\/\/api.w.org\/{rel}","templated":true}]}}